{"id":567324,"date":"2025-11-29T19:54:23","date_gmt":"2025-11-29T19:54:23","guid":{"rendered":"https:\/\/www.europesays.com\/fr\/567324\/"},"modified":"2025-11-29T19:54:23","modified_gmt":"2025-11-29T19:54:23","slug":"ligue-1-ol-nantes-mangala-et-hateboer-de-retour-mata-et-kluivert-pas-encore","status":"publish","type":"post","link":"https:\/\/www.europesays.com\/fr\/567324\/","title":{"rendered":"Ligue 1. OL &#8211; Nantes\u00a0: Mangala et Hateboer de retour, Mata et Kluivert pas encore"},"content":{"rendered":"<p>C\u2019est la bonne nouvelle du jour du c\u00f4t\u00e9 de l\u2019OL, le milieu de terrain belge <a href=\"https:\/\/www.leprogres.fr\/p\/orel-mangala\" target=\"_blank\" rel=\"noopener\">Orel Mangala<\/a> a \u00e9t\u00e9 jug\u00e9 op\u00e9rationnel pour faire son grand retour dans le groupe, \u00e0 l\u2019occasion du match OL &#8211; Nantes. Plus de neuf mois apr\u00e8s une rupture du ligament crois\u00e9 ant\u00e9rieur du genou gauche, durant son pr\u00eat \u00e0 Everton (le 18\u00a0f\u00e9vrier), a vu le bout du tunnel.<\/p>\n<p>\u00ab\u00a0Il peut nous apporter son exp\u00e9rience, c\u2019est un joueur qui joue bien sous pression, qui prend de bonnes d\u00e9cisions, avec beaucoup de mobilit\u00e9. On verra si on peut commencer \u00e0 le faire jouer\u00a0\u00bb a expliqu\u00e9 <a href=\"https:\/\/www.leprogres.fr\/p\/paulo-fonseca\" target=\"_blank\" rel=\"noopener\">Paulo Fonseca<\/a>, qui pourrait le faire entrer en jeu quelques minutes.<\/p>\n<p>Un autre joueur fera son retour pour renforcer le secteur d\u00e9fensif, <a href=\"https:\/\/www.leprogres.fr\/p\/hans-hateboer\" target=\"_blank\" rel=\"noopener\">Hans Hateboer<\/a>, qui a purg\u00e9 ses deux matches de suspension apr\u00e8s son exclusion \u00e0 Brest. En revanche, <a href=\"https:\/\/www.leprogres.fr\/p\/clinton-mata-footballeur-angolais\" target=\"_blank\" rel=\"noopener\">Clinton Mata<\/a> (ischio) et <a href=\"https:\/\/www.leprogres.fr\/p\/ruben-kluivert\" target=\"_blank\" rel=\"noopener\">Ruben Kluivert<\/a> (cheville) ne sont pas encore pr\u00eats ajoute l\u2019entra\u00eeneur. Ils devraient l\u2019\u00eatre la semaine prochaine.<\/p>\n<p>Deux autres joueurs, bless\u00e9s de plus longue date, font aussi d\u00e9faut, Malick Fofana et Ernest Nuamah, dont le retour est attendu fin janvier.<\/p>\n<p><strong>Le groupe lyonnais\u00a0: <\/strong> Greif, Descamps, Diarra &#8211; Maitland-Niles, Niakhat\u00e9, Hateboer, Tagliafico, <a href=\"https:\/\/www.leprogres.fr\/p\/abner-vinicius\" target=\"_blank\" rel=\"noopener\">Abner<\/a>, Barisic, Tessmann, Morton, De Carvalho, Tolisso, Merah, Mangala, Sulc, Karabec, Satriano, Moreira, Rodriguez, Hamdani.<\/p>\n","protected":false},"excerpt":{"rendered":"C\u2019est la bonne nouvelle du jour du c\u00f4t\u00e9 de l\u2019OL, le milieu de terrain belge Orel Mangala a&hellip;\n","protected":false},"author":2,"featured_media":567325,"comment_status":"","ping_status":"","sticky":false,"template":"","format":"standard","meta":{"footnotes":""},"categories":[2818],"tags":[1111,11,2757,1777,674,63,1011,27,2428,2756,766,12,2755,2636,25,517],"class_list":{"0":"post-567324","1":"post","2":"type-post","3":"status-publish","4":"format-standard","5":"has-post-thumbnail","7":"category-nantes","8":"tag-actu","9":"tag-actualites","10":"tag-edition-lyon-villeurbanne","11":"tag-eu","12":"tag-europe","13":"tag-football","14":"tag-fr","15":"tag-france","16":"tag-lyon","17":"tag-lyon-bassin","18":"tag-nantes","19":"tag-news","20":"tag-ol-olympique-lyonnais-football","21":"tag-pays-de-la-loire","22":"tag-republique-francaise","23":"tag-sport"},"share_on_mastodon":{"url":"https:\/\/pubeurope.com\/@fr\/115634743867952268","error":""},"_links":{"self":[{"href":"https:\/\/www.europesays.com\/fr\/wp-json\/wp\/v2\/posts\/567324","targetHints":{"allow":["GET"]}}],"collection":[{"href":"https:\/\/www.europesays.com\/fr\/wp-json\/wp\/v2\/posts"}],"about":[{"href":"https:\/\/www.europesays.com\/fr\/wp-json\/wp\/v2\/types\/post"}],"author":[{"embeddable":true,"href":"https:\/\/www.europesays.com\/fr\/wp-json\/wp\/v2\/users\/2"}],"replies":[{"embeddable":true,"href":"https:\/\/www.europesays.com\/fr\/wp-json\/wp\/v2\/comments?post=567324"}],"version-history":[{"count":0,"href":"https:\/\/www.europesays.com\/fr\/wp-json\/wp\/v2\/posts\/567324\/revisions"}],"wp:featuredmedia":[{"embeddable":true,"href":"https:\/\/www.europesays.com\/fr\/wp-json\/wp\/v2\/media\/567325"}],"wp:attachment":[{"href":"https:\/\/www.europesays.com\/fr\/wp-json\/wp\/v2\/media?parent=567324"}],"wp:term":[{"taxonomy":"category","embeddable":true,"href":"https:\/\/www.europesays.com\/fr\/wp-json\/wp\/v2\/categories?post=567324"},{"taxonomy":"post_tag","embeddable":true,"href":"https:\/\/www.europesays.com\/fr\/wp-json\/wp\/v2\/tags?post=567324"}],"curies":[{"name":"wp","href":"https:\/\/api.w.org\/{rel}","templated":true}]}}