{"id":567335,"date":"2025-11-29T20:03:16","date_gmt":"2025-11-29T20:03:16","guid":{"rendered":"https:\/\/www.europesays.com\/fr\/567335\/"},"modified":"2025-11-29T20:03:16","modified_gmt":"2025-11-29T20:03:16","slug":"graya-rappeur-de-la-castellane-revient-pour-une-vengeance-personnelle","status":"publish","type":"post","link":"https:\/\/www.europesays.com\/fr\/567335\/","title":{"rendered":"Graya, rappeur de La Castellane, revient pour une \u00ab\u00a0Vengeance personnelle\u00a0\u00bb"},"content":{"rendered":"<p>Le rap, Graya le conna\u00eet bien. Le trentenaire, fort de quatre albums &#8211; dont un gratuit &#8211; et de nombreux singles, est actif depuis le d\u00e9but des ann\u00e9es\u00a02010.<\/p>\n<p>Son th\u00e8me de pr\u00e9dilection\u00a0? <a href=\"https:\/\/www.laprovence.com\/article\/region\/5106587442329614\/stationnement-bruits-terrasses-animations-la-saison-estivale-fait-debat-entre-elus-et-commercants-a-castellane\" target=\"_blank\" rel=\"noopener\">Son quartier, nich\u00e9 dans les hauteurs de Marseille<\/a>, qui compte environ 4\u00a0000 habitants. M\u00eame si cette cit\u00e9 tra\u00eene la triste r\u00e9putation d\u2019\u00eatre en proie aux trafics de drogue depuis de nombreuses ann\u00e9es, La Castellane est aussi un <a href=\"https:\/\/www.laprovence.com\/article\/culture-loisirs\/13496843176023\/le-rap-de-h-jeunecrack-programme-dans-le-off-de-marsatac-a-marseille\" target=\"_blank\" rel=\"noopener\">lieu d\u2019\u00e9change et de partage<\/a> que le rappeur souhaite mettre en avant.<\/p>\n<p>\u00ab\u00a0C\u2019est un quartier que<a href=\"https:\/\/www.laprovence.com\/article\/mer\/5079232\/ces-festivals-de-secteurs-qui-attirent-toute-la-ville.html\" target=\"_blank\" rel=\"noopener\"> j\u2019ai vu \u00e9voluer et qui m\u2019a vu \u00e9voluer<\/a>. Il y a des gens qui se l\u00e8vent et qui vont travailler tous les jours \u00e0 La Castellane. Eux (les m\u00e9dias) pr\u00e9f\u00e8rent montrer que <a href=\"https:\/\/www.laprovence.com\/article\/societe\/8716073132787714\/consommateurs-de-drogues-loperation-de-la-discorde-a-marseille\" target=\"_blank\" rel=\"noopener\">les dealers de drogue<\/a>\u00ab\u00a0, d\u00e9plore le rappeur.<\/p>\n<p>Malgr\u00e9 tout, Graya reconna\u00eet, \u00e0 son image, comme il le d\u00e9crit dans D\u00e9favoris\u00e9, que les jeunes de La Castellane se retrouvent vite pris au pi\u00e8ge de la rue. \u00ab\u00a0C\u2019est malheureux, mais de nombreux jeunes d\u2019ici <a href=\"https:\/\/www.laprovence.com\/article\/faits-divers-justice\/87569122181581\/addict-aux-stupefiants-le-prevenu-juge-a-aix-avait-multiplie-les-vols-a-salon-de-provence\" target=\"_blank\" rel=\"noopener\">sont oblig\u00e9s de faire \u00e7a<\/a> pour subvenir \u00e0 leurs besoins et \u00e0 ceux de leur famille.\u00a0\u00bb<\/p>\n<p>La \u00ab\u00a0vengeance personnelle\u00a0\u00bb de Graya, c\u2019est justement <a href=\"https:\/\/www.laprovence.com\/article\/region\/37817933429394\/rime-et-dribble-quand-la-releve-du-rap-a-marseille-s-echauffe-le-temps-des-vacances\" target=\"_blank\" rel=\"noopener\">cet album<\/a>. D\u00e8s le premier son, Tour du monde, le rappeur chante la rue sans d\u00e9tour et ses cons\u00e9quences, accompagn\u00e9 de quelques notes de piano.<\/p>\n<p>Repartir \u00e0 z\u00e9ro, en frappant fort<\/p>\n<p>Le monde de la musique peut aussi r\u00e9server de mauvaises surprises, m\u00eame \u00e0 ceux qui en connaissent les rouages. \u00ab\u00a0Je voulais repartir \u00e0 z\u00e9ro, car j\u2019\u00e9tais en proc\u00e9dure avec mon ancien label pour le quitter. \u00c7a s\u2019est tr\u00e8s mal pass\u00e9\u00a0\u00bb, confie-t-il.<\/p>\n<p>Repartir \u00e0 z\u00e9ro, mais en frappant fort.<a href=\"https:\/\/www.laprovence.com\/article\/culture-loisirs\/1001079775842914\/tk-gambino-cette-generation-de-rappeurs-marseillais-qui-cartonnent-sur-tiktok\" target=\"_blank\" rel=\"noopener\"> Parmi les feats<\/a>, la fine fleur du rap fran\u00e7ais\u00a0: TK, Hornet La Frappe, ou encore le Parisien Ninho, avec qui Graya signe Brouncha, un hymne \u00e0 la f\u00eate accompagn\u00e9 par le \u00ab\u00a0Pap\u00e9\u00a0\u00bb Alonzo. \u00ab\u00a0Ninho, \u00e7a fait des ann\u00e9es qu\u2019on se conna\u00eet, Alonzo aussi, et <a href=\"https:\/\/www.laprovence.com\/article\/culture-loisirs\/48772376981146\/chaque-annee-c-est-la-meme-galere-les-preventes-pour-les-concerts-de-jul-ont-encore-decu-de-nombreux-fans\" target=\"_blank\" rel=\"noopener\">Jul<\/a> aussi\u00a0\u00bb, dit-il.<\/p>\n<p>En effet, \u00ab\u00a0La Machine\u00a0\u00bb est \u00e0 l\u2019affiche de l\u2019album dans un son au refrain chantant, Mon sang, et ce n\u2019est pas la premi\u00e8re collaboration des deux Marseillais. D\u00e9j\u00e0 en\u00a02013, Graya, avec son premier groupe GGN, signait Marseille quartier nord (qui culmine aujourd\u2019hui \u00e0 17\u00a0millions de vues sur YouTube) avec un jeune <a href=\"https:\/\/www.laprovence.com\/article\/region\/5342129260732914\/sur-les-traces-du-rappeur-jul-de-saint-jean-du-desert-au-sommet\" target=\"_blank\" rel=\"noopener\">Jul<\/a> qui venait \u00e0 peine de d\u00e9bouler dans le game. \u00ab\u00a0Je savais qu\u2019il irait loin. \u00c0 l\u2019\u00e9poque, il \u00e9tait acharn\u00e9. On \u00e9tait tous en train d\u2019\u00e9crire\u00a0; lui est arriv\u00e9, il avait d\u00e9j\u00e0 son couplet,\u00a0\u00bb se souvient Graya.<\/p>\n<p>\u00c0 cette \u00e9poque, o\u00f9 le rap \u00e9tait moins mainstream, le \u00ab\u00a0hardcore\u00a0\u00bb \u00e9tait de mise pour le rappeur de La Castellane. \u00ab\u00a0Nous, on a grandi l\u00e0-dedans\u00a0: Booba, Rohff\u2026 tout le monde criait. Maintenant, les gens \u00e9coutent des sons plus courts et plus chantonn\u00e9s, mais moi je surkiffe, il faut savoir s\u2019adapter.\u00a0\u00bb<\/p>\n<p>Malgr\u00e9 tout, Graya n\u2019oublie pas ses origines musicales, et parmi les 16 titres &#8211; notamment dans Malfrat ou Danse &#8211; on peut entendre \u00ab\u00a0Biggie\u00a0\u00bb (en r\u00e9f\u00e9rence \u00e0 Notorious B.I.G., le rappeur new-yorkais) d\u00e9couper les instrus avec des punchlines bien senties, et sa voix rocailleuse qui a fait son succ\u00e8s.<\/p>\n","protected":false},"excerpt":{"rendered":"Le rap, Graya le conna\u00eet bien. Le trentenaire, fort de quatre albums &#8211; dont un gratuit &#8211; et&hellip;\n","protected":false},"author":2,"featured_media":567336,"comment_status":"","ping_status":"","sticky":false,"template":"","format":"standard","meta":{"footnotes":""},"categories":[2814],"tags":[17,1111,11,4110,251,1777,674,1011,27,68240,884,12,471,882,6198,25,14173,96],"class_list":{"0":"post-567335","1":"post","2":"type-post","3":"status-publish","4":"format-standard","5":"has-post-thumbnail","7":"category-marseille","8":"tag-17","9":"tag-actu","10":"tag-actualites","11":"tag-castellane","12":"tag-culture","13":"tag-eu","14":"tag-europe","15":"tag-fr","16":"tag-france","17":"tag-graya","18":"tag-marseille","19":"tag-news","20":"tag-pour","21":"tag-provence-alpes-cote-dazur","22":"tag-rappeur","23":"tag-republique-francaise","24":"tag-revient","25":"tag-une"},"share_on_mastodon":{"url":"https:\/\/pubeurope.com\/@fr\/115634779317162691","error":""},"_links":{"self":[{"href":"https:\/\/www.europesays.com\/fr\/wp-json\/wp\/v2\/posts\/567335","targetHints":{"allow":["GET"]}}],"collection":[{"href":"https:\/\/www.europesays.com\/fr\/wp-json\/wp\/v2\/posts"}],"about":[{"href":"https:\/\/www.europesays.com\/fr\/wp-json\/wp\/v2\/types\/post"}],"author":[{"embeddable":true,"href":"https:\/\/www.europesays.com\/fr\/wp-json\/wp\/v2\/users\/2"}],"replies":[{"embeddable":true,"href":"https:\/\/www.europesays.com\/fr\/wp-json\/wp\/v2\/comments?post=567335"}],"version-history":[{"count":0,"href":"https:\/\/www.europesays.com\/fr\/wp-json\/wp\/v2\/posts\/567335\/revisions"}],"wp:featuredmedia":[{"embeddable":true,"href":"https:\/\/www.europesays.com\/fr\/wp-json\/wp\/v2\/media\/567336"}],"wp:attachment":[{"href":"https:\/\/www.europesays.com\/fr\/wp-json\/wp\/v2\/media?parent=567335"}],"wp:term":[{"taxonomy":"category","embeddable":true,"href":"https:\/\/www.europesays.com\/fr\/wp-json\/wp\/v2\/categories?post=567335"},{"taxonomy":"post_tag","embeddable":true,"href":"https:\/\/www.europesays.com\/fr\/wp-json\/wp\/v2\/tags?post=567335"}],"curies":[{"name":"wp","href":"https:\/\/api.w.org\/{rel}","templated":true}]}}