{"id":567339,"date":"2025-11-29T20:05:13","date_gmt":"2025-11-29T20:05:13","guid":{"rendered":"https:\/\/www.europesays.com\/fr\/567339\/"},"modified":"2025-11-29T20:05:13","modified_gmt":"2025-11-29T20:05:13","slug":"des-milliers-de-curieux-a-avignon-pour-decouvrir-les-anooki","status":"publish","type":"post","link":"https:\/\/www.europesays.com\/fr\/567339\/","title":{"rendered":"des milliers de curieux \u00e0 Avignon pour d\u00e9couvrir les Anooki"},"content":{"rendered":"<p>Emmen\u00e9s par la compagnie Bamboleo, des milliers de personnes ont d\u00e9couvert, samedi 29\u00a0novembre, pour la mise en lumi\u00e8re de la ville, les Anooki. Ce duo de petits Inuits fac\u00e9tieux et rigolos, import\u00e9 de la F\u00eate des lumi\u00e8res de Lyon, s\u2019invite dans la cit\u00e9 des papes pour les f\u00eates, \u00e0 travers un videomapping sur la fa\u00e7ade des C\u00e9lestins et cinq structures gonflables g\u00e9antes lumineuses au centre-ville.<\/p>\n","protected":false},"excerpt":{"rendered":"Emmen\u00e9s par la compagnie Bamboleo, des milliers de personnes ont d\u00e9couvert, samedi 29\u00a0novembre, pour la mise en lumi\u00e8re&hellip;\n","protected":false},"author":2,"featured_media":567340,"comment_status":"","ping_status":"","sticky":false,"template":"","format":"standard","meta":{"footnotes":""},"categories":[1889],"tags":[1111,11,2430,6184,6185,1687,3859,1777,674,3326,1011,27,2797,2798,2428,12,25,24292,4520],"class_list":{"0":"post-567339","1":"post","2":"type-post","3":"status-publish","4":"format-standard","5":"has-post-thumbnail","7":"category-lyon","8":"tag-actu","9":"tag-actualites","10":"tag-auvergne-rhone-alpes","11":"tag-avignon","12":"tag-avignon-bassin","13":"tag-culture-loisirs","14":"tag-edition-provencale","15":"tag-eu","16":"tag-europe","17":"tag-fete-locale","18":"tag-fr","19":"tag-france","20":"tag-galerie-loisirs","21":"tag-galerie-photo","22":"tag-lyon","23":"tag-news","24":"tag-republique-francaise","25":"tag-selection-de-la-redaction-84","26":"tag-vaucluse"},"share_on_mastodon":{"url":"https:\/\/pubeurope.com\/@fr\/115634787096020483","error":""},"_links":{"self":[{"href":"https:\/\/www.europesays.com\/fr\/wp-json\/wp\/v2\/posts\/567339","targetHints":{"allow":["GET"]}}],"collection":[{"href":"https:\/\/www.europesays.com\/fr\/wp-json\/wp\/v2\/posts"}],"about":[{"href":"https:\/\/www.europesays.com\/fr\/wp-json\/wp\/v2\/types\/post"}],"author":[{"embeddable":true,"href":"https:\/\/www.europesays.com\/fr\/wp-json\/wp\/v2\/users\/2"}],"replies":[{"embeddable":true,"href":"https:\/\/www.europesays.com\/fr\/wp-json\/wp\/v2\/comments?post=567339"}],"version-history":[{"count":0,"href":"https:\/\/www.europesays.com\/fr\/wp-json\/wp\/v2\/posts\/567339\/revisions"}],"wp:featuredmedia":[{"embeddable":true,"href":"https:\/\/www.europesays.com\/fr\/wp-json\/wp\/v2\/media\/567340"}],"wp:attachment":[{"href":"https:\/\/www.europesays.com\/fr\/wp-json\/wp\/v2\/media?parent=567339"}],"wp:term":[{"taxonomy":"category","embeddable":true,"href":"https:\/\/www.europesays.com\/fr\/wp-json\/wp\/v2\/categories?post=567339"},{"taxonomy":"post_tag","embeddable":true,"href":"https:\/\/www.europesays.com\/fr\/wp-json\/wp\/v2\/tags?post=567339"}],"curies":[{"name":"wp","href":"https:\/\/api.w.org\/{rel}","templated":true}]}}