{"id":567343,"date":"2025-11-29T20:08:14","date_gmt":"2025-11-29T20:08:14","guid":{"rendered":"https:\/\/www.europesays.com\/fr\/567343\/"},"modified":"2025-11-29T20:08:14","modified_gmt":"2025-11-29T20:08:14","slug":"une-nouvelle-ligne-y-a-la-fois-plus-sure-plus-rapide-et-dotee-de-nouveaux-trains-en-2032","status":"publish","type":"post","link":"https:\/\/www.europesays.com\/fr\/567343\/","title":{"rendered":"une nouvelle ligne Y \u00e0 la fois plus s\u00fbre, plus rapide et dot\u00e9e de nouveaux trains en 2032"},"content":{"rendered":"<p>                    Par<br \/>\n        <strong><br \/>\n            <a href=\"https:\/\/actu.fr\/auteur\/thibaut-faussabry\" title=\"Consulter tous les articles de Thibaut Faussabry\" target=\"_blank\" rel=\"noopener\">Thibaut Faussabry<\/a><br \/>\n                    <\/strong><\/p>\n<p>        Publi\u00e9 le<\/p>\n<p>            29 nov. 2025 \u00e0 17h48        <\/p>\n<p>Apr\u00e8s la<a href=\"https:\/\/actu.fr\/ile-de-france\/versailles_78646\/transport-ce-qui-change-avec-la-nouvelle-ligne-v-du-rer-c-entre-massy-et-versailles_60413356.html\" target=\"_blank\" rel=\"noopener\"> ligne V<\/a> en d\u00e9cembre\u00a02023, et <a href=\"https:\/\/actu.fr\/ile-de-france\/corbeil-essonnes_91174\/c-est-insuffisant-attendue-en-essonne-pour-2024-la-ligne-s-debuterait-avec-huit-trains-par-jour_60429010.html\" target=\"_blank\" rel=\"noopener\">la ligne S<\/a> en cours de cr\u00e9ation, une nouvelle ligne Y pourrait voir le jour dans les ann\u00e9es \u00e0 venir en <a href=\"https:\/\/actu.fr\/essonne\/\" target=\"_blank\" rel=\"noopener\">Essonne<\/a>.<br \/>Le 12\u00a0novembre 2025, <strong>Val\u00e9rie P\u00e9cresse<\/strong>, pr\u00e9sidente de la R\u00e9gion et d\u2019<a href=\"https:\/\/actu.fr\/tag\/ile-de-france-mobilites\" target=\"_blank\" rel=\"noopener\">\u00cele-de-France Mobilit\u00e9s<\/a> (IDFM), est venue \u00e0 la<strong> rencontre<\/strong> des <strong>maires<\/strong> des <strong>communes<\/strong> <strong>essonniennes<\/strong> <strong>desservies<\/strong> par le <a href=\"https:\/\/actu.fr\/tag\/rer-c\" target=\"_blank\" rel=\"noopener\">RER C<\/a> pour faire <strong>plusieurs annonces<\/strong>\u2009: un<strong> plan d\u2019urgence<\/strong> pour la ligne, la commande de <strong>nouveaux mat\u00e9riels roulants<\/strong> et donc le <strong>projet de ligne Y d\u2019ici \u00e0 2032.<\/strong><\/p>\n<p>Les branches Dourdan et \u00c9tampes d\u00e9connect\u00e9es du reste de la ligne<\/p>\n<p class=\" wall-content\">\u00ab\u2009Le probl\u00e8me de cette ligne qui fait 187\u00a0km, compte six branches et plus de 80 gares dans sept d\u00e9partements diff\u00e9rents, est qu\u2019un incident \u00e0 Saint-Quentin-en-Yvelines peut avoir des <strong>r\u00e9percussions sur les trains dans le sud-Essonne<\/strong>, car tous ces trains passent par le tron\u00e7on central de Paris\u2009\u00bb, souligne Marianne Duranton, d\u00e9l\u00e9gu\u00e9e sp\u00e9ciale aux mobilit\u00e9s durables au conseil r\u00e9gional et maire de Morsang-sur-Orge.<\/p>\n<p class=\" wall-content\">Si la <strong>ponctualit\u00e9<\/strong> g\u00e9n\u00e9rale de la ligne s\u2019est l\u00e9g\u00e8rement am\u00e9lior\u00e9e ces derni\u00e8res ann\u00e9es (89\u2009% cette ann\u00e9e), elle reste en dessous du contrat sign\u00e9 avec \u00cele-de-France Mobilit\u00e9s (93\u2009%).<\/p>\n<p class=\" wall-content\">Particuli\u00e8rement concern\u00e9es par les retards et les suppressions de train, les branches de Dourdan (83,4\u2009%) et de Saint-Martin d\u2019\u00c9tampes (85,2\u2009%),<strong>\u00a0restent \u00e0 la tra\u00eene<\/strong> au grand dam des usagers habitants le sud-Essonne.<\/p>\n<p class=\" wall-content\">Pour am\u00e9liorer la fiabilit\u00e9 des <a href=\"https:\/\/actu.fr\/tag\/transport\" target=\"_blank\" rel=\"noopener\">trajets<\/a> sur ces deux branches, celles-ci vont \u00eatre<strong> d\u00e9connect\u00e9es du reste du RER C<\/strong> <strong>pour devenir une ligne autonome,<\/strong> \u00e0 l\u2019image de ce qui a \u00e9t\u00e9 fait en 2023 entre Massy et Versailles avec la cr\u00e9ation de la ligne V qui affichait d\u00e9but novembre une r\u00e9gularit\u00e9 quasi parfaite de 99,5\u2009%.<\/p>\n<p>Un terminus \u00e0 Paris Austerlitz<\/p>\n<p class=\" wall-content\">Concr\u00e8tement les trains partant d\u2019\u00c9tampes ou de Dourdan seront omnibus jusqu\u2019\u00e0 Br\u00e9tigny, s\u2019arr\u00eateront \u00e0 Juvisy pour se diriger ensuite sans arr\u00eat jusqu\u2019\u00e0 Paris \u00e0 Biblioth\u00e8que Fran\u00e7ois Mitterrand o\u00f9 les usagers souhaitant aller au centre de la capitale pourront changer de train, avant le <strong>terminus \u00e0 Paris Austerlitz.<\/strong><\/p>\n<p>Votre r\u00e9gion, votre actu !<\/p>\n<p>Recevez chaque jour les infos qui comptent pour vous.<\/p>\n<p>\t<a href=\"https:\/\/actu.fr\/newsletter\" class=\"ac-btn ac-btn--corner ac-btn--medium ac-btn--blue800\" target=\"_blank\" rel=\"noopener\">S&rsquo;incrire<\/a><\/p>\n<p class=\" wall-content\">N\u2019entrant pas dans le tron\u00e7on central parisien, les trains de la ligne Y pourront faire leurs allers-retours <strong>sans d\u00e9pendre des autres trains du RER C.<\/strong><\/p>\n<blockquote class=\"ac-article-quote wall-content\">\n<p>Cette simplification que nous proposons repr\u00e9sente un long travail de concertation men\u00e9 pendant trois ans aux c\u00f4t\u00e9s des associations de voyageurs. Elle permet de gagner en s\u00e9curit\u00e9 et en rapidit\u00e9 avec un gain de temps pour rejoindre Paris de cinq minutes en heure pleine et dix minutes en heures creuses.<\/p>\n<p>    <strong>Marianne Duranton<\/strong>\n            <\/p><\/blockquote>\n<p class=\" wall-content\">\u00ab\u2009Cette correspondance constitue, certes, une contrainte, mais la ligne Y, elle, est tr\u00e8s porteuse d\u2019espoir d\u2019avoir des trains neufs qui partent et arrivent \u00e0 l\u2019heure. Nous avons besoin de ce confort, de cette r\u00e9gularit\u00e9 et de cette lisibilit\u00e9\u2009\u00bb, souligne Maryvonne No\u00ebl, pr\u00e9sidente de <strong>Circule<\/strong>, une association d\u2019usagers de la ligne C du RER.<\/p>\n<p>Un projet rejet\u00e9 par certains \u00e9lus dans un premier temps<\/p>\n<p class=\" wall-content\">Toutefois, le projet soumis une premi\u00e8re fois il y a un an et demi, a suscit\u00e9 la <strong>forte r\u00e9probation de certains \u00e9lus<\/strong> des villes du sud de la ligne qui craignent, avec cette coupure \u00e0 Paris Austerlitz, de voir se r\u00e9p\u00e9ter le mauvais souvenir du d\u00e9branchement de la partie sud du RER D avec le terminus \u00e0 Juvisy.<\/p>\n<p class=\" wall-content\">C\u2019\u00e9tait le cas aussi le cas de l\u2019association d\u2019usagers<strong> La Vignette du Respect<\/strong> qui exprimait jusque-l\u00e0 un refus cat\u00e9gorique \u00e0 cette ligne Y.<\/p>\n<blockquote class=\"ac-article-quote wall-content\">\n<p>Ce n&rsquo;est pas neutre de rajouter une correspondance, sachant qu&rsquo;entre 20 et 25 % des usagers des branches \u00c9tampes et Dourdan, poursuivent leur trajet au-del\u00e0 de Paris-Austerlitz dans le tunnel intra-muros. Outre les al\u00e9as que cela implique, cette fin des trains traversants permettant d&rsquo;aller directement au c\u0153ur de la capitale symbolisait une forme de d\u00e9classement de notre territoire.<\/p>\n<p>    <strong>R\u00e9mi Lavenant<\/strong><br \/>\n        Pr\u00e9sident de l&rsquo;association  La Vignette du Respect et conseiller municipal \u00e0 Lardy    <\/p><\/blockquote>\n<p class=\" wall-content\">Pour convaincre \u00e9lus et associations d\u2019usagers,<strong> certaines garanties<\/strong> <strong>ont \u00e9t\u00e9 propos\u00e9es\u2009<\/strong>: correspondance sur le m\u00eame quai \u00e0 Biblioth\u00e8que Fran\u00e7ois Mitterrand, r\u00e9alisation d\u2019une liaison simplifi\u00e9e entre la gare souterraine et la gare en surface \u00e0 Paris-Austerlitz et priorit\u00e9 donn\u00e9e aux deux branches pour l\u2019arriv\u00e9e d\u2019un mat\u00e9riel roulant.<\/p>\n<p>Le tunnel \u00e0 Paris est trop petit pour les trains \u00e0 deux \u00e9tages<\/p>\n<p class=\" wall-content\">N\u00e9anmoins, l\u00e0 aussi, un probl\u00e8me se pose\u2009: le tunnel central du RER C \u00e0 Saint-Michel \u2013 Notre-Dame, est <strong>trop petit<\/strong> pour les nouveaux mat\u00e9riels roulants \u00e0 deux \u00e9tages.<\/p>\n<p class=\" wall-content\">Une solution consisterait \u00e0 abaisser les voies, mais ces travaux impliqueraient quasiment <strong>deux ans d\u2019interruption de travers\u00e9e de Paris<\/strong> et un investissement de 1,5\u00a0milliard d\u2019euros que l\u2019\u00c9tat ne souhaite pas porter.<\/p>\n<p class=\" wall-content\">L\u2019autre solution serait de <strong>commander des nouveaux trains sur un seul niveau<\/strong> capable de passer dans le tunnel. Une option que rejette Val\u00e9rie P\u00e9cresse.<\/p>\n<p class=\" wall-content\">\u00ab\u2009Les \u00e9tudes montrent qu\u2019un<strong> mat\u00e9riel roulant sur deux \u00e9tages est n\u00e9cessaire<\/strong>. Sans \u00e7a, les voyageurs qui viennent du sud-Essonne ou du Val-d\u2019Oise ne pourront pas aller \u00e0 Paris par manque de place\u2009\u00bb, assure Marianne Duranton.<\/p>\n<p>IDFM va lancer la commande de 55 trains Regio2N<\/p>\n<p class=\" wall-content\">Face \u00e0 une situation qui semble fig\u00e9e, la pr\u00e9sidente d\u2019\u00cele-de-France Mobilit\u00e9s a annonc\u00e9 sa volont\u00e9 de commander, pour pr\u00e8s de 4\u00a0milliards d\u2019euros,<strong> 55 trains de type Regio2N.<\/strong><\/p>\n<p class=\" wall-content\">Un mod\u00e8le d\u00e9j\u00e0 d\u00e9ploy\u00e9 sur plusieurs lignes franciliennes, notamment le RER D, qui sera <strong>destin\u00e9 \u00e0 la future ligne Y.<\/strong><\/p>\n<blockquote class=\"ac-article-quote wall-content\">\n<p>C&rsquo;est un mat\u00e9riel confortable pour les voyageurs qui fonctionne bien et qui tout \u00e0 fait adapt\u00e9 pour le sud-Essonne. Il faudra simplement raccourcir un wagon de cinq m\u00e8tres et ajouter un pantographe pour \u00e9viter d&rsquo;ab\u00eemer les cat\u00e9naires afin qu&rsquo;ils commencent \u00e0 circuler en 2032 sur la ligne.<\/p>\n<p>    <strong>Marianne Duranton<\/strong>\n            <\/p><\/blockquote>\n<p>Vers deux trains en plus par heure de pointe sur les deux branches ?<\/p>\n<p class=\" wall-content\">Avec ces nouvelles garanties, les \u00e9lus et associations d\u2019usagers qui \u00e9taient vent debout contre le projet sont globalement <strong>plus enclins \u00e0 accepter cette ligne Y<\/strong> avec son terminus \u00e0 Austerlitz.<\/p>\n<p class=\" wall-content\">Et ce d\u2019autant plus, qu\u2019il pourrait y avoir <strong>deux trains suppl\u00e9mentaires en heures de pointe <\/strong>sur les branches Dourdan et \u00c9tampes, \u00e0 condition que les travaux n\u00e9cessaires, estim\u00e9s \u00e0 30\u00a0millions d\u2019euros, soient men\u00e9s.<\/p>\n<p class=\" wall-content\"><strong>\u00ab\u2009Cela changerait la vie des voyageurs<\/strong> qui seraient moins nombreux dans les trains, avec donc plus de confort de voyage et cela diminuerait le temps d\u2019attente du train suivant en cas de probl\u00e8me sur le train initial\u2009\u00bb, estime R\u00e9mi Lavenant.<\/p>\n<p>\u00ab\u2009Des premiers gains tr\u00e8s concrets\u2009\u00bb<\/p>\n<p class=\" wall-content\">Val\u00e9rie P\u00e9cresse a ainsi demand\u00e9 aux \u00e9lus d\u2019\u00e9crire un courrier commun, exprimant leurs attentes, afin qu\u2019il soit joint \u00e0 la<strong> d\u00e9lib\u00e9ration qui sera pr\u00e9sent\u00e9e au prochain conseil d\u2019administration<\/strong> d\u2019\u00cele-de-France Mobilit\u00e9s le 10\u00a0d\u00e9cembre 2025 qui doit valider la conduite d\u2019\u00e9tudes pr\u00e9alables \u00e0 la commande des 55 rames R\u00e9gion2N.<\/p>\n<p class=\" wall-content\">\u00ab\u2009On se satisfait du dialogue qui a eu lieu et de ces<strong> premiers gains tr\u00e8s concrets.<\/strong> Il y a encore un certain nombre d\u2019usagers qui restent tout de m\u00eame d\u00e9\u00e7us par cette correspondance. Elle allait s\u2019imposer t\u00f4t ou tard et s\u2019il n\u2019y avait pas eu cette mobilisation des \u00e9lus et des associations d\u2019usagers, nous n\u2019aurions certainement pas obtenu ces garanties\u2009\u00bb, conclut R\u00e9mi Lavenant.<\/p>\n<p class=\" wall-content\">Personnalisez votre actualit\u00e9 en ajoutant vos villes et m\u00e9dias en favori avec <a href=\"https:\/\/moncompte.actu.fr\" title=\"D\u00e9couvez Mon Actu\" rel=\"nofollow noopener\" data-trk=\"{&quot;cta&quot;:{&quot;action&quot;:&quot;https:\\\/\\\/moncompte.actu.fr&quot;,&quot;category&quot;:&quot;mon compte&quot;,&quot;from&quot;:&quot;article footer&quot;,&quot;name&quot;:&quot;Mon actu&quot;,&quot;type&quot;:&quot;cta&quot;}}\" target=\"_blank\">Mon Actu<\/a>.<\/p>\n","protected":false},"excerpt":{"rendered":"Par Thibaut Faussabry Publi\u00e9 le 29 nov. 2025 \u00e0 17h48 Apr\u00e8s la ligne V en d\u00e9cembre\u00a02023, et la&hellip;\n","protected":false},"author":2,"featured_media":567344,"comment_status":"","ping_status":"","sticky":false,"template":"","format":"standard","meta":{"footnotes":""},"categories":[1592],"tags":[1111,11,1777,674,1011,27,662,10883,12,626,25,6561,104,2803],"class_list":{"0":"post-567343","1":"post","2":"type-post","3":"status-publish","4":"format-standard","5":"has-post-thumbnail","7":"category-ile-de-france","8":"tag-actu","9":"tag-actualites","10":"tag-eu","11":"tag-europe","12":"tag-fr","13":"tag-france","14":"tag-ile-de-france","15":"tag-ile-de-france-mobilites","16":"tag-news","17":"tag-paris","18":"tag-republique-francaise","19":"tag-rer-c","20":"tag-societe","21":"tag-transport"},"share_on_mastodon":{"url":"https:\/\/pubeurope.com\/@fr\/115634799031184764","error":""},"_links":{"self":[{"href":"https:\/\/www.europesays.com\/fr\/wp-json\/wp\/v2\/posts\/567343","targetHints":{"allow":["GET"]}}],"collection":[{"href":"https:\/\/www.europesays.com\/fr\/wp-json\/wp\/v2\/posts"}],"about":[{"href":"https:\/\/www.europesays.com\/fr\/wp-json\/wp\/v2\/types\/post"}],"author":[{"embeddable":true,"href":"https:\/\/www.europesays.com\/fr\/wp-json\/wp\/v2\/users\/2"}],"replies":[{"embeddable":true,"href":"https:\/\/www.europesays.com\/fr\/wp-json\/wp\/v2\/comments?post=567343"}],"version-history":[{"count":0,"href":"https:\/\/www.europesays.com\/fr\/wp-json\/wp\/v2\/posts\/567343\/revisions"}],"wp:featuredmedia":[{"embeddable":true,"href":"https:\/\/www.europesays.com\/fr\/wp-json\/wp\/v2\/media\/567344"}],"wp:attachment":[{"href":"https:\/\/www.europesays.com\/fr\/wp-json\/wp\/v2\/media?parent=567343"}],"wp:term":[{"taxonomy":"category","embeddable":true,"href":"https:\/\/www.europesays.com\/fr\/wp-json\/wp\/v2\/categories?post=567343"},{"taxonomy":"post_tag","embeddable":true,"href":"https:\/\/www.europesays.com\/fr\/wp-json\/wp\/v2\/tags?post=567343"}],"curies":[{"name":"wp","href":"https:\/\/api.w.org\/{rel}","templated":true}]}}