{"id":567345,"date":"2025-11-29T20:09:16","date_gmt":"2025-11-29T20:09:16","guid":{"rendered":"https:\/\/www.europesays.com\/fr\/567345\/"},"modified":"2025-11-29T20:09:16","modified_gmt":"2025-11-29T20:09:16","slug":"a-paris-je-netais-pas-bien","status":"publish","type":"post","link":"https:\/\/www.europesays.com\/fr\/567345\/","title":{"rendered":"\u00c0 Paris je n&rsquo;\u00e9tais pas bien"},"content":{"rendered":"<p>Par <a class=\"author_recette\" id=\"author_name\" href=\"https:\/\/www.nextplz.fr\/auteur\/camille-mutin\" target=\"_blank\" rel=\"noopener\">Camille<br \/>\nMutin<\/a> &#8211;<br \/>\nPubli\u00e9 le 29 Nov 2025 \u00e0<br \/>\n20:00<\/p>\n<p class=\"article-intro excerpt\">Paris, c\u2019est fini ! Julien Dor\u00e9 a<br \/>\nd\u00e9cid\u00e9 de quitter la capitale avec son fils afin de s\u2019installer<br \/>\ndans une autre r\u00e9gion de France.<\/p>\n<p>Cette ann\u00e9e est magique pour Julien Dor\u00e9. L\u00a0\u00bbartiste remplit les<br \/>\nsalles de France et pr\u00e9sente un show impressionnant \u00e0 ses fans,<br \/>\ntous conquis. Une \u00e9nergie folle, de l&rsquo;humour, de l&rsquo;auto-d\u00e9rision et<br \/>\nbeaucoup d&rsquo;\u00e9motions : voici la recette magique du chanteur \u00e2g\u00e9<br \/>\nd\u00e9sormais de 43 ans. Pourtant, malgr\u00e9 son grand succ\u00e8s, celui-ci<br \/>\n\u00e9voque d\u00e9j\u00e0 <a href=\"https:\/\/www.nextplz.fr\/people\/515207-julien-dore-pret-a-arreter-carriere-musicale-pour-sa-famille-je-veux-voir-grandir-mon-fils\" target=\"_blank\" rel=\"noopener\"><br \/>\nson envie de tout stopper<\/a> : \u00ab\u00a0C&rsquo;est 50-50 avec l\u2019envie<br \/>\nd\u2019arr\u00eater, tout le temps. Et ce n\u2019est pas une phrase en<br \/>\nl\u2019air.\u00a0\u00bb Des propos qui effraient son public. Mais la raison<br \/>\nest tr\u00e8s \u00e9mouvante et compr\u00e9hensible : \u00ab\u00a0\u00c0 43 ans, je veux voir<br \/>\ngrandir mon fils, je ne veux pas \u00eatre un poids pour lui<br \/>\naussi.\u00a0Je ne pensais pas avoir d\u2019enfant, ce n\u2019\u00e9tait pas<br \/>\nvraiment un objectif, mais \u00e7a a tout recentr\u00e9. Tous ces moments o\u00f9<br \/>\ntu te regardes un peu trop, o\u00f9 tu t\u2019int\u00e9resses trop \u00e0 toi, tout \u00e7a<br \/>\na disparu. Le seul truc, c\u2019est que l\u00e0 il est petit\u2026\u00a0\u00bb<br \/>\nD&rsquo;ailleurs, Julien Dor\u00e9 a r\u00e9cemment avou\u00e9 avoir quitt\u00e9 la fr\u00e9n\u00e9sie<br \/>\nparisienne. On vous dit tout.<\/p>\n<p>En qu\u00eate<br \/>\nde simplicit\u00e9<\/p>\n<p>Paris est synonyme de r\u00eave qui se r\u00e9alise pour Julien Dor\u00e9.<br \/>\nN\u00e9anmoins, aujourd&rsquo;hui, l&rsquo;artiste reconna\u00eet ne plus s&rsquo;y sentir \u00e0<br \/>\nson aise. Alors, du jour au lendemain, celui-ci a tout plaqu\u00e9 et<br \/>\nest parti vivre avec sa famille dans une autre r\u00e9gion de France.<br \/>\nDans les colonnes du Parisien, il explique : \u00ab\u00a0Je suis<br \/>\nrest\u00e9 dix ans \u00e0 Paris et je n&rsquo;\u00e9tais pas bien, la ville ou son<br \/>\n\u00e9nergie, je ne sais pas. J&rsquo;avais en t\u00eate que si j&rsquo;avais des sous,<br \/>\nje retournerais m&rsquo;acheter une maison et vivre dans le<br \/>\nSud.\u00a0C&rsquo;\u00e9tait mon seul r\u00eave, revenir au calme. Une maison, une<br \/>\nvie de famille, mes chiens&#8230; C&rsquo;est sans doute ce qui me fait le<br \/>\nplus de bien dans la vie.\u00a0\u00bb Une d\u00e9cision qui r\u00e9sonne pour<br \/>\nbeaucoup, et pas que des artistes. Mais o\u00f9 se trouve ce havre de<br \/>\npaix ? On vous en dit plus.<\/p>\n<blockquote class=\"instagram-media\" data-instgrm-captioned=\"\" data-instgrm-permalink=\"https:\/\/www.instagram.com\/reel\/C6mCUSaC-DU\/?utm_source=ig_embed&amp;utm_campaign=loading\" data-instgrm-version=\"14\" style=\"background:#FFF; border:0; border-radius:3px; box-shadow:0 0 1px 0 rgba(0,0,0,0.5),0 1px 10px 0 rgba(0,0,0,0.15); margin: 1px; max-width:540px; min-width:326px; padding:0; width:99.375%; width:-webkit-calc(100% - 2px); width:calc(100% - 2px);\">\n<\/blockquote>\n<p>Julien Dor\u00e9 : \u00ab\u00a0Je n&#8217;emb\u00eate<br \/>\npersonne\u00a0\u00bb<\/p>\n<p>Si <a href=\"https:\/\/www.instagram.com\/juliendore\/?hl=fr\" target=\"_blank\" rel=\"noopener\">Julien Dor\u00e9<\/a> pense \u00e0 arr\u00eater, c&rsquo;est pour une raison<br \/>\npr\u00e9cise : son fils passe en premier, naturellement. Toutefois, ce<br \/>\nn&rsquo;est pas uniquement pour ceci : \u00ab\u00a0J&rsquo;ai peur de devenir<br \/>\nfain\u00e9ant, de sentir la poussi\u00e8re&#8230; Je ne veux pas ressembler \u00e0<br \/>\nceux qui font le m\u00eame album depuis dix ans, j&rsquo;aurais stopp\u00e9 bien<br \/>\navant\u00a0\u00bb, a-t-il expliqu\u00e9 dans les colonnes du Parisien.<br \/>\nAujourd&rsquo;hui, le p\u00e8re de famille vit une vie paisible entre<br \/>\nplusieurs Z\u00e9niths complets dans une r\u00e9gion du Sud de la France :<br \/>\n\u00ab\u00a0Les C\u00e9vennes, chez moi, accompagner mon fils \u00e0 l&rsquo;\u00e9cole, vivre<br \/>\nune vie de famille tr\u00e8s simple dans un endroit tr\u00e8s simple<br \/>\n(&#8230;)\u00a0Je vis dans un tout petit village, je n&#8217;emb\u00eate<br \/>\npersonne.\u00a0\u00bb<\/p>\n<p><script async src=\"\/\/www.instagram.com\/embed.js\"><\/script><\/p>\n","protected":false},"excerpt":{"rendered":"Par Camille Mutin &#8211; Publi\u00e9 le 29 Nov 2025 \u00e0 20:00 Paris, c\u2019est fini ! Julien Dor\u00e9 a&hellip;\n","protected":false},"author":2,"featured_media":547187,"comment_status":"","ping_status":"","sticky":false,"template":"","format":"standard","meta":{"footnotes":""},"categories":[1888],"tags":[1111,1928,11,1927,1777,674,1011,27,12,1926,626,1925,25],"class_list":{"0":"post-567345","1":"post","2":"type-post","3":"status-publish","4":"format-standard","5":"has-post-thumbnail","7":"category-paris","8":"tag-actu","9":"tag-actu-paris","10":"tag-actualites","11":"tag-actualites-paris","12":"tag-eu","13":"tag-europe","14":"tag-fr","15":"tag-france","16":"tag-news","17":"tag-news-paris","18":"tag-paris","19":"tag-paris-news","20":"tag-republique-francaise"},"share_on_mastodon":{"url":"https:\/\/pubeurope.com\/@fr\/115634803148259090","error":""},"_links":{"self":[{"href":"https:\/\/www.europesays.com\/fr\/wp-json\/wp\/v2\/posts\/567345","targetHints":{"allow":["GET"]}}],"collection":[{"href":"https:\/\/www.europesays.com\/fr\/wp-json\/wp\/v2\/posts"}],"about":[{"href":"https:\/\/www.europesays.com\/fr\/wp-json\/wp\/v2\/types\/post"}],"author":[{"embeddable":true,"href":"https:\/\/www.europesays.com\/fr\/wp-json\/wp\/v2\/users\/2"}],"replies":[{"embeddable":true,"href":"https:\/\/www.europesays.com\/fr\/wp-json\/wp\/v2\/comments?post=567345"}],"version-history":[{"count":0,"href":"https:\/\/www.europesays.com\/fr\/wp-json\/wp\/v2\/posts\/567345\/revisions"}],"wp:featuredmedia":[{"embeddable":true,"href":"https:\/\/www.europesays.com\/fr\/wp-json\/wp\/v2\/media\/547187"}],"wp:attachment":[{"href":"https:\/\/www.europesays.com\/fr\/wp-json\/wp\/v2\/media?parent=567345"}],"wp:term":[{"taxonomy":"category","embeddable":true,"href":"https:\/\/www.europesays.com\/fr\/wp-json\/wp\/v2\/categories?post=567345"},{"taxonomy":"post_tag","embeddable":true,"href":"https:\/\/www.europesays.com\/fr\/wp-json\/wp\/v2\/tags?post=567345"}],"curies":[{"name":"wp","href":"https:\/\/api.w.org\/{rel}","templated":true}]}}