{"id":567346,"date":"2025-11-29T20:10:19","date_gmt":"2025-11-29T20:10:19","guid":{"rendered":"https:\/\/www.europesays.com\/fr\/567346\/"},"modified":"2025-11-29T20:10:19","modified_gmt":"2025-11-29T20:10:19","slug":"nos-conseils-pour-faire-du-velo-la-nuit-a-paris","status":"publish","type":"post","link":"https:\/\/www.europesays.com\/fr\/567346\/","title":{"rendered":"Nos conseils pour faire du v\u00e9lo la nuit \u00e0 Paris"},"content":{"rendered":"<p>On ne va pas<strong> vous refaire un topo<\/strong>, depuis quelques ann\u00e9es, le <a href=\"https:\/\/www.lebonbon.fr\/paris\/news\/parisiens-deplacent-plus-velo-que-voiture\/\" target=\"_blank\" rel=\"noopener\"><strong>v\u00e9lo explose<\/strong> <strong>dans les rues de la capitale<\/strong><\/a>, vous connaissez la chanson. Mais vous comprendrez donc aussi pourquoi <strong>il est essentiel d\u2019en parler,<\/strong> et de donner de <strong>bons conseils<\/strong> face \u00e0 une pratique de plus en plus importante, et surtout<strong> au c\u0153ur de tant de d\u00e9bats.<\/strong> Et comme on ne pr\u00e9tend pas avoir la solution au<strong> <a href=\"https:\/\/www.lebonbon.fr\/paris\/news\/cyclistes-parisiens-victimes-violences-routieres\/\" target=\"_blank\" rel=\"noopener\">conflit interusagers de la voirie<\/a>,<\/strong> on pr\u00e9f\u00e8re rester dans notre domaine d\u2019expertise, et proposer <strong>quelques conseils pour simplifier la vie des cyclistes <\/strong>qui resteraient fid\u00e8les \u00e0 leur bicyclette malgr\u00e9 <strong>les conditions hivernales.<\/strong><\/p>\n<p>&#13;<br \/>\n<br \/>\u00catre visible&#13;<\/p>\n<p>\u00c7a peut para\u00eetre \u00e9vident, mais parfois, <strong>\u00e7a ne fait pas de mal d\u2019enfoncer des portes ouvertes.<\/strong> Parce que le plus important \u00e0 v\u00e9lo, pour assurer la s\u00e9curit\u00e9 de tous, <strong>c\u2019est de se faire voir<\/strong>. Et \u00e7a tombe bien, puisqu\u2019il existe <strong>plein de solutions.<\/strong> D\u00e9j\u00e0, certaines qui sont <strong><a href=\"https:\/\/www.lebonbon.fr\/paris\/news\/liste-toutes-infractions-verbalisables-velo\/\" target=\"_blank\" rel=\"noopener\">dor\u00e9navant<\/a> <a href=\"https:\/\/www.lebonbon.fr\/paris\/news\/liste-toutes-infractions-verbalisables-velo\/\" target=\"_blank\" rel=\"noopener\">obligatoires<\/a>,<\/strong> comme les <strong>catadioptres avant et arri\u00e8re <\/strong>ainsi que sur les roues et les p\u00e9dales, mais aussi le<strong>s feux de position avant<\/strong> (blanc) <strong>et arri\u00e8re<\/strong> (rouge). D\u00e9j\u00e0, si vous avez tout \u00e7a, c\u2019est d\u00e9j\u00e0 pas mal. On peut \u00e9ventuellement ajouter <strong>des feux stop sur un gilet ou un casque<\/strong>, ainsi que des <strong>clignotants.<\/strong> Mais attention \u00e0 ne pas tomber non plus<strong> dans la surench\u00e8re,<\/strong> des feux qui clignotent <strong>de mani\u00e8re extr\u00eamement violente et aveuglante <\/strong>\u00e0 l\u2019avant de votre v\u00e9lo, \u00e7a peut d\u00e9ranger les autres usagers, et devenir dangereux\u00a0!<\/p>\n<p>&#13;<\/p>\n<blockquote class=\"twitter-tweet\"><p>&#13;<\/p>\n<p lang=\"fr\" dir=\"ltr\">Hier soir, coul\u00e9e verte du sud parisien. Un duo enfant \/ adulte se d\u00e9pla\u00e7ant \u00e0 v\u00e9lo (avec une belle allure, j&rsquo;ai eu du mal \u00e0 les suivre \ud83d\ude01).<br \/>Le plus important dans cette situation\u00a0: un bon \u00e9clairage pour voir et \u00eatre vu, et des v\u00eatements adapt\u00e9s (dont des gants\u00a0!). <a href=\"https:\/\/t.co\/ObNy3VAzRK\">pic.twitter.com\/ObNy3VAzRK<\/a><\/p>\n<p>&#13;<br \/>\n\u2014 Brice Perrin (@briceperrin) <a href=\"https:\/\/twitter.com\/briceperrin\/status\/1991884404772471199?ref_src=twsrc%5Etfw\" target=\"_blank\" rel=\"noopener\">November 21, 2025<\/a><\/p><\/blockquote>\n<p>&#13;<br \/>\n&#13;<br \/>\n<br \/>\u00catre \u00e9quip\u00e9&#13;<\/p>\n<p>Une fois qu\u2019on peut nous voir, <strong>on pense \u00e0 soi.<\/strong> Pour cela, on s\u2019\u00e9quipe pour <strong>son bien-\u00eatre ET pour sa s\u00e9curit\u00e9<\/strong>. Concernant ce dernier, c\u2019est assez facile, on n&rsquo;h\u00e9site pas \u00e0 <strong>porter un casque<\/strong>, et \u00e9ventuellement \u00e0 ajouter<strong> un gilet jaune ou des bracelets r\u00e9fl\u00e9chissants<\/strong>, surtout si l\u2019on porte des <strong>v\u00eatements sombres.<\/strong> Pour le confort maintenant, c\u2019est bien simple. La nuit, en hiver, \u00e0 Paris,<a href=\"https:\/\/www.lebonbon.fr\/paris\/lifestyle\/5-trucs-indispensables-survivre-velo-paris-hiver\/\" target=\"_blank\" rel=\"noopener\"> il fait froid. Tr\u00e8s froid<\/a>. Alors on pense <strong>aux gants, au bonnet, \u00e0 l\u2019\u00e9charpe, \u00e0 la cagoule\u2026<\/strong> Bref, \u00e0 tous ces petits \u00e9l\u00e9ments qui font qu\u2019on sera plus \u00e0 l\u2019aise et donc \u00e0 m\u00eame de <strong>se concentrer sur ce qui se passe devant nous<\/strong> et non sur notre petit doigt de pied gauche qui menace de se d\u00e9crocher \u00e0 chaque coup de p\u00e9dale tant il est congel\u00e9.<\/p>\n<p>&#13;<\/p>\n<blockquote class=\"twitter-tweet\"><p>&#13;<\/p>\n<p lang=\"fr\" dir=\"ltr\">Paris + V\u00e9lo + La Nuit = Le mood il est bon <a href=\"https:\/\/t.co\/i2sRgz4pjO\">pic.twitter.com\/i2sRgz4pjO<\/a><\/p>\n<p>&#13;<br \/>\n\u2014 Adl\u26a1\ufe0f\ud83c\udde9\ud83c\uddff (@Adl_ledz) <a href=\"https:\/\/twitter.com\/Adl_ledz\/status\/1964075345771974799?ref_src=twsrc%5Etfw\" target=\"_blank\" rel=\"noopener\">September 5, 2025<\/a><\/p><\/blockquote>\n<p>&#13;<br \/>\n&#13;<br \/>\n<br \/>\u00catre flexible&#13;<\/p>\n<p>On le sait, faire du v\u00e9lo la nuit, ce n\u2019est \u00e9videmment<strong> pas la m\u00eame chose que de p\u00e9daler en pleine journ\u00e9e<\/strong>. Alors pour \u00e9viter tous les tracas, on n\u2019h\u00e9site pas \u00e0 <strong>s\u2019adapter.<\/strong> Pour \u00e7a, on pense \u00e0 <strong>modifier son itin\u00e9raire par exemple<\/strong>, pour privil\u00e9gier les <strong>grandes avenues \u00e9clair\u00e9es<\/strong> aux petites ruelles sombres. De la m\u00eame mani\u00e8re, on pense \u00e0 <strong>revoir son allure<\/strong>, pour avoir le temps de r\u00e9agir face \u00e0<strong> des dangers moins visibles<\/strong>, mais aussi car la <strong>chauss\u00e9e a tendance \u00e0 \u00eatre plus glissante <\/strong>d\u00e8s lors qu\u2019elle est <strong>mouill\u00e9e<\/strong> (pour cause de neige ou de pluie), ou<a href=\"https:\/\/www.lebonbon.fr\/paris\/wtf\/velo-paris-trucs-hyper-relous-croise-piste-cyclable\/\" target=\"_blank\" rel=\"noopener\"> <strong>recouverte de feuilles mortes<\/strong> <\/a>(pour cause d\u2019automne). Enfin, pour \u00e9viter les tracas, <strong>on tient nos proches au courant <\/strong>de notre itin\u00e9raire, de notre heure d&rsquo;arriv\u00e9e, etc.\u00a0<\/p>\n<p>&#13;<\/p>\n<blockquote class=\"twitter-tweet\"><p>&#13;<\/p>\n<p lang=\"fr\" dir=\"ltr\">Les d\u00e9placements \u00e0 v\u00e9lo \u00e0 Paris continuent m\u00eame dans le froid et l\u2019obscurit\u00e9 de la nuit d\u2019hiver. <a href=\"https:\/\/t.co\/oLiF64UEvb\">pic.twitter.com\/oLiF64UEvb<\/a><\/p>\n<p>&#13;<br \/>\n\u2014 Emmanuel (@EmmanuelSPV) <a href=\"https:\/\/twitter.com\/EmmanuelSPV\/status\/1746951197926326725?ref_src=twsrc%5Etfw\" target=\"_blank\" rel=\"noopener\">January 15, 2024<\/a><\/p><\/blockquote>\n<p>&#13;<br \/>\n&#13;<br \/>\n<br \/>\u00catre sobre&#13;<\/p>\n<p>On a commenc\u00e9 ce top par une \u00e9vidence, on termine par une autre,<strong> la boucle est boucl\u00e9e<\/strong>. En effet, il y a <strong>quelques mois d\u00e9j\u00e0,<\/strong> on vous faisait part de notre <strong>agacement face \u00e0 la <a href=\"https:\/\/www.lebonbon.fr\/paris\/societe\/rentrer-bourre-velo-tendance-bannir-urgence\/\" target=\"_blank\" rel=\"noopener\">tendance grandissante \u00e0 rentrer de soir\u00e9e bourr\u00e9s<\/a> \u00e0 v\u00e9lo.<\/strong> D\u00e9j\u00e0 que c\u2019est un moment o\u00f9 la visibilit\u00e9 est r\u00e9duite, la <strong>concentration des conducteurs<\/strong> peut-\u00eatre pas au top, si en plus on ajoute le <strong>facteur alcool,<\/strong> alors l\u00e0, plus rien ne va. Alors la nuit, et particuli\u00e8rement en hiver, surtout,<strong> si on a un petit coup dans le nez,<\/strong> on n&rsquo;h\u00e9site pas \u00e0 opter pour le <strong>m\u00e9tro<\/strong> (s\u2019il y en a encore), le <strong>noctilien,<\/strong> ou m\u00eame <strong>un VTC ou un taxi.<\/strong> Au moins, il fait chaud, c\u2019est confortable, et <strong>on ne risque pas de faire du mal aux autres ou \u00e0 soi-m\u00eame\u00a0!<\/strong><\/p>\n<p>&#13;<\/p>\n<blockquote class=\"twitter-tweet\"><p>&#13;<\/p>\n<p lang=\"fr\" dir=\"ltr\">C&rsquo;est beau Paris la nuit \u00e0 v\u00e9lo \ud83d\udeb4\ud83c\udfff\ud83c\udf19 <a href=\"https:\/\/t.co\/rHnwN5ksow\">pic.twitter.com\/rHnwN5ksow<\/a><\/p>\n<p>&#13;<br \/>\n\u2014 V\u00e9lo du Marais \ud83c\uddfa\ud83c\udde6 (@Velodumarais) <a href=\"https:\/\/twitter.com\/Velodumarais\/status\/1901032563126222856?ref_src=twsrc%5Etfw\" target=\"_blank\" rel=\"noopener\">March 15, 2025<\/a><\/p><\/blockquote>\n<p>&#13;<br \/>\n<script async src=\"https:\/\/platform.twitter.com\/widgets.js\" charset=\"utf-8\"><\/script><\/p>\n","protected":false},"excerpt":{"rendered":"On ne va pas vous refaire un topo, depuis quelques ann\u00e9es, le v\u00e9lo explose dans les rues de&hellip;\n","protected":false},"author":2,"featured_media":567347,"comment_status":"","ping_status":"","sticky":false,"template":"","format":"standard","meta":{"footnotes":""},"categories":[1888],"tags":[1111,1928,11,1927,1777,674,1011,27,12,1926,626,1925,25],"class_list":{"0":"post-567346","1":"post","2":"type-post","3":"status-publish","4":"format-standard","5":"has-post-thumbnail","7":"category-paris","8":"tag-actu","9":"tag-actu-paris","10":"tag-actualites","11":"tag-actualites-paris","12":"tag-eu","13":"tag-europe","14":"tag-fr","15":"tag-france","16":"tag-news","17":"tag-news-paris","18":"tag-paris","19":"tag-paris-news","20":"tag-republique-francaise"},"share_on_mastodon":{"url":"https:\/\/pubeurope.com\/@fr\/115634806892694739","error":""},"_links":{"self":[{"href":"https:\/\/www.europesays.com\/fr\/wp-json\/wp\/v2\/posts\/567346","targetHints":{"allow":["GET"]}}],"collection":[{"href":"https:\/\/www.europesays.com\/fr\/wp-json\/wp\/v2\/posts"}],"about":[{"href":"https:\/\/www.europesays.com\/fr\/wp-json\/wp\/v2\/types\/post"}],"author":[{"embeddable":true,"href":"https:\/\/www.europesays.com\/fr\/wp-json\/wp\/v2\/users\/2"}],"replies":[{"embeddable":true,"href":"https:\/\/www.europesays.com\/fr\/wp-json\/wp\/v2\/comments?post=567346"}],"version-history":[{"count":0,"href":"https:\/\/www.europesays.com\/fr\/wp-json\/wp\/v2\/posts\/567346\/revisions"}],"wp:featuredmedia":[{"embeddable":true,"href":"https:\/\/www.europesays.com\/fr\/wp-json\/wp\/v2\/media\/567347"}],"wp:attachment":[{"href":"https:\/\/www.europesays.com\/fr\/wp-json\/wp\/v2\/media?parent=567346"}],"wp:term":[{"taxonomy":"category","embeddable":true,"href":"https:\/\/www.europesays.com\/fr\/wp-json\/wp\/v2\/categories?post=567346"},{"taxonomy":"post_tag","embeddable":true,"href":"https:\/\/www.europesays.com\/fr\/wp-json\/wp\/v2\/tags?post=567346"}],"curies":[{"name":"wp","href":"https:\/\/api.w.org\/{rel}","templated":true}]}}