{"id":567362,"date":"2025-11-29T20:19:13","date_gmt":"2025-11-29T20:19:13","guid":{"rendered":"https:\/\/www.europesays.com\/fr\/567362\/"},"modified":"2025-11-29T20:19:13","modified_gmt":"2025-11-29T20:19:13","slug":"il-a-eu-beaucoup-de-chance-colere-sourde-du-psg-suite-a-lenorme-faute-sur-lucas-chevalier","status":"publish","type":"post","link":"https:\/\/www.europesays.com\/fr\/567362\/","title":{"rendered":"\u00ab\u00a0Il a eu beaucoup de chance\u00a0\u00bb\u00a0: col\u00e8re sourde du PSG suite \u00e0 l\u2019\u00e9norme faute sur Lucas Chevalier"},"content":{"rendered":"<p class=\"paragraph text_align_left lp-f-body-02\">Casque sans fil autour du cou, les yeux riv\u00e9s sur le t\u00e9l\u00e9phone et une d\u00e9marche claudicante. Lucas Chevalier a fait partie des derniers joueurs parisiens \u00e0 quitter le stade Louis-II ce samedi <a href=\"https:\/\/www.leparisien.fr\/sports\/football\/psg\/monaco-psg-1-0-paris-se-prend-les-pieds-dans-le-tapis-sur-le-rocher-29-11-2025-ESOCN4A25NHZTHCQCVXK5KS7CQ.php\" target=\"_self\" rel=\"noopener\">apr\u00e8s la d\u00e9faite contre Monaco (1-0) <\/a>et les m\u00e8tres s\u00e9parant le vestiaire visiteur du car du PSG ont permis de constater que le gardien fran\u00e7ais de 24 ans continuait de porter les stigmates du vilain tacle dont il a \u00e9t\u00e9 victime \u00e0 la 12e minute.<\/p>\n<p class=\"paragraph text_align_left lp-f-body-02\">Sa cheville droite, violemment touch\u00e9e par Lamine Camara, auteur d\u2019un geste aussi dangereux que risqu\u00e9, semblait le faire encore souffrir comme le d\u00e9montraient ses quelques pas h\u00e9sitants et ses appuis un peu plus forc\u00e9s sur la jambe gauche rest\u00e9e, elle, intacte.<\/p>\n<p class=\"paragraph text_align_left lp-f-body-02\">Voir Chevalier sans b\u00e9quilles et en \u00e9tat de jouer pendant toute la partie relevait presque du miracle au regard de la torsion de sa cheville. \u00ab Ma carri\u00e8re aurait pu prendre un autre tournant aujourd\u2019hui, a-t-il reconnu sur BeIN Sports. J\u2019ai eu beaucoup de chance\u2026 \u00bb L\u2019AS Monaco, aussi, a eu beaucoup de chance dans cette affaire qui aurait certainement pu (et d\u00fb ?) d\u00e9boucher sur une expulsion du milieu de terrain s\u00e9n\u00e9galais, simplement sanctionn\u00e9 d\u2019un carton jaune par Cl\u00e9ment Turpin.<\/p>\n<p class=\"paragraph text_align_left lp-f-body-02\">\u00ab Je ne sais pas s\u2019il aurait d\u00fb prendre rouge, a estim\u00e9 Maghnes Akliouche. Lamine rate un peu son pressing. On va dire que le jaune est orang\u00e9. Un carton rouge aurait \u00e9t\u00e9 exag\u00e9r\u00e9. \u00bb<\/p>\n<p class=\"paragraph text_align_left lp-f-body-02\">Une question de point de vue mais cette d\u00e9cision \u00e9tait fortement sujette \u00e0 d\u00e9bat. Alors que les ralentis de l\u2019action tournaient en boucle sur les TV de la tribune de presse et pouvaient franchement laisser croire \u00e0 une potentielle intervention du VAR pour demander l\u2019expulsion de Camara, celui-ci a finalement d\u00e9cid\u00e9 de ne pas appeler Cl\u00e9ment Turpin et de maintenir un simple avertissement.<\/p>\n<p>\u00ab Une tr\u00e8s grave erreur \u00bb<\/p>\n<p class=\"paragraph text_align_left lp-f-body-02\">\u00ab Pourquoi l\u2019arbitre n\u2019est pas all\u00e9 voir les images ? Il faut poser la question \u00e0 la personne qui a d\u00e9cid\u00e9 \u00e7a, a expliqu\u00e9 <a href=\"https:\/\/www.leparisien.fr\/sports\/football\/psg\/monaco-psg-1-0-notre-plus-mauvais-match-de-la-saison-estime-luis-enrique-29-11-2025-4VK67RGVMBFCFFZJG5OII2ONM4.php\" target=\"_self\" rel=\"noopener\">en conf\u00e9rence de presse Luis Enrique<\/a> Je voudrais parler beaucoup, beaucoup, beaucoup\u2026 Mais je pr\u00e9f\u00e8re dire que Chevalier a eu beaucoup de chance, je pense que c\u2019est suffisant. \u00bb<\/p>\n<p class=\"paragraph text_align_left lp-f-body-02\">Le technicien espagnol n\u2019a jamais l\u2019habitude de commenter les d\u00e9cisions arbitrales et malgr\u00e9 la gravit\u00e9 de la faute \u00e9vidente sur son gardien, il n\u2019a pas souhait\u00e9 aller sur le terrain de la pol\u00e9mique. En priv\u00e9, cette s\u00e9quence impressionnante, qui rappelait grandement celle v\u00e9cue la saison derni\u00e8re par un autre gardien, Gianluigi Donnarumma, <a href=\"https:\/\/www.leparisien.fr\/sports\/football\/ligue-1\/monaco-psg-2-4-cest-incomprehensible-pourquoi-singo-na-pas-ete-expulse-apres-sa-faute-sur-donnarumma-18-12-2024-S72KXIFJ65CWLCHEOUSTMF3XB4.php\" target=\"_self\" rel=\"noopener\">balafr\u00e9 au visage par les crampons de Wilfried Singo<\/a>, avait beaucoup plus de mal \u00e0 passer.<\/p>\n<p class=\"paragraph text_align_left lp-f-body-02\">Au moment de reprendre la direction de la capitale, c\u2019est l\u2019incompr\u00e9hension qui pr\u00e9dominait du c\u00f4t\u00e9 du PSG o\u00f9 l\u2019on parlait d\u2019une \u00ab tr\u00e8s grave erreur \u00bb commise par le corps arbitral. Apr\u00e8s avoir fait passer des images de la cheville de Chevalier \u00e0 certains journalistes \u00e0 la mi-temps, le club s\u2019estimait toujours flou\u00e9 : il en voulait \u00e0 la fois \u00e0 Cl\u00e9ment Turpin et au VAR de ne pas avoir pris ses responsabilit\u00e9s et de ne pas avoir adress\u00e9 de carton rouge \u00e0 Lamine Camara.<\/p>\n<p class=\"paragraph text_align_left lp-f-body-02\">Si le staff a ais\u00e9ment reconnu que son \u00e9quipe n\u2019avait pas \u00e9volu\u00e9 \u00e0 son v\u00e9ritable niveau et ne voulait pas se cacher derri\u00e8re des excuses, l\u2019absence d\u2019expulsion reste un myst\u00e8re pour beaucoup, en interne.<\/p>\n","protected":false},"excerpt":{"rendered":"Casque sans fil autour du cou, les yeux riv\u00e9s sur le t\u00e9l\u00e9phone et une d\u00e9marche claudicante. Lucas Chevalier&hellip;\n","protected":false},"author":2,"featured_media":567363,"comment_status":"","ping_status":"","sticky":false,"template":"","format":"standard","meta":{"footnotes":""},"categories":[1586],"tags":[11,1777,674,1779,63,1011,27,66,12,25,60,1778,364],"class_list":{"0":"post-567362","1":"post","2":"type-post","3":"status-publish","4":"format-standard","5":"has-post-thumbnail","7":"category-europe","8":"tag-actualites","9":"tag-eu","10":"tag-europe","11":"tag-european-union","12":"tag-football","13":"tag-fr","14":"tag-france","15":"tag-ligue-1","16":"tag-news","17":"tag-republique-francaise","18":"tag-sports","19":"tag-ue","20":"tag-union-europeenne"},"share_on_mastodon":{"url":"https:\/\/pubeurope.com\/@fr\/115634842248069269","error":""},"_links":{"self":[{"href":"https:\/\/www.europesays.com\/fr\/wp-json\/wp\/v2\/posts\/567362","targetHints":{"allow":["GET"]}}],"collection":[{"href":"https:\/\/www.europesays.com\/fr\/wp-json\/wp\/v2\/posts"}],"about":[{"href":"https:\/\/www.europesays.com\/fr\/wp-json\/wp\/v2\/types\/post"}],"author":[{"embeddable":true,"href":"https:\/\/www.europesays.com\/fr\/wp-json\/wp\/v2\/users\/2"}],"replies":[{"embeddable":true,"href":"https:\/\/www.europesays.com\/fr\/wp-json\/wp\/v2\/comments?post=567362"}],"version-history":[{"count":0,"href":"https:\/\/www.europesays.com\/fr\/wp-json\/wp\/v2\/posts\/567362\/revisions"}],"wp:featuredmedia":[{"embeddable":true,"href":"https:\/\/www.europesays.com\/fr\/wp-json\/wp\/v2\/media\/567363"}],"wp:attachment":[{"href":"https:\/\/www.europesays.com\/fr\/wp-json\/wp\/v2\/media?parent=567362"}],"wp:term":[{"taxonomy":"category","embeddable":true,"href":"https:\/\/www.europesays.com\/fr\/wp-json\/wp\/v2\/categories?post=567362"},{"taxonomy":"post_tag","embeddable":true,"href":"https:\/\/www.europesays.com\/fr\/wp-json\/wp\/v2\/tags?post=567362"}],"curies":[{"name":"wp","href":"https:\/\/api.w.org\/{rel}","templated":true}]}}