{"id":567376,"date":"2025-11-29T20:26:14","date_gmt":"2025-11-29T20:26:14","guid":{"rendered":"https:\/\/www.europesays.com\/fr\/567376\/"},"modified":"2025-11-29T20:26:14","modified_gmt":"2025-11-29T20:26:14","slug":"atp-zverev-numero-1-dun-classement-tres-embarrassant","status":"publish","type":"post","link":"https:\/\/www.europesays.com\/fr\/567376\/","title":{"rendered":"ATP > Zverev num\u00e9ro 1 d&rsquo;un classement tr\u00e8s embarrassant"},"content":{"rendered":"<p>Si le d\u00e9bat autour du meilleur joueur de l\u2019his\u00adtoire n\u2019ayant jamais remport\u00e9 de tournoi du Grand Chelem divise les fans et obser\u00adva\u00adteurs, ce clas\u00adse\u00adment devrait permettre d\u2019y voir un peu plus\u00a0clair.<\/p>\n<p>Apr\u00e8s cette fin de saison 2025, <strong>Alexander Zverev est en effet devenu le joueur ayant pass\u00e9 le plus de semaines parmi le Top 10 mondial (373) sans remporter le fameux Graal<\/strong>. Il devance ainsi des grands noms comme Tomas Berdych (369), David Ferrer (358), Nikolai Davydenko (268) et Jo\u2010Wilfried Tsonga (260). <\/p>\n<blockquote class=\"twitter-tweet\">\n<p lang=\"es\" dir=\"ltr\">TENISTAS CON M\u00c1S SEMANAS EN EL TOP 10 SIN GANAR UN GRAND SLAM. \ud83e\udd2f<\/p>\n<p>\ud83c\udde9\ud83c\uddea Alexander Zverev \u2013 373 semanas<br \/>\ud83c\udde8\ud83c\uddff Tomas Berdych \u2013 369 semanas<br \/>\ud83c\uddea\ud83c\uddf8 David Ferrer \u2013 358 semanas<br \/>\ud83c\uddf7\ud83c\uddfa Nikolai Davydenko \u2013 268 semanas<br \/>\ud83c\uddeb\ud83c\uddf7 Jo\u2010Wilfried Tsonga \u2013 260 semanas <a href=\"https:\/\/t.co\/auP2F2KAza\" data-wpel-link=\"external\" target=\"_blank\" rel=\"nofollow external noopener\">pic.twitter.com\/auP2F2KAza<\/a><\/p>\n<p>\u2014 ESPN Tenis (@ESPNtenis) <a href=\"https:\/\/twitter.com\/ESPNtenis\/status\/1994410311353237771?ref_src=twsrc%5Etfw\" data-wpel-link=\"external\" target=\"_blank\" rel=\"nofollow external noopener\">November 28,\u00a02025<\/a><\/p><\/blockquote>\n<p>Et avec la domi\u00adna\u00adtion actuelle de Carlos Alcaraz et Jannik Sinner, l\u2019Allemand n\u2019est pas sorti de l\u2019auberge\u2026\u00a0<\/p>\n<p class=\"post-published-date\" style=\"color: silver; font-size: 75%; text-align: left;\">Publi\u00e9 le samedi 29 novembre 2025 \u00e0 14:44<\/p>\n<p><script async src=\"https:\/\/platform.twitter.com\/widgets.js\" charset=\"utf-8\"><\/script><\/p>\n","protected":false},"excerpt":{"rendered":"Si le d\u00e9bat autour du meilleur joueur de l\u2019his\u00adtoire n\u2019ayant jamais remport\u00e9 de tournoi du Grand Chelem divise&hellip;\n","protected":false},"author":2,"featured_media":531154,"comment_status":"","ping_status":"","sticky":false,"template":"","format":"standard","meta":{"footnotes":""},"categories":[1415],"tags":[1744,1011,27,2127,60,1467,14828,4542],"class_list":{"0":"post-567376","1":"post","2":"type-post","3":"status-publish","4":"format-standard","5":"has-post-thumbnail","7":"category-tennis","8":"tag-alcaraz","9":"tag-fr","10":"tag-france","11":"tag-sinner","12":"tag-sports","13":"tag-tennis","14":"tag-tsonga","15":"tag-zverev"},"share_on_mastodon":{"url":"https:\/\/pubeurope.com\/@fr\/115634869588210213","error":""},"_links":{"self":[{"href":"https:\/\/www.europesays.com\/fr\/wp-json\/wp\/v2\/posts\/567376","targetHints":{"allow":["GET"]}}],"collection":[{"href":"https:\/\/www.europesays.com\/fr\/wp-json\/wp\/v2\/posts"}],"about":[{"href":"https:\/\/www.europesays.com\/fr\/wp-json\/wp\/v2\/types\/post"}],"author":[{"embeddable":true,"href":"https:\/\/www.europesays.com\/fr\/wp-json\/wp\/v2\/users\/2"}],"replies":[{"embeddable":true,"href":"https:\/\/www.europesays.com\/fr\/wp-json\/wp\/v2\/comments?post=567376"}],"version-history":[{"count":0,"href":"https:\/\/www.europesays.com\/fr\/wp-json\/wp\/v2\/posts\/567376\/revisions"}],"wp:featuredmedia":[{"embeddable":true,"href":"https:\/\/www.europesays.com\/fr\/wp-json\/wp\/v2\/media\/531154"}],"wp:attachment":[{"href":"https:\/\/www.europesays.com\/fr\/wp-json\/wp\/v2\/media?parent=567376"}],"wp:term":[{"taxonomy":"category","embeddable":true,"href":"https:\/\/www.europesays.com\/fr\/wp-json\/wp\/v2\/categories?post=567376"},{"taxonomy":"post_tag","embeddable":true,"href":"https:\/\/www.europesays.com\/fr\/wp-json\/wp\/v2\/tags?post=567376"}],"curies":[{"name":"wp","href":"https:\/\/api.w.org\/{rel}","templated":true}]}}