{"id":567383,"date":"2025-11-29T20:33:20","date_gmt":"2025-11-29T20:33:20","guid":{"rendered":"https:\/\/www.europesays.com\/fr\/567383\/"},"modified":"2025-11-29T20:33:20","modified_gmt":"2025-11-29T20:33:20","slug":"le-musee-george-sand-et-de-la-vallee-noire-de-la-chatre-accueille-le-depot-de-la-collection-raoul-adam","status":"publish","type":"post","link":"https:\/\/www.europesays.com\/fr\/567383\/","title":{"rendered":"Le mus\u00e9e George Sand et de la Vall\u00e9e Noire de La Ch\u00e2tre accueille le d\u00e9p\u00f4t de la collection Raoul Adam"},"content":{"rendered":"<p>La Ville de <a target=\"_self\" href=\"https:\/\/www.lanouvellerepublique.fr\/la-chatre\" rel=\"noopener\">La Ch\u00e2tre<\/a> et l\u2019Association des amis de Raoul Adam ont officialis\u00e9 la mise en d\u00e9p\u00f4t d\u2019une partie importante de l\u2019\u0153uvre du peintre berrichon (1881-1948) au mus\u00e9e George Sand et de la Vall\u00e9e Noire. La signature de la convention s\u2019est d\u00e9roul\u00e9e samedi 15\u00a0novembre 2025, en pr\u00e9sence du pr\u00e9sident de l\u2019association, Christian Niel\u00a0; du petit-fils de l\u2019artiste, Jean-Jacques Adam\u00a0; du <a target=\"_self\" href=\"https:\/\/www.lanouvellerepublique.fr\/la-chatre\/municipales-2026-a-la-chatre-le-maire-sortant-patrick-judalet-raccroche-le-depute-nicolas-forissier-pret-a-revenir-1759167918\" rel=\"noopener\">maire, Patrick Judalet<\/a>, et de l\u2019adjointe \u00e0 l&#8230; <\/p>\n<p>    Cet article a \u00e9t\u00e9 tronqu\u00e9. Abonnez-vous pour lire l&rsquo;article complet sur notre site.<\/p>\n<p style=\"margin: 0 !important; padding: 0 !important; font-size: 12px !important;\">Cet article a \u00e9t\u00e9 tronqu\u00e9. Abonnez-vous pour lire l&rsquo;article complet.<\/p>\n<p>    <a href=\"https:\/\/www.lanouvellerepublique.fr\/abonnements\" style=\"display: inline-block; margin-top: 5px !important; padding: 6px 12px !important; background: #cb1c27; color: white; text-decoration: none; border-radius: 4px; font-size: 12px !important;\" target=\"_blank\" rel=\"noopener\"><br \/>\n      S&rsquo;abonner<br \/>\n    <\/a><\/p>\n","protected":false},"excerpt":{"rendered":"La Ville de La Ch\u00e2tre et l\u2019Association des amis de Raoul Adam ont officialis\u00e9 la mise en d\u00e9p\u00f4t&hellip;\n","protected":false},"author":2,"featured_media":567384,"comment_status":"","ping_status":"","sticky":false,"template":"","format":"standard","meta":{"footnotes":""},"categories":[1358],"tags":[1392,1348,1384,1385,1674,1386,58,59,1011,27,5052,45370,1393,7107],"class_list":{"0":"post-567383","1":"post","2":"type-post","3":"status-publish","4":"format-standard","5":"has-post-thumbnail","7":"category-arts-et-design","8":"tag-a-la-une-local","9":"tag-arts","10":"tag-arts-and-design","11":"tag-arts-et-design","12":"tag-communes","13":"tag-design","14":"tag-divertissement","15":"tag-entertainment","16":"tag-fr","17":"tag-france","18":"tag-indre","19":"tag-la-chatre","20":"tag-loisirs","21":"tag-musees"},"share_on_mastodon":{"url":"https:\/\/pubeurope.com\/@fr\/115634897117831572","error":""},"_links":{"self":[{"href":"https:\/\/www.europesays.com\/fr\/wp-json\/wp\/v2\/posts\/567383","targetHints":{"allow":["GET"]}}],"collection":[{"href":"https:\/\/www.europesays.com\/fr\/wp-json\/wp\/v2\/posts"}],"about":[{"href":"https:\/\/www.europesays.com\/fr\/wp-json\/wp\/v2\/types\/post"}],"author":[{"embeddable":true,"href":"https:\/\/www.europesays.com\/fr\/wp-json\/wp\/v2\/users\/2"}],"replies":[{"embeddable":true,"href":"https:\/\/www.europesays.com\/fr\/wp-json\/wp\/v2\/comments?post=567383"}],"version-history":[{"count":0,"href":"https:\/\/www.europesays.com\/fr\/wp-json\/wp\/v2\/posts\/567383\/revisions"}],"wp:featuredmedia":[{"embeddable":true,"href":"https:\/\/www.europesays.com\/fr\/wp-json\/wp\/v2\/media\/567384"}],"wp:attachment":[{"href":"https:\/\/www.europesays.com\/fr\/wp-json\/wp\/v2\/media?parent=567383"}],"wp:term":[{"taxonomy":"category","embeddable":true,"href":"https:\/\/www.europesays.com\/fr\/wp-json\/wp\/v2\/categories?post=567383"},{"taxonomy":"post_tag","embeddable":true,"href":"https:\/\/www.europesays.com\/fr\/wp-json\/wp\/v2\/tags?post=567383"}],"curies":[{"name":"wp","href":"https:\/\/api.w.org\/{rel}","templated":true}]}}