{"id":567385,"date":"2025-11-29T20:35:24","date_gmt":"2025-11-29T20:35:24","guid":{"rendered":"https:\/\/www.europesays.com\/fr\/567385\/"},"modified":"2025-11-29T20:35:24","modified_gmt":"2025-11-29T20:35:24","slug":"comme-dans-the-beast-in-me-dix-series-aux-face-a-face-tendus-telerama","status":"publish","type":"post","link":"https:\/\/www.europesays.com\/fr\/567385\/","title":{"rendered":"Comme dans \u201cThe Beast in Me\u201d, dix s\u00e9ries aux face-\u00e0-face tendus &#8211; T\u00e9l\u00e9rama"},"content":{"rendered":"<ol>\n<li><a href=\"https:\/\/news.google.com\/rss\/articles\/CBMiqgFBVV95cUxPazFvR0tyS2V1SzVPMklMcnhYRlZXclVxVHk2dGctblBMQ0wzNmt5MmFNa0xnZTA5NE9Md3M2WWtNb0h6bXE0ZFRwck4yUndKS1lpM01FbVpxSFRrTl9QUUxFbXQyMGpuNWlIMTJUZWloY1F6M1VpM3BKcE1xeUdRbkp1SWJlTmo3bERLVTZ2Q3hYdjVWWlkwNDRmRlA1ZXZTaVotM0xKMVcwZw?oc=5\" target=\"_blank\" rel=\"noopener\">Comme dans \u201cThe Beast in Me\u201d, dix s\u00e9ries aux face-\u00e0-face tendus<\/a>&nbsp;&nbsp;T\u00e9l\u00e9rama<\/li>\n<li><a href=\"https:\/\/news.google.com\/rss\/articles\/CBMi5gFBVV95cUxPTjk1YVFsdTctQ2d1LTA3cUR4QkIwb1pmQU0xTmRUN2ozNEdsMUJSWU5yeDJGdG1kU0dQSG5jQUZSVjhoWGtGNm1IT2JGWU0za1JCUGJkUktRNlNlOGQxTk5BU251YnlZZ05Wb2J6aXZGa1IzLWZaWTB0dnNZTGEzUExPTmlybWxwQmdjdDBQZ2s2cGlMVTdBaXNxd1p0eWdsVWtoVXZVNEhIRkFVRzZpMm53S1NiWFcwZUJENXFKWkpnX011YzRzb2k1dXFnR1dvdVg1dDIxNzNQWmZhSFZtX182YlQ0UQ?oc=5\" target=\"_blank\" rel=\"noopener\">\u00ab\u00a0The Beast in Me\u00a0\u00bb sur Netflix, un thriller psychologique tr\u00e8s crispant avec Claire Danes<\/a>&nbsp;&nbsp;rts.ch<\/li>\n<li><a href=\"https:\/\/news.google.com\/rss\/articles\/CBMieEFVX3lxTE15djRHNnQ2MG1LV0F0eGpsR0tSMUF3cXczMkxud3dHYXNiUGNzMmhiUmlEdnY3Y0xUTENYZUh3Z3JYbUc4SlZoZGVJUG5PYV9DMkxSZnd3X0lzaXRlU3R1TmdKTE5sOTNuZUV5SklQWWRIaFlQZUFnZg?oc=5\" target=\"_blank\" rel=\"noopener\">Surjouer n&rsquo;est pas jouer&#8230; par Eric BBYoda<\/a>&nbsp;&nbsp;SensCritique<\/li>\n<li><a href=\"https:\/\/news.google.com\/rss\/articles\/CBMi_gFBVV95cUxQcEQ2bXJ3bEdqWDA5cncycG9pRjBpbzA2dGJWRWQ4Ym05NHVNWDMwZE41bjEyalBhelBxQmJtbTVGVmw4WUxob1lvZUpkT28weXVfQVlQYm9QZTFxU3ZOb21NLUpjRjR4MHJyYXhoMmtUNzZUNTF0dXZmR2VfeTgtdEVoQjc3MnNkZkV5S212WlRYbVZfUG5uUXc3SnZzOFRqd21uTHM4dE42bEFEUGs2ZGxja2NlS0prUUdYNkF3c0xnbERMUzJmZ0xhMFA3dDRsMmkxQ0ZraHFCbUlSOUU2dS1xdVgtUjYxUW1ieHl6UFdHYzdDbWdhZ21pMV9hUQ?oc=5\" target=\"_blank\" rel=\"noopener\">\u00ab\u00a0Excellente\u00a0\u00bb : 45,4 millions d\u2019heures visionn\u00e9es en 4 jours, cette mini-s\u00e9rie pleine de suspense se d\u00e9vore en une soir\u00e9e<\/a>&nbsp;&nbsp;Biba Magazine<\/li>\n<li><a href=\"https:\/\/news.google.com\/rss\/articles\/CBMixwFBVV95cUxQSE1xQjRvT1Nsc3ZoZDItS2xFZ01TY1BtcEhvWGRwbkhhMloyZW5ZZ0dzbnF6Y1BhSWI4MHBFTHcxdFhpbkp2aTFpamRTQ0FZVFdhTktGX3V3bHVFa2gyNFZqeEg3SFlFMDdpY0ZKTlRzV0FHMnpOSEk3TDJBOGRyWGY2UlhHMW1JT1NyUlhsVXFXb3NmZmgtdmVjVjN5dEh3U0R0VkhrUXliSHFQTGR3MGJVaUdDS2NvSEZqcG5Lck81VE1BTVlN?oc=5\" target=\"_blank\" rel=\"noopener\">Cette s\u00e9rie m\u00e9connue se place num\u00e9ro 1 devant Stranger Things sur Netflix<\/a>&nbsp;&nbsp;Demotivateur<\/li>\n<\/ol>\n","protected":false},"excerpt":{"rendered":"Comme dans \u201cThe Beast in Me\u201d, dix s\u00e9ries aux face-\u00e0-face tendus&nbsp;&nbsp;T\u00e9l\u00e9rama \u00ab\u00a0The Beast in Me\u00a0\u00bb sur Netflix, un&hellip;\n","protected":false},"author":2,"featured_media":567386,"comment_status":"","ping_status":"","sticky":false,"template":"","format":"standard","meta":{"footnotes":""},"categories":[1356],"tags":[58,59,1011,27,252,1364],"class_list":{"0":"post-567385","1":"post","2":"type-post","3":"status-publish","4":"format-standard","5":"has-post-thumbnail","7":"category-television","8":"tag-divertissement","9":"tag-entertainment","10":"tag-fr","11":"tag-france","12":"tag-television","13":"tag-tv"},"share_on_mastodon":{"url":"https:\/\/pubeurope.com\/@fr\/115634905029769775","error":""},"_links":{"self":[{"href":"https:\/\/www.europesays.com\/fr\/wp-json\/wp\/v2\/posts\/567385","targetHints":{"allow":["GET"]}}],"collection":[{"href":"https:\/\/www.europesays.com\/fr\/wp-json\/wp\/v2\/posts"}],"about":[{"href":"https:\/\/www.europesays.com\/fr\/wp-json\/wp\/v2\/types\/post"}],"author":[{"embeddable":true,"href":"https:\/\/www.europesays.com\/fr\/wp-json\/wp\/v2\/users\/2"}],"replies":[{"embeddable":true,"href":"https:\/\/www.europesays.com\/fr\/wp-json\/wp\/v2\/comments?post=567385"}],"version-history":[{"count":0,"href":"https:\/\/www.europesays.com\/fr\/wp-json\/wp\/v2\/posts\/567385\/revisions"}],"wp:featuredmedia":[{"embeddable":true,"href":"https:\/\/www.europesays.com\/fr\/wp-json\/wp\/v2\/media\/567386"}],"wp:attachment":[{"href":"https:\/\/www.europesays.com\/fr\/wp-json\/wp\/v2\/media?parent=567385"}],"wp:term":[{"taxonomy":"category","embeddable":true,"href":"https:\/\/www.europesays.com\/fr\/wp-json\/wp\/v2\/categories?post=567385"},{"taxonomy":"post_tag","embeddable":true,"href":"https:\/\/www.europesays.com\/fr\/wp-json\/wp\/v2\/tags?post=567385"}],"curies":[{"name":"wp","href":"https:\/\/api.w.org\/{rel}","templated":true}]}}