{"id":567387,"date":"2025-11-29T20:37:19","date_gmt":"2025-11-29T20:37:19","guid":{"rendered":"https:\/\/www.europesays.com\/fr\/567387\/"},"modified":"2025-11-29T20:37:19","modified_gmt":"2025-11-29T20:37:19","slug":"un-visiteur-nomme-matt-pokora-a-neuville-de-poitou","status":"publish","type":"post","link":"https:\/\/www.europesays.com\/fr\/567387\/","title":{"rendered":"un visiteur nomm\u00e9 Matt Pokora \u00e0 Neuville-de-Poitou"},"content":{"rendered":"<p><a target=\"_blank\" href=\"https:\/\/mpokora.shop\/\" rel=\"noopener\">Matt Pokora<\/a> chantant dans son jardin, \u00e0 Neuville-de-Poitou, devant les cam\u00e9ras de<a target=\"_blank\" href=\"https:\/\/www.tf1.fr\/tf1\/stars-a-domicile\" rel=\"noopener\"> Stars \u00e0 domicile<\/a>\u00a0! Le choc avait \u00e9t\u00e9 fort, le samedi 7\u00a0juin 2025, pour Camille. Apr\u00e8s avoir d\u00e9couvert le film de cette folle journ\u00e9e, en prime time, sur TF1, six mois plus tard, le vendredi 28\u00a0novembre, elle avoue qu\u2019elle a eu \u00ab\u00a0une petite larme\u00a0\u00bb en se voyant partager avec ses enfants, sa m\u00e8re, sa belle-m\u00e8re, la belle surprise qui lui a \u00e9t\u00e9 offerte par Yoann, son amoureux&#8230;. <\/p>\n<p>    Cet article a \u00e9t\u00e9 tronqu\u00e9. Abonnez-vous pour lire l&rsquo;article complet sur notre site.<\/p>\n<p style=\"margin: 0 !important; padding: 0 !important; font-size: 12px !important;\">Cet article a \u00e9t\u00e9 tronqu\u00e9. Abonnez-vous pour lire l&rsquo;article complet.<\/p>\n<p>    <a href=\"https:\/\/www.lanouvellerepublique.fr\/abonnements\" style=\"display: inline-block; margin-top: 5px !important; padding: 6px 12px !important; background: #cb1c27; color: white; text-decoration: none; border-radius: 4px; font-size: 12px !important;\" target=\"_blank\" rel=\"noopener\"><br \/>\n      S&rsquo;abonner<br \/>\n    <\/a><\/p>\n","protected":false},"excerpt":{"rendered":"Matt Pokora chantant dans son jardin, \u00e0 Neuville-de-Poitou, devant les cam\u00e9ras de Stars \u00e0 domicile\u00a0! Le choc avait&hellip;\n","protected":false},"author":2,"featured_media":567388,"comment_status":"","ping_status":"","sticky":false,"template":"","format":"standard","meta":{"footnotes":""},"categories":[1355],"tags":[328,1392,1695,58,59,1011,27,1393,500,1361,873,33326,252,1584],"class_list":{"0":"post-567387","1":"post","2":"type-post","3":"status-publish","4":"format-standard","5":"has-post-thumbnail","7":"category-musique","8":"tag-a-la-une","9":"tag-a-la-une-local","10":"tag-chanson","11":"tag-divertissement","12":"tag-entertainment","13":"tag-fr","14":"tag-france","15":"tag-loisirs","16":"tag-medias","17":"tag-music","18":"tag-musique","19":"tag-neuville-de-poitou","20":"tag-television","21":"tag-vienne"},"share_on_mastodon":{"url":"https:\/\/pubeurope.com\/@fr\/115634912980789910","error":""},"_links":{"self":[{"href":"https:\/\/www.europesays.com\/fr\/wp-json\/wp\/v2\/posts\/567387","targetHints":{"allow":["GET"]}}],"collection":[{"href":"https:\/\/www.europesays.com\/fr\/wp-json\/wp\/v2\/posts"}],"about":[{"href":"https:\/\/www.europesays.com\/fr\/wp-json\/wp\/v2\/types\/post"}],"author":[{"embeddable":true,"href":"https:\/\/www.europesays.com\/fr\/wp-json\/wp\/v2\/users\/2"}],"replies":[{"embeddable":true,"href":"https:\/\/www.europesays.com\/fr\/wp-json\/wp\/v2\/comments?post=567387"}],"version-history":[{"count":0,"href":"https:\/\/www.europesays.com\/fr\/wp-json\/wp\/v2\/posts\/567387\/revisions"}],"wp:featuredmedia":[{"embeddable":true,"href":"https:\/\/www.europesays.com\/fr\/wp-json\/wp\/v2\/media\/567388"}],"wp:attachment":[{"href":"https:\/\/www.europesays.com\/fr\/wp-json\/wp\/v2\/media?parent=567387"}],"wp:term":[{"taxonomy":"category","embeddable":true,"href":"https:\/\/www.europesays.com\/fr\/wp-json\/wp\/v2\/categories?post=567387"},{"taxonomy":"post_tag","embeddable":true,"href":"https:\/\/www.europesays.com\/fr\/wp-json\/wp\/v2\/tags?post=567387"}],"curies":[{"name":"wp","href":"https:\/\/api.w.org\/{rel}","templated":true}]}}