{"id":567391,"date":"2025-11-29T20:39:20","date_gmt":"2025-11-29T20:39:20","guid":{"rendered":"https:\/\/www.europesays.com\/fr\/567391\/"},"modified":"2025-11-29T20:39:20","modified_gmt":"2025-11-29T20:39:20","slug":"le-plan-dun-medecin-pour-recharger-votre-vitamine-d","status":"publish","type":"post","link":"https:\/\/www.europesays.com\/fr\/567391\/","title":{"rendered":"le plan d\u2019un m\u00e9decin pour recharger votre vitamine D"},"content":{"rendered":"<p>Pourquoi la vitamine D est-elle<br \/>\nsi importante ?<\/p>\n<p data-start=\"632\" data-end=\"1076\">La vitamine D n\u2019est pas une<br \/>\nsimple vitamine comme les autres : c\u2019est un v\u00e9ritable chef<br \/>\nd\u2019orchestre de notre sant\u00e9. Elle contribue \u00e0 fixer le calcium sur<br \/>\nles os, soutient les muscles, renforce le syst\u00e8me immunitaire et<br \/>\nparticipe au bon fonctionnement du c\u0153ur et des cellules. D\u2019apr\u00e8s<br \/>\nl\u2019Agence nationale de s\u00e9curit\u00e9 sanitaire (Anses), une carence<br \/>\nprolong\u00e9e peut provoquer de la fatigue, des douleurs musculaires,<br \/>\nvoire de l\u2019ost\u00e9oporose.<\/p>\n<p data-start=\"1078\" data-end=\"1482\">Le probl\u00e8me, c\u2019est que notre<br \/>\nprincipale source de <a href=\"https:\/\/www.modesettravaux.fr\/beaute-bien-etre\/fatigue-trous-de-memoire-fourmillements-apres-50-ans-ce-manque-de-vitamine-b12-que-vous-ne-devez-plus-ignorer-160120.html\" target=\"_blank\" rel=\"noopener\"><br \/>\nvitamine D<\/a> est le soleil. En hiver, surtout au nord de la<br \/>\nFrance, les rayons UVB deviennent trop faibles pour que la peau<br \/>\npuisse en produire suffisamment. Selon l\u2019Inserm, pr\u00e8s de 80 % des<br \/>\nFran\u00e7ais pr\u00e9sentent un d\u00e9ficit en vitamine D entre novembre et<br \/>\nmars. Heureusement, il existe des solutions concr\u00e8tes pour<br \/>\nrecharger les batteries naturellement.<\/p>\n<p>1. S\u2019exposer intelligemment \u00e0<br \/>\nla lumi\u00e8re du soleil<\/p>\n<p data-start=\"1541\" data-end=\"1842\">Le premier r\u00e9flexe, c\u2019est<br \/>\n\u00e9videmment de profiter de chaque rayon de soleil. M\u00eame si les<br \/>\njourn\u00e9es sont courtes, s\u2019exposer 15 \u00e0 20 minutes par jour peut<br \/>\nsuffire \u00e0 stimuler la production de vitamine D. L\u2019id\u00e9al ? Sortir en<br \/>\nfin de matin\u00e9e ou en d\u00e9but d\u2019apr\u00e8s-midi, lorsque le soleil est le<br \/>\nplus haut.<\/p>\n<p data-start=\"1844\" data-end=\"2162\">Le Dr Bracamonte rappelle<br \/>\nqu\u2019il ne s\u2019agit pas de bronzer, mais d\u2019exposer les zones d\u00e9gag\u00e9es<br \/>\ndu corps : visage, avant-bras ou mains. \u201cM\u00eame par temps nuageux, la<br \/>\npeau capte une partie des rayons UV\u201d, pr\u00e9cise-t-il. En clair, une<br \/>\npetite promenade quotidienne, sans gants ni chapeau, peut d\u00e9j\u00e0<br \/>\nfaire une vraie diff\u00e9rence.<\/p>\n<p data-start=\"2164\" data-end=\"2399\">Et si vous vivez dans une<br \/>\nr\u00e9gion o\u00f9 le soleil joue \u00e0 cache-cache, essayez la luminoth\u00e9rapie :<br \/>\nune exposition de 20 minutes devant une lampe sp\u00e9ciale peut aider \u00e0<br \/>\nr\u00e9guler le rythme biologique et \u00e0 combattre la fatigue<br \/>\nsaisonni\u00e8re.<\/p>\n<p>2. Miser sur une alimentation<br \/>\nriche en vitamine D<\/p>\n<p data-start=\"2457\" data-end=\"2720\">Quand le ciel fait grise mine,<br \/>\nl\u2019assiette devient notre alli\u00e9e. De nombreux aliments contiennent<br \/>\nde la vitamine D, mais encore faut-il les conna\u00eetre et les int\u00e9grer<br \/>\n\u00e0 ses repas. Le m\u00e9decin recommande notamment le poisson gras,<br \/>\nv\u00e9ritable tr\u00e9sor nutritionnel.<\/p>\n<p data-start=\"2722\" data-end=\"2777\">Voici les champions du<br \/>\nclassement selon l\u2019Anses :<\/p>\n<ul data-start=\"2778\" data-end=\"3077\">\n<li data-start=\"2778\" data-end=\"2863\">\n<p data-start=\"2780\" data-end=\"2863\">L\u2019huile de foie de morue<br \/>\n(imbattable, mais pas toujours au go\u00fbt de tout le monde)<\/p>\n<\/li>\n<li data-start=\"2864\" data-end=\"2907\">\n<p data-start=\"2866\" data-end=\"2907\">Le hareng, le maquereau et les<br \/>\nsardines<\/p>\n<\/li>\n<li data-start=\"2908\" data-end=\"2934\">\n<p data-start=\"2910\" data-end=\"2934\">Le saumon et la truite<\/p>\n<\/li>\n<li data-start=\"2935\" data-end=\"2955\">\n<p data-start=\"2937\" data-end=\"2955\">Le thon en bo\u00eete<\/p>\n<\/li>\n<li data-start=\"2956\" data-end=\"2987\">\n<p data-start=\"2958\" data-end=\"2987\">Les \u0153ufs et le lait<br \/>\nenrichi<\/p>\n<\/li>\n<li data-start=\"2988\" data-end=\"3036\">\n<p data-start=\"2990\" data-end=\"3036\">Le chocolat noir (oui, une<br \/>\nbonne nouvelle !)<\/p>\n<\/li>\n<li data-start=\"3037\" data-end=\"3077\">\n<p data-start=\"3039\" data-end=\"3077\">Les champignons expos\u00e9s \u00e0 la<br \/>\nlumi\u00e8re<\/p>\n<\/li>\n<\/ul>\n<p data-start=\"3079\" data-end=\"3387\">Une omelette aux <a href=\"https:\/\/www.modesettravaux.fr\/actualites\/jusqua-45-000-e-damende-ce-que-risquent-vraiment-les-cueilleurs-de-champignon-59530-158340.html\" target=\"_blank\" rel=\"noopener\"><br \/>\nchampignons<\/a>, un filet de saumon ou un toast de sardines peuvent<br \/>\ndonc valoir bien plus qu\u2019un simple repas : ils apportent un vrai<br \/>\ncoup de boost \u00e0 votre organisme. Pour varier, certaines c\u00e9r\u00e9ales ou<br \/>\njus d\u2019orange sont aussi enrichis en vitamine D \u2014 pratique quand on<br \/>\nmanque d\u2019app\u00e9tit matinal.<\/p>\n<p>3. Envisager une<br \/>\nsuppl\u00e9mentation si n\u00e9cessaire<\/p>\n<p data-start=\"3442\" data-end=\"3737\">Malgr\u00e9 toutes ces bonnes<br \/>\nhabitudes, certaines personnes ont besoin d\u2019un petit coup de pouce.<br \/>\nLes personnes \u00e2g\u00e9es, les femmes enceintes ou m\u00e9nopaus\u00e9es, et les<br \/>\nnouveau-n\u00e9s font partie des populations \u00e0 risque, selon l\u2019Anses.<br \/>\nDans ces cas, un compl\u00e9ment de vitamine D peut s\u2019av\u00e9rer utile.<\/p>\n<p data-start=\"3739\" data-end=\"4031\">Le Dr Bracamonte conseille de<br \/>\nprivil\u00e9gier une prise le matin, au moment du petit-d\u00e9jeuner, pour<br \/>\nune meilleure assimilation. \u201cUn suppl\u00e9ment \u00e0 faible dose, pris<br \/>\nr\u00e9guli\u00e8rement, peut aider \u00e0 pr\u00e9server la sant\u00e9 osseuse et<br \/>\nmusculaire tout en renfor\u00e7ant le syst\u00e8me immunitaire\u201d,<br \/>\nexplique-t-il.<\/p>\n<p data-start=\"4033\" data-end=\"4226\">Attention cependant \u00e0 ne pas<br \/>\nen abuser : un exc\u00e8s de vitamine D peut \u00eatre aussi nocif qu\u2019une<br \/>\ncarence. Le bon r\u00e9flexe reste donc d\u2019en parler \u00e0 son m\u00e9decin ou \u00e0<br \/>\nson pharmacien avant toute cure.<\/p>\n<p>En<br \/>\nr\u00e9sum\u00e9 : un trio gagnant contre la carence<\/p>\n<p data-start=\"4280\" data-end=\"4637\">L\u2019hiver n\u2019a pas \u00e0 rimer avec<br \/>\nfatigue et moral en berne. En combinant l\u2019exposition au <a href=\"https:\/\/www.modesettravaux.fr\/trucs-et-astuces\/fallait-le-savoir\/soleil-cout-de-la-vie-soins-ce-paradis-lointain-fait-oublier-le-portugal-a-de-nombreux-retraites-francais-154303.html\" target=\"_blank\" rel=\"noopener\"><br \/>\nsoleil<\/a>, une alimentation adapt\u00e9e et, si besoin, une<br \/>\nsuppl\u00e9mentation raisonn\u00e9e, on peut traverser la saison froide en<br \/>\npleine forme. Et si le soleil se fait rare dehors, rien n\u2019emp\u00eache<br \/>\nd\u2019en mettre un peu dans l\u2019assiette \u2014 c\u2019est souvent l\u00e0 qu\u2019il brille<br \/>\nle plus.<\/p>\n","protected":false},"excerpt":{"rendered":"Pourquoi la vitamine D est-elle si importante ? La vitamine D n\u2019est pas une simple vitamine comme les&hellip;\n","protected":false},"author":2,"featured_media":567392,"comment_status":"","ping_status":"","sticky":false,"template":"","format":"standard","meta":{"footnotes":""},"categories":[10],"tags":[39668,1011,27,72,71],"class_list":{"0":"post-567391","1":"post","2":"type-post","3":"status-publish","4":"format-standard","5":"has-post-thumbnail","7":"category-sante","8":"tag-discop","9":"tag-fr","10":"tag-france","11":"tag-health","12":"tag-sante"},"share_on_mastodon":{"url":"https:\/\/pubeurope.com\/@fr\/115634920838912671","error":""},"_links":{"self":[{"href":"https:\/\/www.europesays.com\/fr\/wp-json\/wp\/v2\/posts\/567391","targetHints":{"allow":["GET"]}}],"collection":[{"href":"https:\/\/www.europesays.com\/fr\/wp-json\/wp\/v2\/posts"}],"about":[{"href":"https:\/\/www.europesays.com\/fr\/wp-json\/wp\/v2\/types\/post"}],"author":[{"embeddable":true,"href":"https:\/\/www.europesays.com\/fr\/wp-json\/wp\/v2\/users\/2"}],"replies":[{"embeddable":true,"href":"https:\/\/www.europesays.com\/fr\/wp-json\/wp\/v2\/comments?post=567391"}],"version-history":[{"count":0,"href":"https:\/\/www.europesays.com\/fr\/wp-json\/wp\/v2\/posts\/567391\/revisions"}],"wp:featuredmedia":[{"embeddable":true,"href":"https:\/\/www.europesays.com\/fr\/wp-json\/wp\/v2\/media\/567392"}],"wp:attachment":[{"href":"https:\/\/www.europesays.com\/fr\/wp-json\/wp\/v2\/media?parent=567391"}],"wp:term":[{"taxonomy":"category","embeddable":true,"href":"https:\/\/www.europesays.com\/fr\/wp-json\/wp\/v2\/categories?post=567391"},{"taxonomy":"post_tag","embeddable":true,"href":"https:\/\/www.europesays.com\/fr\/wp-json\/wp\/v2\/tags?post=567391"}],"curies":[{"name":"wp","href":"https:\/\/api.w.org\/{rel}","templated":true}]}}