{"id":567399,"date":"2025-11-29T20:45:23","date_gmt":"2025-11-29T20:45:23","guid":{"rendered":"https:\/\/www.europesays.com\/fr\/567399\/"},"modified":"2025-11-29T20:45:23","modified_gmt":"2025-11-29T20:45:23","slug":"hyper-confortable-cet-oreiller-elu-produit-de-lannee-est-a-prix-casse-pour-le-black-friday","status":"publish","type":"post","link":"https:\/\/www.europesays.com\/fr\/567399\/","title":{"rendered":"hyper confortable, cet oreiller \u00e9lu produit de l&rsquo;ann\u00e9e est \u00e0 prix cass\u00e9 pour le Black Friday"},"content":{"rendered":"<p>L&rsquo;oreiller Nuage Elite d&rsquo;Emma s&rsquo;adresse \u00e0 tous ceux qui veulent<br \/>\nretrouver un sommeil r\u00e9parateur. La conception AirGrid permet de<br \/>\ngarder la t\u00eate au frais, m\u00eame lors des nuits chaudes ou agit\u00e9es<br \/>\ntandis que la technologie TPE et les fibres creuses assurent un<br \/>\n<strong>maintien ajustable pour la nuque et les \u00e9paules<\/strong>.<br \/>\nAvec les diff\u00e9rentes couches pr\u00e9sentes, cet oreiller s&rsquo;adapte sans<br \/>\nsouci \u00e0 chacun pour un confort sur-mesure.<\/p>\n<p>Tr\u00e8s appr\u00e9ci\u00e9 des utilisateurs (il a d&rsquo;ailleurs \u00e9t\u00e9 <strong>\u00e9lu<br \/>\nproduit de l&rsquo;ann\u00e9e 2025<\/strong>), cet oreiller Nuage Elite est<br \/>\nplus abordable en ce moment avec <strong>une remise de 40% sur son<br \/>\nprix initial<\/strong>, soit 98,99 euros au lieu de 164,99 euros.<br \/>\nC&rsquo;est le moment d&rsquo;en profiter pour s&rsquo;offrir un confort sur-mesure<br \/>\net des nuits bien reposantes.<\/p>\n<p><strong>&gt;&gt; <a href=\"https:\/\/fliz.ly\/AvPZn_w\" target=\"_blank\" rel=\"nofollow noopener\">D\u00e9couvrez l&rsquo;oreiller Nuage Elite<br \/>\nd&rsquo;Emma<\/a><\/strong><\/p>\n<p>Un confort modulable pour bien dormir<\/p>\n<p>L&rsquo;oreiller Nuage Elite se distingue par sa composition \u00e9tudi\u00e9<br \/>\npour offrir un grand confort \u00e0 chaque utilisateur. Sa conception en<br \/>\nTPE et fibres creuses garantit un soutien qui reste stable toute la<br \/>\nnuit, m\u00eame si vous changez souvent de position.<\/p>\n<p>La maille AirGrid, elle, garde la t\u00eate au frais et r\u00e9duit la<br \/>\nsensation de moiteur, ce qui compte vraiment quand les temp\u00e9ratures<br \/>\nmontent ou apr\u00e8s une journ\u00e9e dense. On appr\u00e9cie aussi de<br \/>\n<strong>pouvoir moduler les 2 couches<\/strong> qui garnissent la<br \/>\nhousse afin d&rsquo;adapter facilement le maintien \u00e0 ses habitudes de<br \/>\nsommeil. Je l&rsquo;ai test\u00e9 et c&rsquo;est vraiment tr\u00e8s agr\u00e9able de dormir<br \/>\navec, <strong>sans raideur de la nuque au r\u00e9veil<\/strong>. Doux et<br \/>\nconfortable, cet oreiller est un vrai nuage !<\/p>\n<p>Un prix en baisse \u00e0 saisir<br \/>\nd&rsquo;urgence<\/p>\n<p>Si vous cherchez un oreiller confortable qui s&rsquo;adaptera \u00e0 vos<br \/>\nbesoins, l&rsquo;oreiller Nuage Elite est une option tr\u00e8s int\u00e9ressante.<br \/>\nC&rsquo;est encore plus le cas en ce moment avec son prix en <a href=\"https:\/\/fliz.ly\/AvPZn_w\" target=\"_blank\" rel=\"nofollow noopener\">baisse de 40% sur le site d&rsquo;Emma, soit<br \/>\nseulement 98,99 euros<\/a>.<\/p>\n<p>Ce mod\u00e8le conviendra \u00e0 de nombreux dormeurs gr\u00e2ce \u00e0 sa<br \/>\nmodularit\u00e9 et \u00e0 sa structure qui reste stable dans le temps. La<br \/>\nhousse ext\u00e9rieure est aussi facile \u00e0 entretenir car elle passe \u00e0 la<br \/>\nmachine.\u00a0 Certes, le prix peut para\u00eetre un peu \u00e9lev\u00e9 mais ce<br \/>\nproduit de qualit\u00e9 le vaut vraiment. Mes nuits sont plus reposantes<br \/>\ndepuis que je l&rsquo;ai adopt\u00e9.<\/p>\n<p>Tous les produits mis en avant dans cet article ont \u00e9t\u00e9<br \/>\ns\u00e9lectionn\u00e9s par nos r\u00e9dacteurs. Ce contenu a \u00e9t\u00e9 r\u00e9dig\u00e9 par un<br \/>\nr\u00e9dacteur avec l&rsquo;aide d&rsquo;une intelligence artificielle.<br \/>Lorsque vous achetez via nos liens de vente, nous pouvons<br \/>\npercevoir une commission d\u2019affiliation. Les prix indiqu\u00e9s et les<br \/>\nstocks peuvent \u00eatre amen\u00e9s \u00e0 varier entre le moment o\u00f9 l\u2019article<br \/>\nest publi\u00e9 et votre lecture de la page.<\/p>\n","protected":false},"excerpt":{"rendered":"L&rsquo;oreiller Nuage Elite d&rsquo;Emma s&rsquo;adresse \u00e0 tous ceux qui veulent retrouver un sommeil r\u00e9parateur. La conception AirGrid permet&hellip;\n","protected":false},"author":2,"featured_media":567400,"comment_status":"","ping_status":"","sticky":false,"template":"","format":"standard","meta":{"footnotes":""},"categories":[6],"tags":[35,33,34,1011,27,65861],"class_list":{"0":"post-567399","1":"post","2":"type-post","3":"status-publish","4":"format-standard","5":"has-post-thumbnail","7":"category-economie","8":"tag-business","9":"tag-economie","10":"tag-economy","11":"tag-fr","12":"tag-france","13":"tag-trend"},"share_on_mastodon":{"url":"https:\/\/pubeurope.com\/@fr\/115634944321617031","error":""},"_links":{"self":[{"href":"https:\/\/www.europesays.com\/fr\/wp-json\/wp\/v2\/posts\/567399","targetHints":{"allow":["GET"]}}],"collection":[{"href":"https:\/\/www.europesays.com\/fr\/wp-json\/wp\/v2\/posts"}],"about":[{"href":"https:\/\/www.europesays.com\/fr\/wp-json\/wp\/v2\/types\/post"}],"author":[{"embeddable":true,"href":"https:\/\/www.europesays.com\/fr\/wp-json\/wp\/v2\/users\/2"}],"replies":[{"embeddable":true,"href":"https:\/\/www.europesays.com\/fr\/wp-json\/wp\/v2\/comments?post=567399"}],"version-history":[{"count":0,"href":"https:\/\/www.europesays.com\/fr\/wp-json\/wp\/v2\/posts\/567399\/revisions"}],"wp:featuredmedia":[{"embeddable":true,"href":"https:\/\/www.europesays.com\/fr\/wp-json\/wp\/v2\/media\/567400"}],"wp:attachment":[{"href":"https:\/\/www.europesays.com\/fr\/wp-json\/wp\/v2\/media?parent=567399"}],"wp:term":[{"taxonomy":"category","embeddable":true,"href":"https:\/\/www.europesays.com\/fr\/wp-json\/wp\/v2\/categories?post=567399"},{"taxonomy":"post_tag","embeddable":true,"href":"https:\/\/www.europesays.com\/fr\/wp-json\/wp\/v2\/tags?post=567399"}],"curies":[{"name":"wp","href":"https:\/\/api.w.org\/{rel}","templated":true}]}}