{"id":567401,"date":"2025-11-29T20:47:16","date_gmt":"2025-11-29T20:47:16","guid":{"rendered":"https:\/\/www.europesays.com\/fr\/567401\/"},"modified":"2025-11-29T20:47:16","modified_gmt":"2025-11-29T20:47:16","slug":"donald-trump-considere-lespace-aerien-venezuelien-comme-ferme-caracas-condamne-une-menace-colonialiste","status":"publish","type":"post","link":"https:\/\/www.europesays.com\/fr\/567401\/","title":{"rendered":"Donald Trump consid\u00e8re l\u2019espace a\u00e9rien v\u00e9n\u00e9zu\u00e9lien comme ferm\u00e9\u00a0; Caracas \u00ab\u00a0condamne\u00a0\u00bb une \u00ab\u00a0menace colonialiste\u00a0\u00bb"},"content":{"rendered":"<p>                      <img loading=\"lazy\" decoding=\"async\" src=\"https:\/\/www.europesays.com\/fr\/wp-content\/uploads\/2025\/11\/4aa365c_ftp-import-images-1-yctptddwtdqw-2025-11-28t013358z-2038624148-rc2c5iab8ywf-rtrmadp-3-usa-th.jpeg\" alt=\"Le pr\u00e9sident am\u00e9ricain, Donald Trump, s\u2019adresse aux m\u00e9dias, \u00e0 Palm Beach, en Floride, aux Etats-Unis, le 27\u00a0novembre 2025.\"   width=\"664\" height=\"443\"\/>    Le pr\u00e9sident am\u00e9ricain, Donald Trump, s\u2019adresse aux m\u00e9dias, \u00e0 Palm Beach, en Floride, aux Etats-Unis, le 27\u00a0novembre 2025.  ANNA ROSE LAYDEN \/ REUTERS                          <\/p>\n<p class=\"article__paragraph  \">Le Venezuela \u00ab\u00a0d\u00e9nonce et condamne la menace colonialiste\u00a0\u00bb, samedi 29\u00a0novembre, apr\u00e8s que Donald Trump a dit consid\u00e9rer, dans un message post\u00e9 sur son r\u00e9seau social Truth social le m\u00eame jour, que l\u2019espace a\u00e9rien du pays devait \u00eatre consid\u00e9r\u00e9 comme \u00ab\u00a0int\u00e9gralement ferm\u00e9\u00a0\u00bb. Pour le minist\u00e8re des affaires \u00e9trang\u00e8res v\u00e9n\u00e9zu\u00e9lien, la d\u00e9claration de M. Trump est \u00ab\u00a0une nouvelle agression extravagante, ill\u00e9gale et injustifi\u00e9e contre le peuple v\u00e9n\u00e9zu\u00e9lien\u00a0\u00bb.<\/p>\n<p class=\"article__paragraph  \">Les propos du pr\u00e9sident am\u00e9ricain surviennent alors que les Etats-Unis intensifient la pression sur le Venezuela avec un d\u00e9ploiement militaire majeur dans les Cara\u00efbes, incluant le plus grand porte-avions du monde, l\u2019USS\u00a0Gerald-R.-Ford, et \u00e9voquent des frappes terrestres sur le territoire v\u00e9n\u00e9zu\u00e9lien, avec un objectif officiel de lutte contre les cartels de la drogue.<\/p>\n<p class=\"article__paragraph  \">Donald Trump accuse en particulier le Venezuela d\u2019\u00eatre un artisan du trafic de drogue qui inonde le march\u00e9 am\u00e9ricain. Caracas d\u00e9ment et insiste sur le fait que l\u2019objectif v\u00e9ritable est un changement de r\u00e9gime et la mainmise sur les r\u00e9serves p\u00e9troli\u00e8res du pays.<\/p>\n<p>                                       Lire aussi |  Article r\u00e9serv\u00e9 \u00e0 nos abonn\u00e9s  <a href=\"https:\/\/www.lemonde.fr\/international\/article\/2025\/11\/18\/l-administration-trump-entretient-le-doute-sur-ses-intentions-envers-le-venezuela_6653854_3210.html\" class=\"js-article-read-also catcher--favoris__link\" data-premium=\"1\" id=\"article-title-3447019\" target=\"_blank\" rel=\"noopener\">L\u2019administration Trump entretient le doute sur ses intentions envers le Venezuela<\/a>    <\/p>\n<p>   Lire plus tard  <\/p>\n<p>                          Une \u00ab\u00a0suspension unilat\u00e9rale des vols de migrants v\u00e9n\u00e9zu\u00e9liens rapatri\u00e9s\u00a0\u00bb                    <\/p>\n<p class=\"article__paragraph  \">Le Venezuela \u00ab\u00a0rejette avec une absolue fermet\u00e9 le message diffus\u00e9 sur les r\u00e9seaux sociaux par le pr\u00e9sident\u00a0\u00bb Trump, \u00ab\u00a0dans lequel il pr\u00e9tend appliquer de mani\u00e8re extraterritoriale la juridiction ill\u00e9gitime des Etats-Unis au Venezuela\u00a0\u00bb, poursuit le texte, estimant que le pr\u00e9sident am\u00e9ricain \u00ab\u00a0tente de mani\u00e8re insolite de donner des ordres et de menacer la souverainet\u00e9 de l\u2019espace a\u00e9rien national, l\u2019int\u00e9grit\u00e9 territoriale, la s\u00e9curit\u00e9 a\u00e9ronautique et la souverainet\u00e9 pleine de l\u2019Etat v\u00e9n\u00e9zu\u00e9lien\u00a0\u00bb. \u00ab\u00a0Ce type de d\u00e9clarations constitue un acte hostile, unilat\u00e9ral et arbitraire, incompatible avec les principes les plus \u00e9l\u00e9mentaires du droit international, et s\u2019inscrit dans une politique permanente d\u2019agression contre notre pays\u00a0\u00bb, ajoute le minist\u00e8re.<\/p>\n<p class=\"article__paragraph  \">En outre, Caracas estime qu\u2019avec cette annonce de Donald Trump, Washington \u00ab\u00a0suspend de mani\u00e8re unilat\u00e9rale les vols de migrants v\u00e9n\u00e9zu\u00e9liens qui \u00e9taient r\u00e9alis\u00e9s r\u00e9guli\u00e8rement et chaque semaine dans le cadre du rapatriement de V\u00e9n\u00e9zu\u00e9liens\u00a0\u00bb migrants clandestins aux Etats-Unis. \u00ab\u00a0A ce jour, 75 vols ont \u00e9t\u00e9 effectu\u00e9s pour le rapatriement de 13\u00a0956 personnes\u00a0\u00bb, rappelle le texte. Ces vols se poursuivaient malgr\u00e9 la crise entre les deux pays. Samedi, l\u2019a\u00e9roport de Maiquetia, qui dessert Caracas, fonctionnait normalement, a constat\u00e9 un journaliste de l\u2019Agence France-Presse qui a assist\u00e9 \u00e0 plusieurs atterrissages et d\u00e9collages.<\/p>\n<p class=\"author__detail\">  Le Monde avec AFP  <\/p>\n<p>                <a href=\"https:\/\/www.lemonde.fr\/syndication\/\" class=\"reuse__content\" title=\"R\u00e9utiliser ce contenu\" target=\"_blank\" rel=\"noopener\">R\u00e9utiliser ce contenu<\/a>      <\/p>\n","protected":false},"excerpt":{"rendered":"Le pr\u00e9sident am\u00e9ricain, Donald Trump, s\u2019adresse aux m\u00e9dias, \u00e0 Palm Beach, en Floride, aux Etats-Unis, le 27\u00a0novembre 2025.&hellip;\n","protected":false},"author":2,"featured_media":567402,"comment_status":"","ping_status":"","sticky":false,"template":"","format":"standard","meta":{"footnotes":""},"categories":[5],"tags":[11,1011,27,14,12,28],"class_list":{"0":"post-567401","1":"post","2":"type-post","3":"status-publish","4":"format-standard","5":"has-post-thumbnail","7":"category-international","8":"tag-actualites","9":"tag-fr","10":"tag-france","11":"tag-international","12":"tag-news","13":"tag-world"},"share_on_mastodon":{"url":"https:\/\/pubeurope.com\/@fr\/115634953111733922","error":""},"_links":{"self":[{"href":"https:\/\/www.europesays.com\/fr\/wp-json\/wp\/v2\/posts\/567401","targetHints":{"allow":["GET"]}}],"collection":[{"href":"https:\/\/www.europesays.com\/fr\/wp-json\/wp\/v2\/posts"}],"about":[{"href":"https:\/\/www.europesays.com\/fr\/wp-json\/wp\/v2\/types\/post"}],"author":[{"embeddable":true,"href":"https:\/\/www.europesays.com\/fr\/wp-json\/wp\/v2\/users\/2"}],"replies":[{"embeddable":true,"href":"https:\/\/www.europesays.com\/fr\/wp-json\/wp\/v2\/comments?post=567401"}],"version-history":[{"count":0,"href":"https:\/\/www.europesays.com\/fr\/wp-json\/wp\/v2\/posts\/567401\/revisions"}],"wp:featuredmedia":[{"embeddable":true,"href":"https:\/\/www.europesays.com\/fr\/wp-json\/wp\/v2\/media\/567402"}],"wp:attachment":[{"href":"https:\/\/www.europesays.com\/fr\/wp-json\/wp\/v2\/media?parent=567401"}],"wp:term":[{"taxonomy":"category","embeddable":true,"href":"https:\/\/www.europesays.com\/fr\/wp-json\/wp\/v2\/categories?post=567401"},{"taxonomy":"post_tag","embeddable":true,"href":"https:\/\/www.europesays.com\/fr\/wp-json\/wp\/v2\/tags?post=567401"}],"curies":[{"name":"wp","href":"https:\/\/api.w.org\/{rel}","templated":true}]}}