{"id":567403,"date":"2025-11-29T20:48:15","date_gmt":"2025-11-29T20:48:15","guid":{"rendered":"https:\/\/www.europesays.com\/fr\/567403\/"},"modified":"2025-11-29T20:48:15","modified_gmt":"2025-11-29T20:48:15","slug":"un-enorme-exces-de-vitesse-dun-conducteur-en-permis-probatoire-dans-la-manche","status":"publish","type":"post","link":"https:\/\/www.europesays.com\/fr\/567403\/","title":{"rendered":"Un \u00e9norme exc\u00e8s de vitesse d&rsquo;un conducteur en permis probatoire dans la Manche"},"content":{"rendered":"<p>                    Par<br \/>\n        <strong><br \/>\n            <a href=\"https:\/\/actu.fr\/auteur\/redaction-pressemanche\" title=\"Consulter tous les articles de R\u00e9daction La Presse de la Manche\" target=\"_blank\" rel=\"noopener\">R\u00e9daction La Presse de la Manche<\/a><br \/>\n                    <\/strong><\/p>\n<p>        Publi\u00e9 le<\/p>\n<p>            29 nov. 2025 \u00e0 18h43        <\/p>\n<p>Vendredi 28 novembre 2025, en service de contr\u00f4le de vitesse sur la D 972, la brigade motoris\u00e9e de <a href=\"https:\/\/actu.fr\/normandie\/saint-lo_50502\" target=\"_blank\" rel=\"noopener\">Saint-L\u00f4<\/a> de l\u2019Escadron d\u00e9partemental de contr\u00f4le des flux de la <a href=\"https:\/\/actu.fr\/normandie\/manche_50\" target=\"_blank\" rel=\"noopener\">Manche<\/a> a intercept\u00e9 <b>un v\u00e9hicule \u00e0 grande vitesse.<\/b><\/p>\n<p class=\" wall-content\">Les gendarmes ont enregistr\u00e9 ce dernier <b>\u00e0 158 km\/h<\/b> (vitesse retenue de 150 km\/h) pour une vitesse autoris\u00e9e de <b>80 km\/h.<\/b><\/p>\n<p>D\u00e9j\u00e0 d\u00e9favorablement connu <\/p>\n<p class=\" wall-content\"><b>Jeune permis, <\/b>le conducteur est <b>d\u00e9j\u00e0 d\u00e9favorablement connu <\/b>pour des faits similaires qui ont conduit \u00e0<b> l\u2019annulation<\/b> de son permis de conduire.<\/p>\n<p class=\" wall-content\">Coutumier de conduites malgr\u00e9 des situations administratives<b> irr\u00e9guli\u00e8res et r\u00e9currentes,<\/b> son v\u00e9hicule a imm\u00e9diatement \u00e9t\u00e9 <b>immobilis\u00e9<\/b> et mis en fourri\u00e8re.<\/p>\n<p class=\" wall-content\">Son permis est \u00e9galement <b>retenu <\/b>et devrait faire l\u2019objet d\u2019une nouvelle suspension, voire d\u2019une annulation et d\u2019une immobilisation judiciaire susceptible de pouvoir \u00eatre relev\u00e9e.<\/p>\n<p class=\" wall-content\">Personnalisez votre actualit\u00e9 en ajoutant vos villes et m\u00e9dias en favori avec <a href=\"https:\/\/moncompte.actu.fr\" title=\"D\u00e9couvez Mon Actu\" rel=\"nofollow noopener\" data-trk=\"{&quot;cta&quot;:{&quot;action&quot;:&quot;https:\\\/\\\/moncompte.actu.fr&quot;,&quot;category&quot;:&quot;mon compte&quot;,&quot;from&quot;:&quot;article footer&quot;,&quot;name&quot;:&quot;Mon actu&quot;,&quot;type&quot;:&quot;cta&quot;}}\" target=\"_blank\">Mon Actu<\/a>.<\/p>\n","protected":false},"excerpt":{"rendered":"Par R\u00e9daction La Presse de la Manche Publi\u00e9 le 29 nov. 2025 \u00e0 18h43 Vendredi 28 novembre 2025,&hellip;\n","protected":false},"author":2,"featured_media":567404,"comment_status":"","ping_status":"","sticky":false,"template":"","format":"standard","meta":{"footnotes":""},"categories":[4],"tags":[11,5915,118,1011,27,3381,12,25],"class_list":{"0":"post-567403","1":"post","2":"type-post","3":"status-publish","4":"format-standard","5":"has-post-thumbnail","7":"category-france","8":"tag-actualites","9":"tag-exces-de-vitesse","10":"tag-faits-divers","11":"tag-fr","12":"tag-france","13":"tag-gendarmerie","14":"tag-news","15":"tag-republique-francaise"},"share_on_mastodon":{"url":"https:\/\/pubeurope.com\/@fr\/115634956121104876","error":""},"_links":{"self":[{"href":"https:\/\/www.europesays.com\/fr\/wp-json\/wp\/v2\/posts\/567403","targetHints":{"allow":["GET"]}}],"collection":[{"href":"https:\/\/www.europesays.com\/fr\/wp-json\/wp\/v2\/posts"}],"about":[{"href":"https:\/\/www.europesays.com\/fr\/wp-json\/wp\/v2\/types\/post"}],"author":[{"embeddable":true,"href":"https:\/\/www.europesays.com\/fr\/wp-json\/wp\/v2\/users\/2"}],"replies":[{"embeddable":true,"href":"https:\/\/www.europesays.com\/fr\/wp-json\/wp\/v2\/comments?post=567403"}],"version-history":[{"count":0,"href":"https:\/\/www.europesays.com\/fr\/wp-json\/wp\/v2\/posts\/567403\/revisions"}],"wp:featuredmedia":[{"embeddable":true,"href":"https:\/\/www.europesays.com\/fr\/wp-json\/wp\/v2\/media\/567404"}],"wp:attachment":[{"href":"https:\/\/www.europesays.com\/fr\/wp-json\/wp\/v2\/media?parent=567403"}],"wp:term":[{"taxonomy":"category","embeddable":true,"href":"https:\/\/www.europesays.com\/fr\/wp-json\/wp\/v2\/categories?post=567403"},{"taxonomy":"post_tag","embeddable":true,"href":"https:\/\/www.europesays.com\/fr\/wp-json\/wp\/v2\/tags?post=567403"}],"curies":[{"name":"wp","href":"https:\/\/api.w.org\/{rel}","templated":true}]}}