{"id":567405,"date":"2025-11-29T20:49:15","date_gmt":"2025-11-29T20:49:15","guid":{"rendered":"https:\/\/www.europesays.com\/fr\/567405\/"},"modified":"2025-11-29T20:49:15","modified_gmt":"2025-11-29T20:49:15","slug":"en-video-le-geste-effroyable-qui-pourrait-valoir-208-semaines-de-suspension-au-sud-africain-etzebeth","status":"publish","type":"post","link":"https:\/\/www.europesays.com\/fr\/567405\/","title":{"rendered":"en vid\u00e9o, le geste effroyable qui pourrait valoir 208 semaines de suspension au Sud-Africain Etzebeth"},"content":{"rendered":"<p>\n    Le double champion du monde a \u00e9t\u00e9 exclu ce samedi contre le pays de Galles pour une violente fourchette.<\/p>\n<p class=\"fig-paragraph\">Eben Etzebeth est double champion du monde, et honorait, \u00e0 34 ans, sa 142e s\u00e9lection (le record pour l\u2019Afrique du Sud) ce samedi contre le pays de Galles.\u00a0<a href=\"http:\/\/www.lefigaro.fr\/sports\/rugby\/rugby-l-afrique-du-sud-corrige-le-pays-de-galles-a-cardiff-20251129\" data-fig-type=\"NewsFlash\" data-gtm-custom-categorie=\"navigation\" data-gtm-custom-action=\"crossclick\" data-gtm-custom-label=\"Contextuel\" data-gtm-event=\"customEventSPE\" data-fig-domain=\"LEFIGARO\" target=\"_blank\" rel=\"noopener\">Les Springboks menaient 73 \u00e0 0\u00a0<\/a>et on jouait la 79e minute du dernier test de la tourn\u00e9e de novembre. Aucune raison, donc, de perdre son sang-froid. Et pourtant\u2026<\/p>\n<p class=\"fig-paragraph\">Lors d\u2019une \u00e9chauffour\u00e9e, le deuxi\u00e8me-ligne a totalement perdu ses nerfs, se rendant d\u2019une violente fourchette sur le Gallois Alex Mann, aussit\u00f4t sanctionn\u00e9e d\u2019un \u00e9vident carton rouge par l\u2019arbitre fran\u00e7ais Luc Ramos.<\/p>\n<p>                                            <a class=\"fig-a11y-skip\" href=\"#fig-a11y-skip-main-inarticle\" data-module=\"a11y-skip\" data-context=\"was @visible\"><br \/>\n    Passer la publicit\u00e9<br \/>\n<\/a>            <\/p>\n<p class=\"fig-paragraph\">Pour un tel geste, Eben Etzebeth risque (tr\u00e8s) gros devant la commission de discipline. Selon l\u2019\u00e9chelle des suspensions \u00e9tablie par World Rugby, un contact avec les yeux est passible d\u2019une suspension pouvant aller jusqu\u2019\u00e0 \u2026 208 semaines\u00a0! Les contacts avec les yeux font en effet partie des plus lourdes sanctions pr\u00e9vues par le r\u00e8glement.<\/p>\n<p class=\"fig-paragraph\">Plus pr\u00e9cis\u00e9ment, la dur\u00e9e de sa suspension d\u00e9pendra du degr\u00e9 de dangerosit\u00e9 \u00e9tablit par les trois membres de la commission de discipline. Si le degr\u00e9 est jug\u00e9 faible, le Sud-Africain risque jusqu\u2019\u00e0 12 semaines de suspension. Celle-ci passe \u00e0 18 semaines pour un degr\u00e9 moyen. Le degr\u00e9 sup\u00e9rieur est passible de 24 \u00e0 208 semaines de suspension.<\/p>\n","protected":false},"excerpt":{"rendered":"Le double champion du monde a \u00e9t\u00e9 exclu ce samedi contre le pays de Galles pour une violente&hellip;\n","protected":false},"author":2,"featured_media":567406,"comment_status":"","ping_status":"","sticky":false,"template":"","format":"standard","meta":{"footnotes":""},"categories":[2],"tags":[11,5594,37379,1011,27,12,21067],"class_list":{"0":"post-567405","1":"post","2":"type-post","3":"status-publish","4":"format-standard","5":"has-post-thumbnail","7":"category-actualites","8":"tag-actualites","9":"tag-afrique-du-sud","10":"tag-carton-rouge","11":"tag-fr","12":"tag-france","13":"tag-news","14":"tag-springboks"},"share_on_mastodon":{"url":"https:\/\/pubeurope.com\/@fr\/115634960082244922","error":""},"_links":{"self":[{"href":"https:\/\/www.europesays.com\/fr\/wp-json\/wp\/v2\/posts\/567405","targetHints":{"allow":["GET"]}}],"collection":[{"href":"https:\/\/www.europesays.com\/fr\/wp-json\/wp\/v2\/posts"}],"about":[{"href":"https:\/\/www.europesays.com\/fr\/wp-json\/wp\/v2\/types\/post"}],"author":[{"embeddable":true,"href":"https:\/\/www.europesays.com\/fr\/wp-json\/wp\/v2\/users\/2"}],"replies":[{"embeddable":true,"href":"https:\/\/www.europesays.com\/fr\/wp-json\/wp\/v2\/comments?post=567405"}],"version-history":[{"count":0,"href":"https:\/\/www.europesays.com\/fr\/wp-json\/wp\/v2\/posts\/567405\/revisions"}],"wp:featuredmedia":[{"embeddable":true,"href":"https:\/\/www.europesays.com\/fr\/wp-json\/wp\/v2\/media\/567406"}],"wp:attachment":[{"href":"https:\/\/www.europesays.com\/fr\/wp-json\/wp\/v2\/media?parent=567405"}],"wp:term":[{"taxonomy":"category","embeddable":true,"href":"https:\/\/www.europesays.com\/fr\/wp-json\/wp\/v2\/categories?post=567405"},{"taxonomy":"post_tag","embeddable":true,"href":"https:\/\/www.europesays.com\/fr\/wp-json\/wp\/v2\/tags?post=567405"}],"curies":[{"name":"wp","href":"https:\/\/api.w.org\/{rel}","templated":true}]}}