{"id":56741,"date":"2025-04-27T11:50:09","date_gmt":"2025-04-27T11:50:09","guid":{"rendered":"https:\/\/www.europesays.com\/fr\/56741\/"},"modified":"2025-04-27T11:50:09","modified_gmt":"2025-04-27T11:50:09","slug":"apres-onlyfans-et-mym-nathalie-et-gabano-se-lancent-dans-le-business-des-loves-room","status":"publish","type":"post","link":"https:\/\/www.europesays.com\/fr\/56741\/","title":{"rendered":"Apr\u00e8s OnlyFans et MYM, Nathalie et Gabano se lancent dans le business des loves room"},"content":{"rendered":"<p>Entre Nathalie et Gabano, tout roule <strong>depuis trois ans<\/strong>. Apr\u00e8s avoir <strong>officialis\u00e9 leur relation <\/strong>et pris la grande <strong><a href=\"https:\/\/www.public.fr\/felicitations-nathalie-andreani-et-gabano-font-une-bien-belle-annonce\" target=\"_blank\" rel=\"noopener\">d\u00e9cision de s&rsquo;installer ensemble \u00e0 Toulouse<\/a><\/strong> d\u00e9but f\u00e9vrier 2025, le couple continue de tracer son chemin main dans la main.<\/p>\n<p>Ces <strong>anciens candidats de t\u00e9l\u00e9r\u00e9alit\u00e9 <\/strong>reconvertis dans les contenus de charme viennent d&rsquo;annoncer une <strong>nouvelle aventure pro<\/strong>. Elle va en r\u00e9jouir certains et en choquer d&rsquo;autres. Sur leurs comptes Instagram respectifs, nathalie_andreani_ et gabano_officiel, ils ont partag\u00e9 une vid\u00e9o o\u00f9 tout est dit.<\/p>\n<p>Nathalie et Gabano, champagne et nouveau business<\/p>\n<p>Dans cette vid\u00e9o, les amoureux apparaissent avec des <strong>coupes de champagne \u00e0 la main<\/strong>. Ils trinquent \u00e0 leur <strong>nouveau projet bient\u00f4t termin\u00e9<\/strong> : <strong>l&rsquo;ouverture prochaine de loves room<\/strong>. Nathalie, toute souriante, prend la parole : \u00ab\u00a0C\u2019est presque termin\u00e9, il ne manque pas grand chose\u00a0\u00bb, sous l\u2019\u0153il amus\u00e9 de Gabano.<\/p>\n<p>Ce dernier n&rsquo;est pas tout \u00e0 fait d\u2019accord : \u00ab\u00a0C\u2019est termin\u00e9\u00a0\u00bb, assure-t-il. Perfectionniste, elle a encore une <strong>petite touche personnelle <\/strong>\u00e0 ajouter. Il rench\u00e9rit \u00ab\u00a0ce n&rsquo;est jamais fini avec toi\u00a0\u00bb, elle confirme avec un clin d\u2019\u0153il <strong>\u00ab\u00a0jamais\u00a0\u00bb..<\/strong>. Tendresse, complicit\u00e9, pas de doute, ils se sont trouv\u00e9s : entre eux, <strong>l\u2019amour et les projets sont au rendez-vous.<\/strong><\/p>\n<p>Ce nouveau business tombe sous le sens pour Nathalie et Gabano, d\u00e9j\u00e0 bien rod\u00e9s aux contenus de charme via leurs <strong>plateformes <a href=\"https:\/\/www.public.fr\/onlyfans-mym-les-eldorados-des-stars-de-la-tele-realite\" target=\"_blank\" rel=\"noopener\">OnlyFans et MYM<\/a><\/strong>. Les <strong>loves room sont des chambres ultra-romantiques <\/strong>\u00e0 louer pour des escapades en amoureux. Ils vont pouvoir \u00e9largir leur univers et de mettre leur signature.<\/p>\n<p>Une reconversion qui divise<\/p>\n<p>Bien s\u00fbr, Nathalie et Gabano ne font pas toujours l&rsquo;unanimit\u00e9 et font souvent parler d&rsquo;eux, que ce soit au sujet de <strong>leur vie perso ou de leurs projets pro.<\/strong> \u00c0 54 ans, Nathalie Andr\u00e9ani n&rsquo;a jamais cach\u00e9 <strong>appr\u00e9cier les hommes plus jeunes<\/strong>. Gabano a d&rsquo;ailleurs 13 ans de moins.<\/p>\n<p>Ce sont aussi de grands<strong> habitu\u00e9s des t\u00e9l\u00e9r\u00e9alit\u00e9s<\/strong>. Gabano, ancien mannequin, a \u00e9t\u00e9 vu dans \u00ab\u00a0Les Princes de l&rsquo;amour\u00a0\u00bb, \u00ab\u00a0Les Marseillais et Ch&#8217;tis Vs Le Reste du Monde\u00a0\u00bb ou encore \u00ab\u00a0La Villa des C\u0153urs bris\u00e9s\u00a0\u00bb.\u00a0Quant \u00e0 Nathalie, elle a \u00e9t\u00e9 <strong>r\u00e9v\u00e9l\u00e9e dans \u00ab\u00a0Secret Story 8\u00a0\u00bb en 2014 <\/strong>et a ensuite particip\u00e9 aux \u00ab\u00a0Anges\u00a0\u00bb ou encore \u00e0 \u00ab\u00a0La Villa des C\u0153urs bris\u00e9s\u00a0\u00bb. Une carri\u00e8re bien remplie avant de se<strong> reconvertir dans les contenus de charme<\/strong>. Qu&rsquo;ils plaisent ou pas, ils ont de la suite dans les id\u00e9es et une passion commune, comme le prouve le lancement de leur loves room. Si la date d&rsquo;ouverture officielle n&rsquo;a pas encore \u00e9t\u00e9 d\u00e9voil\u00e9e, <strong>certains fans tr\u00e9pignent d\u00e9j\u00e0 d&rsquo;impatience<\/strong>.<\/p>\n<p>      Mentionn\u00e9s dans cet article<\/p>\n<p>\u00c0 lire aussi<\/p>\n","protected":false},"excerpt":{"rendered":"Entre Nathalie et Gabano, tout roule depuis trois ans. Apr\u00e8s avoir officialis\u00e9 leur relation et pris la grande&hellip;\n","protected":false},"author":2,"featured_media":56742,"comment_status":"","ping_status":"","sticky":false,"template":"","format":"standard","meta":{"footnotes":""},"categories":[1359],"tags":[58,59,1011,27,15213,15214,973],"class_list":{"0":"post-56741","1":"post","2":"type-post","3":"status-publish","4":"format-standard","5":"has-post-thumbnail","7":"category-people","8":"tag-divertissement","9":"tag-entertainment","10":"tag-fr","11":"tag-france","12":"tag-les-anges-de-la-telerealite","13":"tag-onlyfans","14":"tag-people"},"share_on_mastodon":{"url":"https:\/\/pubeurope.com\/@fr\/114409781560532963","error":""},"_links":{"self":[{"href":"https:\/\/www.europesays.com\/fr\/wp-json\/wp\/v2\/posts\/56741","targetHints":{"allow":["GET"]}}],"collection":[{"href":"https:\/\/www.europesays.com\/fr\/wp-json\/wp\/v2\/posts"}],"about":[{"href":"https:\/\/www.europesays.com\/fr\/wp-json\/wp\/v2\/types\/post"}],"author":[{"embeddable":true,"href":"https:\/\/www.europesays.com\/fr\/wp-json\/wp\/v2\/users\/2"}],"replies":[{"embeddable":true,"href":"https:\/\/www.europesays.com\/fr\/wp-json\/wp\/v2\/comments?post=56741"}],"version-history":[{"count":0,"href":"https:\/\/www.europesays.com\/fr\/wp-json\/wp\/v2\/posts\/56741\/revisions"}],"wp:featuredmedia":[{"embeddable":true,"href":"https:\/\/www.europesays.com\/fr\/wp-json\/wp\/v2\/media\/56742"}],"wp:attachment":[{"href":"https:\/\/www.europesays.com\/fr\/wp-json\/wp\/v2\/media?parent=56741"}],"wp:term":[{"taxonomy":"category","embeddable":true,"href":"https:\/\/www.europesays.com\/fr\/wp-json\/wp\/v2\/categories?post=56741"},{"taxonomy":"post_tag","embeddable":true,"href":"https:\/\/www.europesays.com\/fr\/wp-json\/wp\/v2\/tags?post=56741"}],"curies":[{"name":"wp","href":"https:\/\/api.w.org\/{rel}","templated":true}]}}