{"id":567423,"date":"2025-11-29T21:00:46","date_gmt":"2025-11-29T21:00:46","guid":{"rendered":"https:\/\/www.europesays.com\/fr\/567423\/"},"modified":"2025-11-29T21:00:46","modified_gmt":"2025-11-29T21:00:46","slug":"modifie-a-la-demande-de-la-nouvelle-equipe-municipale-a-rouen-le-chantier-du-116-redemarre","status":"publish","type":"post","link":"https:\/\/www.europesays.com\/fr\/567423\/","title":{"rendered":"Modifi\u00e9 \u00e0 la demande de la nouvelle \u00e9quipe municipale \u00e0 Rouen, le chantier du 116 red\u00e9marre"},"content":{"rendered":"<p>Valid\u00e9 avant les \u00e9lections locales de 2020 et port\u00e9 par le groupe Citizen, le projet mixte a \u00e9t\u00e9 remis \u00e0 plat \u00e0 l\u2019issue du scrutin. Il est chiffr\u00e9 entre 28M\u20ac et 30M\u20ac HT.<\/p>\n<p class=\"c-paragraph\">Moins de densit\u00e9, plus de verdure. Sur la friche Peugeot, avenue du Mont-Riboudet \u00e0 Rouen (Seine-Maritime), le chantier du 116 a enfin d\u00e9marr\u00e9 cet \u00e9t\u00e9, avec un lancement officiel mi-octobre. <\/p>\n<p class=\"c-paragraph\">Chiffr\u00e9 <b>entre 28M\u20ac et 30M\u20ac HT,<\/b> ce projet de quatre b\u00e2timents comprendra <b>253 logements et 1500 m\u00b2 SP de commerces r\u00e9partis sur un peu plus de 16 000 m\u00b2 SP<\/b>.<\/p>\n<p>Rue \u00e9largie et mont\u00e9e en gamme <\/p>\n<p class=\"c-paragraph\">Valid\u00e9 par l\u2019ancienne \u00e9quipe municipale d\u00e9but 2020 et port\u00e9 par le groupe Citizen, le projet a \u00e9t\u00e9 remis \u00e0 plat \u00e0 l\u2019issue des \u00e9lections. <b>La nouvelle adjointe \u00e0 l\u2019urbanisme, Fatima El Khili, mena\u00e7ait en effet de pr\u00e9empter le terrain<\/b> de 1 ha si le promoteur ne revoyait pas sa copie. C\u2019est chose faite.<\/p>\n<p class=\"c-paragraph\">Les b\u00e2timents \u00ab plus architectur\u00e9s \u00bb, sign\u00e9s de l\u2019agence L\u2019Atelier des deux anges, ont recul\u00e9 pour doubler la largeur de la rue de Lisbonne, <b>une parcelle a \u00e9t\u00e9 c\u00e9d\u00e9e \u00e0 la Ville pour y installer un \u00e9quipement public<\/b> tandis que les logements sont mont\u00e9s en gamme notamment en supprimant ceux mono-orient\u00e9s ou en ajoutant des cours int\u00e9rieures. Les livraisons s\u2019\u00e9chelonneront entre fin 2026 et courant 2027.<\/p>\n","protected":false},"excerpt":{"rendered":"Valid\u00e9 avant les \u00e9lections locales de 2020 et port\u00e9 par le groupe Citizen, le projet mixte a \u00e9t\u00e9&hellip;\n","protected":false},"author":2,"featured_media":567424,"comment_status":"","ping_status":"","sticky":false,"template":"","format":"standard","meta":{"footnotes":""},"categories":[9587],"tags":[1111,11,1777,674,1011,27,12,5161,25,9590,5163,7333],"class_list":{"0":"post-567423","1":"post","2":"type-post","3":"status-publish","4":"format-standard","5":"has-post-thumbnail","7":"category-rouen","8":"tag-actu","9":"tag-actualites","10":"tag-eu","11":"tag-europe","12":"tag-fr","13":"tag-france","14":"tag-news","15":"tag-normandie","16":"tag-republique-francaise","17":"tag-rouen","18":"tag-seine-maritime","19":"tag-vie-du-btp"},"share_on_mastodon":{"url":"https:\/\/pubeurope.com\/@fr\/115635003273028083","error":""},"_links":{"self":[{"href":"https:\/\/www.europesays.com\/fr\/wp-json\/wp\/v2\/posts\/567423","targetHints":{"allow":["GET"]}}],"collection":[{"href":"https:\/\/www.europesays.com\/fr\/wp-json\/wp\/v2\/posts"}],"about":[{"href":"https:\/\/www.europesays.com\/fr\/wp-json\/wp\/v2\/types\/post"}],"author":[{"embeddable":true,"href":"https:\/\/www.europesays.com\/fr\/wp-json\/wp\/v2\/users\/2"}],"replies":[{"embeddable":true,"href":"https:\/\/www.europesays.com\/fr\/wp-json\/wp\/v2\/comments?post=567423"}],"version-history":[{"count":0,"href":"https:\/\/www.europesays.com\/fr\/wp-json\/wp\/v2\/posts\/567423\/revisions"}],"wp:featuredmedia":[{"embeddable":true,"href":"https:\/\/www.europesays.com\/fr\/wp-json\/wp\/v2\/media\/567424"}],"wp:attachment":[{"href":"https:\/\/www.europesays.com\/fr\/wp-json\/wp\/v2\/media?parent=567423"}],"wp:term":[{"taxonomy":"category","embeddable":true,"href":"https:\/\/www.europesays.com\/fr\/wp-json\/wp\/v2\/categories?post=567423"},{"taxonomy":"post_tag","embeddable":true,"href":"https:\/\/www.europesays.com\/fr\/wp-json\/wp\/v2\/tags?post=567423"}],"curies":[{"name":"wp","href":"https:\/\/api.w.org\/{rel}","templated":true}]}}