{"id":567427,"date":"2025-11-29T21:03:46","date_gmt":"2025-11-29T21:03:46","guid":{"rendered":"https:\/\/www.europesays.com\/fr\/567427\/"},"modified":"2025-11-29T21:03:46","modified_gmt":"2025-11-29T21:03:46","slug":"pro-d2-grenoble-pas-de-cadeau-bonus","status":"publish","type":"post","link":"https:\/\/www.europesays.com\/fr\/567427\/","title":{"rendered":"Pro D2 &#8211; Grenoble : pas de cadeau bonus"},"content":{"rendered":"<p>\n                Alors qu\u2019is\u00e9rois et Basques visaient ostensiblement un bonus au Stade des Alpes, aucune n\u2019est finalement rentr\u00e9e dans ses objectifs, signe d\u2019un manque de ma\u00eetrise partag\u00e9 par les deux \u00e9quipes.\n            <\/p>\n<p>C\u2019est l\u2019histoire d\u2019un bonus que tout le monde visait, mais que finalement personne n\u2019a d\u00e9croch\u00e9. Les premiers d\u00e9\u00e7us de l\u2019histoire \u00e9tant probablement les visiteurs biarrots, dans le coup pendant pratiquement 80 minutes, pour finalement effectuer le voyage \u00e0 vide\u2026 \u00ab\u00a0On a manqu\u00e9 de rigueur en fin de match, d\u00e9plorait le manager Boris Bouhraoua. On ne prend pas le renvoi, on fait un offload de trop, on parle \u00e0 l\u2019arbitre\u2026 Ce n\u2019est pas acceptable, on en avait parl\u00e9. Tous ces d\u00e9tails nous ont fait mal, mais \u00e7a reste du d\u00e9tail technique, donc \u00e7a va au moins nous donner de quoi bosser.\u00a0\u00bb \u00ab\u00a0Quand on est revenus \u00e0 moins trois points \u00e0 la mi-temps, on \u00e9tait dans l\u2019objectif qu\u2019on s\u2019\u00e9tait fix\u00e9 mais on a pris trop de points au retour des vestiaires, compl\u00e9tait le flanker R\u00e9mi Bourdeau. On a montr\u00e9 quand m\u00eame pas mal de caract\u00e8re, mais \u00e7a reste forc\u00e9ment une d\u00e9ception de ne rien ramener apr\u00e8s un d\u00e9placement sur trois jours\u2026\u00a0\u00bb<\/p>\n<p>Pour consoler les Basques ? On leur r\u00e9torquera que finalement, leurs h\u00f4tes n\u2019\u00e9taient gu\u00e8re plus heureux, laiss\u00e9s gros Jean comme devant apr\u00e8s ce dernier coup de pied en touche de Thibaut Martel sonnant le glas de leurs espoirs de bonus offensif, apr\u00e8s lequel ils avaient pourtant cravach\u00e9 toute la soir\u00e9e\u2026 \u00ab\u00a0Est-ce qu\u2019ion n\u2019a pas assez marqu\u00e9 d\u2019essai, ou au contraire est-ce qu\u2019on en a encaiss\u00e9 un de trop ? Je penche plut\u00f4t pour la deuxi\u00e8me option, analysait le capitaine Antonin Berruyer. M\u00eame s\u2019il est \u00e9vident qu\u2019on n\u2019a pas \u00e9t\u00e9 assez pr\u00e9cis en touche, et qu\u2019on a p\u00e9ch\u00e9 par pr\u00e9cipitation dans les zones de marque.\u00a0\u00bb<\/p>\n<p>Grenoble, une conqu\u00eate \u00e0 deux visages<\/p>\n<p>Un manque de froideur et de patience, comme le signe que le traumatisme de ces derni\u00e8res semaines est encore loin d\u2019\u00eatre effac\u00e9 ? Probablement, c\u2019est pourquoi le manager Jeff Dubois ne voulait pas faire la fine bouche. \u00ab\u00a0Je suis quand m\u00eame assez content de ces quatre points, car ce n\u2019\u00e9tait pas un match facile. Mais il faut qu\u2019on travaille sur nous, c\u2019est \u00e9vident. Notamment sur le fait que, quand on vient de marquer des points, il faut bien sortir du camp, que ce soit \u00e0 la main ou au pied. Les choses \u00e9voluent, mais pas encore autant que je l\u2019esp\u00e9rais.\u00a0\u00bb<\/p>\n<p>La bonne nouvelle \u00e9tant qu\u2019au moins, le FCG a retrouv\u00e9 ce vendredi une assise en m\u00eal\u00e9e digne de ce nom. \u00ab\u00a0Le match de Vannes nous avait pas mal tourment\u00e9s \u00e0 ce sujet, t\u00e9moignait le pilier Zack Gauthier. On y a beaucoup pens\u00e9, m\u00eame pendant les vacances\u2026 Cette semaine, on a fait un bon focus l\u00e0-dessus et \u00e7a fait plaisir de voir que \u00e7a paye. Mais maintenant, il faut garder le cap, \u00e0 tous les matchs, d\u2019autant qu\u2019on aborde un bloc tr\u00e8s difficile (avec deux d\u00e9placements cons\u00e9cutifs \u00e0 Colomiers puis Valence-Romans, N.D.L.R.), o\u00f9 tous les points seront durs \u00e0 prendre o\u00f9 il y aura des points \u00e0 prendre, mais \u00e7a ne va pas \u00eatre facile.\u00a0\u00bb Un d\u00e9fi de la constance par lequel on jugera, in fine, du retour au premier plan du FCG. Ou pas\u2026<\/p>\n","protected":false},"excerpt":{"rendered":"Alors qu\u2019is\u00e9rois et Basques visaient ostensiblement un bonus au Stade des Alpes, aucune n\u2019est finalement rentr\u00e9e dans ses&hellip;\n","protected":false},"author":2,"featured_media":567428,"comment_status":"","ping_status":"","sticky":false,"template":"","format":"standard","meta":{"footnotes":""},"categories":[9566],"tags":[1111,11,2430,1777,674,1011,27,2731,12,25],"class_list":{"0":"post-567427","1":"post","2":"type-post","3":"status-publish","4":"format-standard","5":"has-post-thumbnail","7":"category-grenoble","8":"tag-actu","9":"tag-actualites","10":"tag-auvergne-rhone-alpes","11":"tag-eu","12":"tag-europe","13":"tag-fr","14":"tag-france","15":"tag-grenoble","16":"tag-news","17":"tag-republique-francaise"},"share_on_mastodon":{"url":"https:\/\/pubeurope.com\/@fr\/115635019104410879","error":""},"_links":{"self":[{"href":"https:\/\/www.europesays.com\/fr\/wp-json\/wp\/v2\/posts\/567427","targetHints":{"allow":["GET"]}}],"collection":[{"href":"https:\/\/www.europesays.com\/fr\/wp-json\/wp\/v2\/posts"}],"about":[{"href":"https:\/\/www.europesays.com\/fr\/wp-json\/wp\/v2\/types\/post"}],"author":[{"embeddable":true,"href":"https:\/\/www.europesays.com\/fr\/wp-json\/wp\/v2\/users\/2"}],"replies":[{"embeddable":true,"href":"https:\/\/www.europesays.com\/fr\/wp-json\/wp\/v2\/comments?post=567427"}],"version-history":[{"count":0,"href":"https:\/\/www.europesays.com\/fr\/wp-json\/wp\/v2\/posts\/567427\/revisions"}],"wp:featuredmedia":[{"embeddable":true,"href":"https:\/\/www.europesays.com\/fr\/wp-json\/wp\/v2\/media\/567428"}],"wp:attachment":[{"href":"https:\/\/www.europesays.com\/fr\/wp-json\/wp\/v2\/media?parent=567427"}],"wp:term":[{"taxonomy":"category","embeddable":true,"href":"https:\/\/www.europesays.com\/fr\/wp-json\/wp\/v2\/categories?post=567427"},{"taxonomy":"post_tag","embeddable":true,"href":"https:\/\/www.europesays.com\/fr\/wp-json\/wp\/v2\/tags?post=567427"}],"curies":[{"name":"wp","href":"https:\/\/api.w.org\/{rel}","templated":true}]}}