{"id":567431,"date":"2025-11-29T21:05:13","date_gmt":"2025-11-29T21:05:13","guid":{"rendered":"https:\/\/www.europesays.com\/fr\/567431\/"},"modified":"2025-11-29T21:05:13","modified_gmt":"2025-11-29T21:05:13","slug":"habib-beye-est-fan-dun-meneur-algerien","status":"publish","type":"post","link":"https:\/\/www.europesays.com\/fr\/567431\/","title":{"rendered":"Habib Beye est fan d&rsquo;un meneur alg\u00e9rien"},"content":{"rendered":"<p><strong>Dans l\u2019optique de la saison prochaine, Habib Beye a souffl\u00e9 le nom d\u2019un international alg\u00e9rien \u00e0 ses dirigeants. <\/strong><\/p>\n<p>Le <a href=\"https:\/\/www.les-transferts.com\/club\/rennes\/\" target=\"_blank\" rel=\"noopener\">Stade Rennais<\/a> s\u2019est impos\u00e9 ce vendredi (1-0) contre Metz \u00e0 l\u2019ouverture de la 14\u00e8me journ\u00e9e de la Ligue 1. Habib Beyer et ses hommes viennent d\u2019enchainer un 4\u00e8 succ\u00e8s de rang en championnat. Toutefois, l\u2019entraineur s\u00e9n\u00e9galais veut encore renforcer son effectif. <\/p>\n<p>D\u2019apr\u00e8s les r\u00e9v\u00e9lations de l\u2019insider\u00a0Jonathan, Rennes veut s\u2019attacher les services de <strong><a href=\"https:\/\/www.les-transferts.com\/joueur\/ilan-kebbal\/\" target=\"_blank\" rel=\"noopener\">Ilan Kebbal<\/a><\/strong>.. Acteur important de la mont\u00e9e en Ligue 1, le milieu offensif du Paris FC r\u00e9alise un excellent d\u00e9but de saison (5 buts et 4 passes en 13 matchs). Reste \u00e0 savoir si les dirigeants franciliens accepteront de se s\u00e9parer d\u2019un pilier de St\u00e9phane Gilli.<\/p>\n<\/p>\n<p>Le milieu offensif au <a href=\"https:\/\/www.les-transferts.com\/club\/paris-fc\/\" target=\"_blank\" rel=\"noopener\">Paris FC<\/a> devrait succ\u00e9der \u00e0 <a href=\"https:\/\/www.les-transferts.com\/rumeurs-transferts\/lom-fonce-sur-la-doublure-de-mason-greenwood\/\" target=\"_blank\" rel=\"noopener\">Ludovic Blas pressenti par Marseille<\/a>. Le num\u00e9ro 10 du club parisien devrait couter 15 millions d\u2019euros. Le joueur est sous contrat jusqu\u2019en juin 2028. <\/p>\n<p>Fan inconditionnel du Bar\u00e7a, je d\u00e9bute ma carri\u00e8re de journaliste en 2015. J\u2019ai couvert la CAN 2017 au Gabon et le mondial 2022 au Qatar entre autres. Commentateur des matchs foot, j\u2019ai r\u00e9cemment pris go\u00fbt pour l\u2019EuroLeague de Basket dont mon joueur pr\u00e9f\u00e9r\u00e9 est Facundo Campazzo.<\/p>\n","protected":false},"excerpt":{"rendered":"Dans l\u2019optique de la saison prochaine, Habib Beye a souffl\u00e9 le nom d\u2019un international alg\u00e9rien \u00e0 ses dirigeants.&hellip;\n","protected":false},"author":2,"featured_media":567432,"comment_status":"","ping_status":"","sticky":false,"template":"","format":"standard","meta":{"footnotes":""},"categories":[2821],"tags":[1111,11,829,1777,674,1011,27,12,584,25],"class_list":{"0":"post-567431","1":"post","2":"type-post","3":"status-publish","4":"format-standard","5":"has-post-thumbnail","7":"category-rennes","8":"tag-actu","9":"tag-actualites","10":"tag-bretagne","11":"tag-eu","12":"tag-europe","13":"tag-fr","14":"tag-france","15":"tag-news","16":"tag-rennes","17":"tag-republique-francaise"},"share_on_mastodon":{"url":"https:\/\/pubeurope.com\/@fr\/115635022986086263","error":""},"_links":{"self":[{"href":"https:\/\/www.europesays.com\/fr\/wp-json\/wp\/v2\/posts\/567431","targetHints":{"allow":["GET"]}}],"collection":[{"href":"https:\/\/www.europesays.com\/fr\/wp-json\/wp\/v2\/posts"}],"about":[{"href":"https:\/\/www.europesays.com\/fr\/wp-json\/wp\/v2\/types\/post"}],"author":[{"embeddable":true,"href":"https:\/\/www.europesays.com\/fr\/wp-json\/wp\/v2\/users\/2"}],"replies":[{"embeddable":true,"href":"https:\/\/www.europesays.com\/fr\/wp-json\/wp\/v2\/comments?post=567431"}],"version-history":[{"count":0,"href":"https:\/\/www.europesays.com\/fr\/wp-json\/wp\/v2\/posts\/567431\/revisions"}],"wp:featuredmedia":[{"embeddable":true,"href":"https:\/\/www.europesays.com\/fr\/wp-json\/wp\/v2\/media\/567432"}],"wp:attachment":[{"href":"https:\/\/www.europesays.com\/fr\/wp-json\/wp\/v2\/media?parent=567431"}],"wp:term":[{"taxonomy":"category","embeddable":true,"href":"https:\/\/www.europesays.com\/fr\/wp-json\/wp\/v2\/categories?post=567431"},{"taxonomy":"post_tag","embeddable":true,"href":"https:\/\/www.europesays.com\/fr\/wp-json\/wp\/v2\/tags?post=567431"}],"curies":[{"name":"wp","href":"https:\/\/api.w.org\/{rel}","templated":true}]}}