{"id":567443,"date":"2025-11-29T21:11:31","date_gmt":"2025-11-29T21:11:31","guid":{"rendered":"https:\/\/www.europesays.com\/fr\/567443\/"},"modified":"2025-11-29T21:11:31","modified_gmt":"2025-11-29T21:11:31","slug":"le-groupe-contre-nantes-avec-le-grand-retour-dorel-mangala","status":"publish","type":"post","link":"https:\/\/www.europesays.com\/fr\/567443\/","title":{"rendered":"le groupe contre Nantes avec le grand retour d\u2019Orel Mangala"},"content":{"rendered":"<p>L\u2019OL doit capitaliser sur cette belle victoire jeudi contre le Maccabi Tel-Aviv en Ligue Europa (6-0). En difficult\u00e9 ces derni\u00e8res semaines entre d\u00e9faites et matches nuls, les Gones souhaitent renouer avec le succ\u00e8s en championnat <a href=\"https:\/\/www.footmercato.net\/live\/2661557617406919416-lyon-vs-nantes\" target=\"_blank\" rel=\"noopener\">ce dimanche face \u00e0 Nantes<\/a> (20h45). Pour l\u2019occasion, Paulo Fonseca pourra compter sur plusieurs retours de taille. <\/p>\n<p>            La suite apr\u00e8s cette publicit\u00e9<\/p>\n<p>Comme il l\u2019a annonc\u00e9 en conf\u00e9rence de presse, <a href=\"https:\/\/www.footmercato.net\/joueur\/orel-mangala\/\" target=\"_blank\" rel=\"noopener\">Orel Mangala<\/a>, bless\u00e9 depuis janvier, sera de la partie face aux Canaris ce dimanche. Appel\u00e9 dans le groupe pour la premi\u00e8re fois de saison, le milieu belge fait son grand retour aux c\u00f4t\u00e9s de Nicolas Tagliafico, Tyler Morton et Hans Hateboer, de retour de suspension. Le jeune Adil Hamdani (16 ans) est \u00e9galement convoqu\u00e9. <\/p>\n<p>\n    Pub. le 29\/11\/2025 19:56<br \/>\n            &#8211; MAJ le 29\/11\/2025 21:34\n    <\/p>\n","protected":false},"excerpt":{"rendered":"L\u2019OL doit capitaliser sur cette belle victoire jeudi contre le Maccabi Tel-Aviv en Ligue Europa (6-0). En difficult\u00e9&hellip;\n","protected":false},"author":2,"featured_media":567444,"comment_status":"","ping_status":"","sticky":false,"template":"","format":"standard","meta":{"footnotes":""},"categories":[2818],"tags":[1111,11,1777,674,1011,27,766,12,2636,25],"class_list":{"0":"post-567443","1":"post","2":"type-post","3":"status-publish","4":"format-standard","5":"has-post-thumbnail","7":"category-nantes","8":"tag-actu","9":"tag-actualites","10":"tag-eu","11":"tag-europe","12":"tag-fr","13":"tag-france","14":"tag-nantes","15":"tag-news","16":"tag-pays-de-la-loire","17":"tag-republique-francaise"},"share_on_mastodon":{"url":"https:\/\/pubeurope.com\/@fr\/115635046599448167","error":""},"_links":{"self":[{"href":"https:\/\/www.europesays.com\/fr\/wp-json\/wp\/v2\/posts\/567443","targetHints":{"allow":["GET"]}}],"collection":[{"href":"https:\/\/www.europesays.com\/fr\/wp-json\/wp\/v2\/posts"}],"about":[{"href":"https:\/\/www.europesays.com\/fr\/wp-json\/wp\/v2\/types\/post"}],"author":[{"embeddable":true,"href":"https:\/\/www.europesays.com\/fr\/wp-json\/wp\/v2\/users\/2"}],"replies":[{"embeddable":true,"href":"https:\/\/www.europesays.com\/fr\/wp-json\/wp\/v2\/comments?post=567443"}],"version-history":[{"count":0,"href":"https:\/\/www.europesays.com\/fr\/wp-json\/wp\/v2\/posts\/567443\/revisions"}],"wp:featuredmedia":[{"embeddable":true,"href":"https:\/\/www.europesays.com\/fr\/wp-json\/wp\/v2\/media\/567444"}],"wp:attachment":[{"href":"https:\/\/www.europesays.com\/fr\/wp-json\/wp\/v2\/media?parent=567443"}],"wp:term":[{"taxonomy":"category","embeddable":true,"href":"https:\/\/www.europesays.com\/fr\/wp-json\/wp\/v2\/categories?post=567443"},{"taxonomy":"post_tag","embeddable":true,"href":"https:\/\/www.europesays.com\/fr\/wp-json\/wp\/v2\/tags?post=567443"}],"curies":[{"name":"wp","href":"https:\/\/api.w.org\/{rel}","templated":true}]}}