{"id":567453,"date":"2025-11-29T21:19:00","date_gmt":"2025-11-29T21:19:00","guid":{"rendered":"https:\/\/www.europesays.com\/fr\/567453\/"},"modified":"2025-11-29T21:19:00","modified_gmt":"2025-11-29T21:19:00","slug":"le-calvaire-nicois-se-poursuit-a-porto-lyon-cartonne-et-prend-la-tete-lille-en-balade-aussi","status":"publish","type":"post","link":"https:\/\/www.europesays.com\/fr\/567453\/","title":{"rendered":"le calvaire ni\u00e7ois se poursuit \u00e0 Porto, Lyon cartonne et prend la t\u00eate, Lille en balade aussi"},"content":{"rendered":"<p>\n    Battu \u00e0 Porto, Nice est bon dernier au classement de la C3, tandis que les Dogues et les Gones \u00e9taient en balade.<\/p>\n<p class=\"fig-paragraph\">Et de 17. S\u2019ils n\u2019ont pas \u00e9t\u00e9 ridicules dans le jeu, les Ni\u00e7ois sont repartis de Porto avec une nouvelle d\u00e9faite (<a href=\"https:\/\/www.lefigaro.fr\/sports\/football\/live\/ligue-europa\/2025\/2602024\/fc-porto-nice\" target=\"_blank\" rel=\"sponsored noopener\" data-gtm-custom-categorie=\"navigation\" data-gtm-custom-action=\"crossclick\" data-gtm-custom-label=\"Contextuel\" data-gtm-event=\"customEventSPE\">3-0<\/a>) ce jeudi, lors de\u00a0<a href=\"https:\/\/www.lefigaro.fr\/sports\/football\/ligue-europa\/calendrier-resultats?journee=5\" target=\"_blank\" rel=\"noopener\" data-gtm-custom-categorie=\"navigation\" data-gtm-custom-action=\"crossclick\" data-gtm-custom-label=\"Contextuel\" data-gtm-event=\"customEventSPE\">la cinqui\u00e8me journ\u00e9e de Ligue Europa<\/a>. La cinqui\u00e8me en cinq matchs. Doubl\u00e9 de Veiga et penalty d\u2019Aghehowa pour les Dragons, entra\u00een\u00e9s par Franceso Farioli, ancien coach du Gym. Le calvaire continue pour les hommes de Franck Haise, derniers\u00a0<a href=\"https:\/\/www.lefigaro.fr\/sports\/football\/ligue-europa\/classement\" target=\"_blank\" rel=\"noopener\" data-gtm-custom-categorie=\"navigation\" data-gtm-custom-action=\"crossclick\" data-gtm-custom-label=\"Contextuel\" data-gtm-event=\"customEventSPE\">au classement de C3<\/a>\u00a0avec z\u00e9ro point. Un calvaire qui a commenc\u00e9 d\u00e8s\u00a0<a href=\"http:\/\/www.lefigaro.fr\/sports\/football\/ligue-europa\/ligue-europa-en-plein-cauchemar-les-aiglons-menes-apres-18-secondes-video-20251127\" data-fig-type=\"NewsFlash\" data-gtm-custom-categorie=\"navigation\" data-gtm-custom-action=\"crossclick\" data-gtm-custom-label=\"Contextuel\" data-gtm-event=\"customEventSPE\" data-fig-domain=\"LEFIGARO\" target=\"_blank\" rel=\"noopener\">la 18e seconde, le moment o\u00f9 Porto a ouvert le score<\/a>\u2026 17e match europ\u00e9en sans victoire pour les Ni\u00e7ois, qui n\u2019ont plus connu les joies d\u2019un succ\u00e8s sur la sc\u00e8ne continentale depuis 2023. En France, seul Lille a fait aussi mal\u2026<\/p>\n<p class=\"fig-paragraph\">Lesquels Lillois restaient, eux, sur deux revers en C3. Ils ont retrouv\u00e9 le chemin de la victoire face au Dinamo Zagreb (<a href=\"https:\/\/www.lefigaro.fr\/sports\/football\/live\/ligue-europa\/2025\/2602028\/lille-dinamo-zagreb\" target=\"_blank\" rel=\"sponsored noopener\" data-gtm-custom-categorie=\"navigation\" data-gtm-custom-action=\"crossclick\" data-gtm-custom-label=\"Contextuel\" data-gtm-event=\"customEventSPE\">4-0<\/a>), avec des r\u00e9alisations de F\u00e9lix Correia, Mukau, Igamane et Andr\u00e9. D\u00e9monstration. Le champion du monde Olivier Giroud est entr\u00e9 en jeu \u00e0 la 70e minute. Le Losc pointe \u00e0 la 11e position dans un\u00a0<a href=\"https:\/\/www.lefigaro.fr\/sports\/football\/ligue-europa\/classement\" target=\"_blank\" rel=\"noopener\" data-gtm-custom-categorie=\"navigation\" data-gtm-custom-action=\"crossclick\" data-gtm-custom-label=\"Contextuel\" data-gtm-event=\"customEventSPE\">classement<\/a>\u00a0domin\u00e9 par une autre formation fran\u00e7aise, l\u2019OL, en balade face au Maccabi Tel Aviv, en Serbie (0-6).<\/p>\n<p>                                            <a class=\"fig-a11y-skip\" href=\"#fig-a11y-skip-main-inarticle\" data-module=\"a11y-skip\" data-context=\"was @visible\"><br \/>\n    Passer la publicit\u00e9<br \/>\n<\/a>            <\/p>\n<p>                                            Tolisso voit triple<\/p>\n<p class=\"fig-paragraph\">Abner a parfaitement lanc\u00e9 les d\u00e9bats, marquant d\u00e8s la 4e minute, avant une avalanche sur les cages isra\u00e9liennes. Tripl\u00e9 de Tolisso, avec une passe d\u00e9cisive en prime, buts de Niakhat\u00e9 sur penalty et Karabec. On l\u2019a dit, les Gones apparaissent donc en t\u00eate\u00a0<a href=\"https:\/\/www.lefigaro.fr\/sports\/football\/ligue-europa\/classement\" target=\"_blank\" rel=\"sponsored noopener\" data-gtm-custom-categorie=\"navigation\" data-gtm-custom-action=\"crossclick\" data-gtm-custom-label=\"Contextuel\" data-gtm-event=\"customEventSPE\">au classement de cette Ligue Europa<\/a>\u00a0avec 12 points, autant que les Danois de Midtjylland (battus 2-1 sur le terrain de la Roma) et les Anglais d\u2019Aston Villa (qui ont battu les Young Boys 2-0). La balade pour l\u2019Olympique Lyonnais, qui continue de surprise encore et encore. Il n\u2019y a pas eu photo dans ce stade presque vide et silencieux.\u00a0Au programme de\u00a0<a href=\"https:\/\/www.lefigaro.fr\/sports\/football\/ligue-europa\/calendrier-resultats?journee=6\" target=\"_blank\" rel=\"sponsored noopener\" data-gtm-custom-categorie=\"navigation\" data-gtm-custom-action=\"crossclick\" data-gtm-custom-label=\"Contextuel\" data-gtm-event=\"customEventSPE\">la 6e journ\u00e9e<\/a>, Nice-Braga, Young Boys-Lille et Lyon-Go Ahead.<\/p>\n","protected":false},"excerpt":{"rendered":"Battu \u00e0 Porto, Nice est bon dernier au classement de la C3, tandis que les Dogues et les&hellip;\n","protected":false},"author":2,"featured_media":567454,"comment_status":"","ping_status":"","sticky":false,"template":"","format":"standard","meta":{"footnotes":""},"categories":[2815],"tags":[1111,11,1777,674,1011,27,811,5843,1307,2267,12,2401,2268,978,25],"class_list":{"0":"post-567453","1":"post","2":"type-post","3":"status-publish","4":"format-standard","5":"has-post-thumbnail","7":"category-lille","8":"tag-actu","9":"tag-actualites","10":"tag-eu","11":"tag-europe","12":"tag-fr","13":"tag-france","14":"tag-hauts-de-france","15":"tag-ligue-europa","16":"tag-lille","17":"tag-losc","18":"tag-news","19":"tag-nice","20":"tag-ogc-nice","21":"tag-olympique-lyonnais","22":"tag-republique-francaise"},"share_on_mastodon":{"url":"https:\/\/pubeurope.com\/@fr\/115635078021371569","error":""},"_links":{"self":[{"href":"https:\/\/www.europesays.com\/fr\/wp-json\/wp\/v2\/posts\/567453","targetHints":{"allow":["GET"]}}],"collection":[{"href":"https:\/\/www.europesays.com\/fr\/wp-json\/wp\/v2\/posts"}],"about":[{"href":"https:\/\/www.europesays.com\/fr\/wp-json\/wp\/v2\/types\/post"}],"author":[{"embeddable":true,"href":"https:\/\/www.europesays.com\/fr\/wp-json\/wp\/v2\/users\/2"}],"replies":[{"embeddable":true,"href":"https:\/\/www.europesays.com\/fr\/wp-json\/wp\/v2\/comments?post=567453"}],"version-history":[{"count":0,"href":"https:\/\/www.europesays.com\/fr\/wp-json\/wp\/v2\/posts\/567453\/revisions"}],"wp:featuredmedia":[{"embeddable":true,"href":"https:\/\/www.europesays.com\/fr\/wp-json\/wp\/v2\/media\/567454"}],"wp:attachment":[{"href":"https:\/\/www.europesays.com\/fr\/wp-json\/wp\/v2\/media?parent=567453"}],"wp:term":[{"taxonomy":"category","embeddable":true,"href":"https:\/\/www.europesays.com\/fr\/wp-json\/wp\/v2\/categories?post=567453"},{"taxonomy":"post_tag","embeddable":true,"href":"https:\/\/www.europesays.com\/fr\/wp-json\/wp\/v2\/tags?post=567453"}],"curies":[{"name":"wp","href":"https:\/\/api.w.org\/{rel}","templated":true}]}}