{"id":567465,"date":"2025-11-29T21:27:11","date_gmt":"2025-11-29T21:27:11","guid":{"rendered":"https:\/\/www.europesays.com\/fr\/567465\/"},"modified":"2025-11-29T21:27:11","modified_gmt":"2025-11-29T21:27:11","slug":"ne-pas-ceder-a-la-panique-la-decouverte-dune-arme-automatique-ne-perturbe-pas-le-marche-de-noel-de-strasbourg","status":"publish","type":"post","link":"https:\/\/www.europesays.com\/fr\/567465\/","title":{"rendered":"\u00ab\u00a0Ne pas c\u00e9der \u00e0 la panique\u00a0\u00bb\u00a0: la d\u00e9couverte d\u2019une arme automatique ne perturbe pas le march\u00e9 de No\u00ebl de Strasbourg"},"content":{"rendered":"<p class=\"paragraph text_align_left lp-f-body-02\">Dans les rues de Strasbourg (<a href=\"https:\/\/www.leparisien.fr\/bas-rhin-67\/\" target=\"_self\" rel=\"noopener\">Bas-Rhin<\/a>), c\u2019est l\u2019effervescence la plus totale ce samedi 29 novembre. Pour ce premier week-end de <a href=\"https:\/\/www.leparisien.fr\/societe\/entre-feerie-et-securite-renforcee-le-marche-de-noel-de-strasbourg-ouvre-ce-mercredi-26-11-2025-NBAVTA52ANCAZG4D3G5Z2XGE6Y.php\" target=\"_self\" rel=\"noopener\">march\u00e9 de No\u00ebl \u00e0 Strasbourg,<\/a> qui figure parmi les plus beaux du monde selon un classement \u00e9tabli par <a href=\"https:\/\/edition.cnn.com\/travel\/best-christmas-markets-world\" target=\"_self\" rel=\"noopener\">CNN Travel<\/a>, les touristes et les Alsaciens s\u2019\u00e9taient donn\u00e9 rendez-vous pour inaugurer de la meilleure des mani\u00e8res l\u2019un des plus anciens march\u00e9s de No\u00ebl d\u2019Europe.<\/p>\n<p class=\"paragraph text_align_left lp-f-body-02\">Foule compacte, d\u00e9corations scintillantes et odeur de choucroute ou de vin chaud, tous les ingr\u00e9dients d\u2019un samedi des plus classiques \u00e0 cette p\u00e9riode de l\u2019ann\u00e9e \u00e9taient r\u00e9unis.<\/p>\n","protected":false},"excerpt":{"rendered":"Dans les rues de Strasbourg (Bas-Rhin), c\u2019est l\u2019effervescence la plus totale ce samedi 29 novembre. Pour ce premier&hellip;\n","protected":false},"author":2,"featured_media":567466,"comment_status":"","ping_status":"","sticky":false,"template":"","format":"standard","meta":{"footnotes":""},"categories":[1888],"tags":[1111,1928,11,1927,459,1777,674,118,1011,27,12,1926,626,1925,25],"class_list":{"0":"post-567465","1":"post","2":"type-post","3":"status-publish","4":"format-standard","5":"has-post-thumbnail","7":"category-paris","8":"tag-actu","9":"tag-actu-paris","10":"tag-actualites","11":"tag-actualites-paris","12":"tag-departements-horsidfo","13":"tag-eu","14":"tag-europe","15":"tag-faits-divers","16":"tag-fr","17":"tag-france","18":"tag-news","19":"tag-news-paris","20":"tag-paris","21":"tag-paris-news","22":"tag-republique-francaise"},"share_on_mastodon":{"url":"https:\/\/pubeurope.com\/@fr\/115635109527651824","error":""},"_links":{"self":[{"href":"https:\/\/www.europesays.com\/fr\/wp-json\/wp\/v2\/posts\/567465","targetHints":{"allow":["GET"]}}],"collection":[{"href":"https:\/\/www.europesays.com\/fr\/wp-json\/wp\/v2\/posts"}],"about":[{"href":"https:\/\/www.europesays.com\/fr\/wp-json\/wp\/v2\/types\/post"}],"author":[{"embeddable":true,"href":"https:\/\/www.europesays.com\/fr\/wp-json\/wp\/v2\/users\/2"}],"replies":[{"embeddable":true,"href":"https:\/\/www.europesays.com\/fr\/wp-json\/wp\/v2\/comments?post=567465"}],"version-history":[{"count":0,"href":"https:\/\/www.europesays.com\/fr\/wp-json\/wp\/v2\/posts\/567465\/revisions"}],"wp:featuredmedia":[{"embeddable":true,"href":"https:\/\/www.europesays.com\/fr\/wp-json\/wp\/v2\/media\/567466"}],"wp:attachment":[{"href":"https:\/\/www.europesays.com\/fr\/wp-json\/wp\/v2\/media?parent=567465"}],"wp:term":[{"taxonomy":"category","embeddable":true,"href":"https:\/\/www.europesays.com\/fr\/wp-json\/wp\/v2\/categories?post=567465"},{"taxonomy":"post_tag","embeddable":true,"href":"https:\/\/www.europesays.com\/fr\/wp-json\/wp\/v2\/tags?post=567465"}],"curies":[{"name":"wp","href":"https:\/\/api.w.org\/{rel}","templated":true}]}}