{"id":567467,"date":"2025-11-29T21:28:16","date_gmt":"2025-11-29T21:28:16","guid":{"rendered":"https:\/\/www.europesays.com\/fr\/567467\/"},"modified":"2025-11-29T21:28:16","modified_gmt":"2025-11-29T21:28:16","slug":"des-milliers-de-personnes-manifestent-a-paris-en-soutien-aux-palestiniens","status":"publish","type":"post","link":"https:\/\/www.europesays.com\/fr\/567467\/","title":{"rendered":"Des milliers de personnes manifestent \u00e0 Paris en soutien aux Palestiniens"},"content":{"rendered":"<p class=\"mb-4 text-lg md:leading-8 break-words\">Des milliers de personnes ont manifest\u00e9 samedi \u00e0 Paris pour apporter leur soutien aux Palestiniens de la bande de Gaza, ravag\u00e9e par plus de deux ans de guerre entre Isra\u00ebl et le mouvement islamiste palestinien Hamas.<\/p>\n<p class=\"mb-4 text-lg md:leading-8 break-words\">Une foule dense &#8211; estim\u00e9e \u00e0 50.000 personnes par les organisateurs et 8.400 personnes par la pr\u00e9fecture de police de Paris &#8211; a d\u00e9fil\u00e9 entre les places de la R\u00e9publique et de la Nation, aux cris notamment de \u00ab\u00a0Gaza, Gaza, Paris est avec toi\u00a0\u00bb, \u00ab\u00a0De Paris a Gaza, r\u00e9sistance!\u00a0\u00bb,\u00a0et brandissant drapeaux palestiniens et pancartes \u00ab\u00a0Palestine, on ne nous fera pas taire\u00a0\u00bb ou encore \u00ab\u00a0Gaza, silence on tue. Stop g\u00e9nocide\u00a0\u00bb.<\/p>\n<p class=\"mb-4 text-lg md:leading-8 break-words\">Quelques personnalit\u00e9s politiques de gauche, dont le chef de file de La France insoumise Jean-Luc M\u00e9lenchon, faisaient partie du cort\u00e8ge.<\/p>\n<p class=\"mb-4 text-lg md:leading-8 break-words\">Sept semaines apr\u00e8s un cessez-le-feu entr\u00e9 en vigueur le 10 octobre, \u00ab\u00a0il faut rappeler que rien n&rsquo;est r\u00e9gl\u00e9\u00a0\u00bb, a d\u00e9clar\u00e9 \u00e0 l&rsquo;AFP Anne Tuaillon, pr\u00e9sidente de l&rsquo;Association France Palestine Solidarit\u00e9 (AFPS), l&rsquo;une des 80 ONG, partis et syndicats qui avaient appel\u00e9 \u00e0 manifester.<\/p>\n<p class=\"mb-4 text-lg md:leading-8 break-words\">\u00ab\u00a0Le cessez-le-feu est un \u00e9cran de fum\u00e9e (&#8230;). Isra\u00ebl le viole tous les jours, Isra\u00ebl continue d&#8217;emp\u00eacher l&rsquo;aide humanitaire de rentrer \u00e0 Gaza et continue de d\u00e9truire les infrastructures et les maisons \u00e0 Gaza. Nous demandons un cessez-le-feu d\u00e9finitif et la fin du g\u00e9nocide\u00a0\u00bb, ajoute-t-elle.<\/p>\n<p class=\"mb-4 text-lg md:leading-8 break-words\">Selon les termes du cessez-le-feu obtenu par les Etats-Unis, l&rsquo;arm\u00e9e isra\u00e9lienne s&rsquo;est repli\u00e9e \u00e0 l&rsquo;int\u00e9rieur de la bande de Gaza, au-del\u00e0 d&rsquo;une \u00ab\u00a0ligne jaune\u00a0\u00bb qui lui conf\u00e8re encore le contr\u00f4le de plus de 50% du territoire.\u00a0Mais la tr\u00eave dans cette guerre d\u00e9clench\u00e9e par l&rsquo;attaque sanglante du Hamas sur Isra\u00ebl le 7 octobre 2023 reste tr\u00e8s fragile, les deux bellig\u00e9rants s&rsquo;accusant mutuellement de la violer quotidiennement.<\/p>\n<p class=\"mb-4 text-lg md:leading-8 break-words\">\u00ab\u00a0Il faut des sanctions, c&rsquo;est le seul moyen pour qu&rsquo;Isra\u00ebl applique le droit international\u00a0\u00bb, a exhort\u00e9 Mme Tuaillon, en d\u00e9non\u00e7ant \u00ab\u00a0l&rsquo;acc\u00e9l\u00e9ration invraisemblable de la colonisation\u00a0\u00bb en Cisjordanie, o\u00f9 la violence des colons \u00ab\u00a0atteint des proportions jamais atteintes\u00a0\u00bb.<\/p>\n<p class=\"mb-4 text-lg md:leading-8 break-words\">B\u00e9ret sur la t\u00eate et drapeau palestinien sur le dos, Saleha, 72 ans, qui a souhait\u00e9 garder l&rsquo;anonymat, est venue d\u00e9filer contre le \u00ab\u00a0g\u00e9nocide\u00a0\u00bb \u00e0 Gaza.<\/p>\n<p class=\"mb-4 text-lg md:leading-8 break-words\">\u00ab\u00a0Toute l&rsquo;humanit\u00e9 regarde et ne peut rien faire, c&rsquo;est une impunit\u00e9 totale\u00a0\u00bb, d\u00e9nonce-t-elle: \u00ab\u00a0C&rsquo;est extr\u00eamement choquant pour des \u00eatres humains de voir \u00e7a et de ne pas pouvoir agir. La seule chose qu&rsquo;on puisse faire, c&rsquo;est se mobiliser\u00a0\u00bb.<\/p>\n<p class=\"mb-4 text-lg md:leading-8 break-words\">Bertrand, technicien informatique de 42 ans qui souhaite rester anonyme, estime lui aussi que \u00ab\u00a0le massacre et le g\u00e9nocide continuent\u00a0\u00bb, comme en t\u00e9moigne, selon lui, les vid\u00e9os de deux hommes abattus jeudi lors d&rsquo;une op\u00e9ration conjointe de la police et l&rsquo;arm\u00e9e isra\u00e9liennes \u00e0 J\u00e9nine. L&rsquo;ONU a demand\u00e9 une enqu\u00eate apr\u00e8s cette \u00ab\u00a0apparente ex\u00e9cution sommaire\u00a0\u00bb.<\/p>\n<p class=\"mb-4 text-lg md:leading-8 break-words\">En l&rsquo;absence de sanctions \u00e9conomiques et financi\u00e8res, \u00ab\u00a0il faut continuer \u00e0 faire pression dans la rue et \u00e0 travers les \u00e9lus\u00a0\u00bb, estime-t-il.<\/p>\n<p class=\"mb-4 text-lg md:leading-8 break-words\">Trois personnes ont \u00e9t\u00e9 interpell\u00e9es, a indiqu\u00e9 la pr\u00e9fecture de police, sans en pr\u00e9ciser les motifs.<\/p>\n<p class=\"mb-4 text-lg md:leading-8 break-words\">sva\/Dt\/cbn<\/p>\n","protected":false},"excerpt":{"rendered":"Des milliers de personnes ont manifest\u00e9 samedi \u00e0 Paris pour apporter leur soutien aux Palestiniens de la bande&hellip;\n","protected":false},"author":2,"featured_media":567468,"comment_status":"","ping_status":"","sticky":false,"template":"","format":"standard","meta":{"footnotes":""},"categories":[1888],"tags":[1111,1928,11,1927,1777,674,1011,27,20288,12,1926,7621,626,1925,4524,25,23610],"class_list":{"0":"post-567467","1":"post","2":"type-post","3":"status-publish","4":"format-standard","5":"has-post-thumbnail","7":"category-paris","8":"tag-actu","9":"tag-actu-paris","10":"tag-actualites","11":"tag-actualites-paris","12":"tag-eu","13":"tag-europe","14":"tag-fr","15":"tag-france","16":"tag-la-bande-de-gaza","17":"tag-news","18":"tag-news-paris","19":"tag-palestiniens","20":"tag-paris","21":"tag-paris-news","22":"tag-prefecture-de-police","23":"tag-republique-francaise","24":"tag-sanctions-economiques"},"share_on_mastodon":{"url":"https:\/\/pubeurope.com\/@fr\/115635113537061145","error":""},"_links":{"self":[{"href":"https:\/\/www.europesays.com\/fr\/wp-json\/wp\/v2\/posts\/567467","targetHints":{"allow":["GET"]}}],"collection":[{"href":"https:\/\/www.europesays.com\/fr\/wp-json\/wp\/v2\/posts"}],"about":[{"href":"https:\/\/www.europesays.com\/fr\/wp-json\/wp\/v2\/types\/post"}],"author":[{"embeddable":true,"href":"https:\/\/www.europesays.com\/fr\/wp-json\/wp\/v2\/users\/2"}],"replies":[{"embeddable":true,"href":"https:\/\/www.europesays.com\/fr\/wp-json\/wp\/v2\/comments?post=567467"}],"version-history":[{"count":0,"href":"https:\/\/www.europesays.com\/fr\/wp-json\/wp\/v2\/posts\/567467\/revisions"}],"wp:featuredmedia":[{"embeddable":true,"href":"https:\/\/www.europesays.com\/fr\/wp-json\/wp\/v2\/media\/567468"}],"wp:attachment":[{"href":"https:\/\/www.europesays.com\/fr\/wp-json\/wp\/v2\/media?parent=567467"}],"wp:term":[{"taxonomy":"category","embeddable":true,"href":"https:\/\/www.europesays.com\/fr\/wp-json\/wp\/v2\/categories?post=567467"},{"taxonomy":"post_tag","embeddable":true,"href":"https:\/\/www.europesays.com\/fr\/wp-json\/wp\/v2\/tags?post=567467"}],"curies":[{"name":"wp","href":"https:\/\/api.w.org\/{rel}","templated":true}]}}