{"id":567473,"date":"2025-11-29T21:32:18","date_gmt":"2025-11-29T21:32:18","guid":{"rendered":"https:\/\/www.europesays.com\/fr\/567473\/"},"modified":"2025-11-29T21:32:18","modified_gmt":"2025-11-29T21:32:18","slug":"la-russie-veut-interdire-whatsapp-voici-pourquoi-la-super-application-qui-remplacera-la","status":"publish","type":"post","link":"https:\/\/www.europesays.com\/fr\/567473\/","title":{"rendered":"La Russie veut interdire WhatsApp, voici pourquoi la \u00ab\u00a0super-application\u00a0\u00bb qui remplacera la"},"content":{"rendered":"<p>Malgr\u00e9 ses\u00a0100\u00a0millions d\u2019usagers en Russie, la messagerie\u00a0WhatsApp pourrait bien conna\u00eetre ses derni\u00e8res heures en Russie, le gouvernement envisageant de la remplacer par une nouvelle application d\u00e9j\u00e0 contest\u00e9e.<\/p>\n<p>Une \u00ab\u00a0super-application\u00a0\u00bb<\/p>\n<p>Propos\u00e9e par le g\u00e9ant russe des r\u00e9seaux sociaux VK depuis le d\u00e9but d\u2019ann\u00e9e, Max est pr\u00e9sent\u00e9 comme une super-application donnant acc\u00e8s autant \u00e0 des services de l\u2019administration qu\u2019\u00e0 la possibilit\u00e9 de commander une pizza, \u00e0 l\u2019image de WeChat ou Alipay en Chine.<\/p>\n<p>Le gouvernement a demand\u00e9 aux fabricants de l\u2019inclure automatiquement dans tous les nouveaux t\u00e9l\u00e9phones et tablettes \u00e0 la vente depuis le 1er\u00a0septembre, tout en bloquant la possibilit\u00e9 de faire des appels sur les messageries \u00e9trang\u00e8res comme WhatsApp, qui revendique 100\u00a0millions d\u2019usagers en Russie.<\/p>\n<p><strong>Lire aussi\u00a0:<\/strong> <a href=\"https:\/\/rennes.maville.com\/actu\/actudet_-jordan-bardella-agresse-lors-d-une-seance-de-dedicaces-dans-le-tarn-et-garonne-_54135-7086491_actu.Htm\" target=\"_blank\" rel=\"noopener\">Jordan Bardella agress\u00e9 lors d\u2019une s\u00e9ance de d\u00e9dicaces dans le Tarn-et-Garonne<\/a><\/p>\n<p>Les appels d\u00e9j\u00e0 interdits<\/p>\n<p>Vendredi, l\u2019autorit\u00e9 de r\u00e9gulation des m\u00e9dias Roskomnadzor a annonc\u00e9 qu\u2019elle envisageait d\u2019interdire compl\u00e8tement WhatsApp, au nom de la lutte contre la d\u00e9linquance. Les appels sont d\u00e9j\u00e0 impossibles avec WhatsApp depuis ao\u00fbt.<\/p>\n<p>Les autorit\u00e9s insistent sur l\u2019importance de couper la d\u00e9pendance russe \u00e0 des plateformes \u00e9trang\u00e8res qui stockent les donn\u00e9es.<\/p>\n<p>En l\u2019absence de cryptage de bout en bout, ce serait cependant un outil puissant de surveillance, estiment des avocats d\u00e9fenseurs des libert\u00e9s et des droits.<\/p>\n<p>\u00ab\u00a0Je n\u2019ai pas trop confiance\u00a0\u00bb, confie Ekaterina, une m\u00e9decin de 39\u00a0ans, sans vouloir donner son nom de famille. Son employeur lui a demand\u00e9 d\u2019installer Max mais elle utilise toujours surtout WhatsApp pour ses \u00e9changes priv\u00e9s.<\/p>\n<p>\u00ab\u00a0Il y a tout un historique personnel de messages que je ne veux pas perdre, et des \u00e9changes pour mon travail\u00a0\u00bb, dit-elle, avec \u00ab\u00a0beaucoup de patients dessus\u00a0\u00bb.<\/p>\n<p>Andrei Ivanov, 33\u00a0ans, est partag\u00e9\u00a0: les donn\u00e9es sur WhatsApp peuvent \u00ab\u00a0\u00eatre vol\u00e9es par d\u2019autres pays\u00a0\u00bb mais c\u2019est \u00ab\u00a0pratique pour communiquer\u00a0\u00bb.<\/p>\n<p>Forcer les gens \u00e0 changer, \u00ab\u00a0c\u2019est une forme de restriction de nos libert\u00e9s\u00a0\u00bb, critique-t-il.<\/p>\n<p><strong>Lire aussi\u00a0:<\/strong> <a href=\"https:\/\/rennes.maville.com\/actu\/actudet_-soupconnes-de-vouloir-combattre-pour-la-russie-quatre-hommes-arretes-en-afrique-du-sud-_54135-7086442_actu.Htm\" target=\"_blank\" rel=\"noopener\">Soup\u00e7onn\u00e9s de vouloir combattre pour la Russie, quatre hommes arr\u00eat\u00e9s en Afrique du Sud<\/a><\/p>\n<p>Des messages crypt\u00e9s<\/p>\n<p>WhatsApp, de son c\u00f4t\u00e9, estime \u00eatre dans le collimateur car la m\u00e9thode de cryptage employ\u00e9e par la plateforme, propri\u00e9t\u00e9 du g\u00e9ant am\u00e9ricain Meta, permet le codage des messages lorsqu\u2019ils partent de l\u2019appareil de l\u2019exp\u00e9diteur jusqu\u2019\u00e0 ce qu\u2019ils soient lus par le destinataire.<\/p>\n<p>La plateforme assure que ses serveurs stockent des messages crypt\u00e9s, qui sont d\u00e9truits une fois livr\u00e9s, et qu\u2019elle s\u2019abstient de communiquer quoi que ce soit aux gouvernements.<\/p>\n<p>\u00ab\u00a0Pour moi, tout ce qui est cr\u00e9\u00e9 \u00e0 l\u2019\u00e9tranger est d\u00e9sormais une menace pour nous\u00a0\u00bb, conteste Sergei Abramov, retrait\u00e9, 67\u00a0ans.<\/p>\n<p>Maria Isakova, 36\u00a0ans, est d\u2019accord\u00a0: \u00ab\u00a0Notre pays est fonci\u00e8rement dou\u00e9 pour s\u2019adapter aux changements de circonstances. Nous nous adaptons, il y a d\u2019autres messageries, des alternatives. Je ne vois pas le probl\u00e8me\u00a0\u00bb.<\/p>\n<p>\u00a0<\/p>\n","protected":false},"excerpt":{"rendered":"Malgr\u00e9 ses\u00a0100\u00a0millions d\u2019usagers en Russie, la messagerie\u00a0WhatsApp pourrait bien conna\u00eetre ses derni\u00e8res heures en Russie, le gouvernement envisageant&hellip;\n","protected":false},"author":2,"featured_media":567474,"comment_status":"","ping_status":"","sticky":false,"template":"","format":"standard","meta":{"footnotes":""},"categories":[1591],"tags":[11,1887,7263,14364,1069,12,68251,1885,1886,132,4937,68250,250],"class_list":{"0":"post-567473","1":"post","2":"type-post","3":"status-publish","4":"format-standard","5":"has-post-thumbnail","7":"category-russie","8":"tag-actualites","9":"tag-federation-de-russie","10":"tag-inquiete","11":"tag-interdire","12":"tag-messagerie","13":"tag-news","14":"tag-remplacera","15":"tag-russia","16":"tag-russian-federation","17":"tag-russie","18":"tag-saint-brieuc","19":"tag-super-application","20":"tag-whatsapp"},"share_on_mastodon":{"url":"https:\/\/pubeurope.com\/@fr\/115635129294110537","error":""},"_links":{"self":[{"href":"https:\/\/www.europesays.com\/fr\/wp-json\/wp\/v2\/posts\/567473","targetHints":{"allow":["GET"]}}],"collection":[{"href":"https:\/\/www.europesays.com\/fr\/wp-json\/wp\/v2\/posts"}],"about":[{"href":"https:\/\/www.europesays.com\/fr\/wp-json\/wp\/v2\/types\/post"}],"author":[{"embeddable":true,"href":"https:\/\/www.europesays.com\/fr\/wp-json\/wp\/v2\/users\/2"}],"replies":[{"embeddable":true,"href":"https:\/\/www.europesays.com\/fr\/wp-json\/wp\/v2\/comments?post=567473"}],"version-history":[{"count":0,"href":"https:\/\/www.europesays.com\/fr\/wp-json\/wp\/v2\/posts\/567473\/revisions"}],"wp:featuredmedia":[{"embeddable":true,"href":"https:\/\/www.europesays.com\/fr\/wp-json\/wp\/v2\/media\/567474"}],"wp:attachment":[{"href":"https:\/\/www.europesays.com\/fr\/wp-json\/wp\/v2\/media?parent=567473"}],"wp:term":[{"taxonomy":"category","embeddable":true,"href":"https:\/\/www.europesays.com\/fr\/wp-json\/wp\/v2\/categories?post=567473"},{"taxonomy":"post_tag","embeddable":true,"href":"https:\/\/www.europesays.com\/fr\/wp-json\/wp\/v2\/tags?post=567473"}],"curies":[{"name":"wp","href":"https:\/\/api.w.org\/{rel}","templated":true}]}}