{"id":567483,"date":"2025-11-29T21:37:20","date_gmt":"2025-11-29T21:37:20","guid":{"rendered":"https:\/\/www.europesays.com\/fr\/567483\/"},"modified":"2025-11-29T21:37:20","modified_gmt":"2025-11-29T21:37:20","slug":"le-morbihannais-izaya-gaucher-sacre-champion-deurope-u23-de-boxe","status":"publish","type":"post","link":"https:\/\/www.europesays.com\/fr\/567483\/","title":{"rendered":"Le Morbihannais Izaya Gaucher sacr\u00e9 champion d\u2019Europe U23 de boxe"},"content":{"rendered":"<p>Le Morbihannais Izaya Gaucher est devenu champion d\u2019Europe U23, ce samedi, \u00e0 Budapest, en dominant en finale l\u2019Anglais Abdul-Rahmaan Burton, dans la cat\u00e9gorie des moins de 55 kg. \u00ab Les \u00e9changes ont \u00e9t\u00e9 \u00e9quilibr\u00e9s avec toutefois une boxe plus vari\u00e9e c\u00f4t\u00e9 tricolore et notamment une \u00e9tonnante facult\u00e9 \u00e0 alterner sa garde tout en conservant la m\u00eame efficacit\u00e9 \u00bb, a indiqu\u00e9 la F\u00e9d\u00e9ration fran\u00e7aise de boxe dans un communiqu\u00e9.<\/p>\n","protected":false},"excerpt":{"rendered":"Le Morbihannais Izaya Gaucher est devenu champion d\u2019Europe U23, ce samedi, \u00e0 Budapest, en dominant en finale l\u2019Anglais&hellip;\n","protected":false},"author":2,"featured_media":567484,"comment_status":"","ping_status":"","sticky":false,"template":"","format":"standard","meta":{"footnotes":""},"categories":[1586],"tags":[11,13740,765,3166,1777,674,1011,27,3729,12,25,68253,60,3165],"class_list":{"0":"post-567483","1":"post","2":"type-post","3":"status-publish","4":"format-standard","5":"has-post-thumbnail","7":"category-europe","8":"tag-actualites","9":"tag-boxe","10":"tag-en-continu","11":"tag-en-continu-sports","12":"tag-eu","13":"tag-europe","14":"tag-fr","15":"tag-france","16":"tag-morbihan","17":"tag-news","18":"tag-republique-francaise","19":"tag-saint-ave","20":"tag-sports","21":"tag-vannes"},"share_on_mastodon":{"url":"https:\/\/pubeurope.com\/@fr\/115635149087143338","error":""},"_links":{"self":[{"href":"https:\/\/www.europesays.com\/fr\/wp-json\/wp\/v2\/posts\/567483","targetHints":{"allow":["GET"]}}],"collection":[{"href":"https:\/\/www.europesays.com\/fr\/wp-json\/wp\/v2\/posts"}],"about":[{"href":"https:\/\/www.europesays.com\/fr\/wp-json\/wp\/v2\/types\/post"}],"author":[{"embeddable":true,"href":"https:\/\/www.europesays.com\/fr\/wp-json\/wp\/v2\/users\/2"}],"replies":[{"embeddable":true,"href":"https:\/\/www.europesays.com\/fr\/wp-json\/wp\/v2\/comments?post=567483"}],"version-history":[{"count":0,"href":"https:\/\/www.europesays.com\/fr\/wp-json\/wp\/v2\/posts\/567483\/revisions"}],"wp:featuredmedia":[{"embeddable":true,"href":"https:\/\/www.europesays.com\/fr\/wp-json\/wp\/v2\/media\/567484"}],"wp:attachment":[{"href":"https:\/\/www.europesays.com\/fr\/wp-json\/wp\/v2\/media?parent=567483"}],"wp:term":[{"taxonomy":"category","embeddable":true,"href":"https:\/\/www.europesays.com\/fr\/wp-json\/wp\/v2\/categories?post=567483"},{"taxonomy":"post_tag","embeddable":true,"href":"https:\/\/www.europesays.com\/fr\/wp-json\/wp\/v2\/tags?post=567483"}],"curies":[{"name":"wp","href":"https:\/\/api.w.org\/{rel}","templated":true}]}}