{"id":567499,"date":"2025-11-29T21:45:14","date_gmt":"2025-11-29T21:45:14","guid":{"rendered":"https:\/\/www.europesays.com\/fr\/567499\/"},"modified":"2025-11-29T21:45:14","modified_gmt":"2025-11-29T21:45:14","slug":"pro-a-messieurs-tc-quimperle-le-miracle-du-maintien","status":"publish","type":"post","link":"https:\/\/www.europesays.com\/fr\/567499\/","title":{"rendered":"Pro A messieurs\u00a0: TC Quimperl\u00e9, le miracle du maintien"},"content":{"rendered":"<p>Pro A messieurs (5e journ\u00e9e). TC Quimperl\u00e9 &#8211; Saint-Amand\u00a0: 3-3<\/p>\n<p>Qu\u2019est-ce qui procure le plus d\u2019\u00e9motions entre un titre obtenu alors qu\u2019on n\u2019est pas du tout favori, comme <a href=\"https:\/\/www.letelegramme.fr\/sports\/tennis\/finale-championnat-de-france-interclubs-pro-a-le-tc-quimperle-mene-3-a-1-apres-les-simples-contre-bordeaux-6713287.php\" target=\"_blank\" rel=\"noopener\">l\u2019an pass\u00e9 <\/a>face \u00e0 Bordeaux Villa Primrose, ou un maintien arrach\u00e9 lors de la derni\u00e8re journ\u00e9e sur les deux derniers doubles en comptant aussi sur la d\u00e9faite d\u2019un concurrent direct\u00a0?<\/p>\n<p>H\u00e9ros des ces deux \u00e9v\u00e8nements pour avoir \u00e0 chaque fois remport\u00e9 son simple et son double, Gr\u00e9goire Jacq n\u2019a pas voulu trancher. Mais son bonheur et celui de ses co\u00e9quipiers apr\u00e8s le match nul obtenu contre Saint-Amand (3-3) valaient toutes les r\u00e9ponses.<\/p>\n<p>Journ\u00e9e \u00e0 hauts risques<\/p>\n<p>Durant cette derni\u00e8re journ\u00e9e \u00e0 hauts risques en haut et en bas du classement, le TC Quimperl\u00e9 s\u2019est en tout cas retrouv\u00e9 virtuellement rel\u00e9gu\u00e9 en Pro B apr\u00e8s les simples o\u00f9 il \u00e9tait men\u00e9 3 \u00e0 1.<\/p>\n<p>Malade et battu mercredi, Vitaliy Sachko a manqu\u00e9 de rythme pour empocher la balle de set qu\u2019il s\u2019est procur\u00e9e dans la premi\u00e8re manche \u00e0 5-4. Il a ensuite subi la loi du Belge Gauthier Onlcin. Egor Gerasimov a s\u00e9rieusement accroch\u00e9 Laurent Lokoki, mais a d\u00fb c\u00e9der dans le super tie-break. Guillaume Dalmasso a \u00e9t\u00e9 impuissant contre l\u2019Allemand Daniel Masur. La seule satisfaction a donc \u00e9t\u00e9 la victoire de Gr\u00e9goire Jacq.<\/p>\n<p>Il restait alors une chance que le champion de France en titre se maintienne\u00a0: remporter ses deux doubles et compter sur une d\u00e9faite de Bressuire, qui \u00e9tait men\u00e9 dans le m\u00eame temps 3 \u00e0 1 \u00e0 domicile par Boulogne-sur-Mer.<\/p>\n<p>Maintenu au goal-average<\/p>\n<p>Face \u00e0 une \u00e9quipe de Saint-Amand un peu moins concern\u00e9e car d\u00e9j\u00e0 assur\u00e9e au pire du nul (en perdant ses deux doubles) et donc de son propre maintien, le TC Quimperl\u00e9 a assur\u00e9. Ses deux paires Jacq-Castelnuovo et Sachko-Dalmasso se sont impos\u00e9es avec autorit\u00e9, alors que dans le m\u00eame temps, Bressuire perdait pied en double et s\u2019inclinait 5 \u00e0 1.<\/p>\n<p>Au final, et alors qu\u2019il a \u00e9t\u00e9 battu \u00e0 Bressuire 4 \u00e0 2 lors de la deuxi\u00e8me journ\u00e9e, le TC Quimperl\u00e9 devance cet adversaire au goal-average (+ 6 contre -14), alors qu\u2019en haut du classement, Boulogne s\u2019est qualifi\u00e9 pour la finale, \u00e9galement au goal-average, en profitant de la d\u00e9faite d\u2019Annecy \u00e0 Boulogne-Billancourt. C\u2019\u00e9tait vraiment la journ\u00e9e des miracles.<\/p>\n<p class=\"titre-tech\">Les r\u00e9sultats<\/p>\n<p class=\"tech\"><strong class=\"tech\">Simple 1\u00a0: <\/strong>Gauthier Onclin (N.24 FFT, N. 229 ATP, St-Amand) bat Vitaliy Sachko (N.27 FFT, N.166 ATP, Quimperl\u00e9) 7-5, 6-2.<\/p>\n<p class=\"tech\"><strong class=\"tech\">Simple 2\u00a0: <\/strong>Laurent Lokoli (N.48 FFT, N.475 ATP, St-Amand) bat Egor Gerasimov (N.68 FFT, N.773 ATP, Quimperl\u00e9) 7-5, 6-7, 10-6.<\/p>\n<p class=\"tech\"><strong class=\"tech\">Simple 3\u00a0:<\/strong> Daniel Masur (N.49 FFT, N.521 ATP, St-Amand) bat Guillaume Dalmaso (N.80 FFT, N.667 ATP, Quimperl\u00e9) 6-2, 6-3.<\/p>\n<p class=\"tech\"><strong class=\"tech\">Simple 4\u00a0: <\/strong>Gr\u00e9goire Jacq (-4\/6 FFT, non class\u00e9 ATP, Quimperl\u00e9) bat Giovanni Oradini (N.68 FFT, N.663 ATP, St-Amand) 6-4, 6-4.<\/p>\n<p class=\"tech\"><strong class=\"tech\">Double 1\u00a0: <\/strong>Gr\u00e9goire Jacq (-9 FFT) et Luca Castelnuovo (-5) battent Daniel Masur (-7) et Giovanni Oradini (-6) 6-2, 6-2.<\/p>\n<p class=\"tech\"><strong class=\"tech\">Double 2\u00a0: <\/strong>Vitaliy Sachko (-8) et Guillaume Dalmaso (-4) battent Laurent Lokoli (-5) et Gauthier Onclin (-7) 6-3, 6-2.<\/p>\n","protected":false},"excerpt":{"rendered":"Pro A messieurs (5e journ\u00e9e). TC Quimperl\u00e9 &#8211; Saint-Amand\u00a0: 3-3 Qu\u2019est-ce qui procure le plus d\u2019\u00e9motions entre un&hellip;\n","protected":false},"author":2,"featured_media":567500,"comment_status":"","ping_status":"","sticky":false,"template":"","format":"standard","meta":{"footnotes":""},"categories":[1415],"tags":[1011,27,11878,60,1467],"class_list":{"0":"post-567499","1":"post","2":"type-post","3":"status-publish","4":"format-standard","5":"has-post-thumbnail","7":"category-tennis","8":"tag-fr","9":"tag-france","10":"tag-quimperle","11":"tag-sports","12":"tag-tennis"},"share_on_mastodon":{"url":"https:\/\/pubeurope.com\/@fr\/115635180231746094","error":""},"_links":{"self":[{"href":"https:\/\/www.europesays.com\/fr\/wp-json\/wp\/v2\/posts\/567499","targetHints":{"allow":["GET"]}}],"collection":[{"href":"https:\/\/www.europesays.com\/fr\/wp-json\/wp\/v2\/posts"}],"about":[{"href":"https:\/\/www.europesays.com\/fr\/wp-json\/wp\/v2\/types\/post"}],"author":[{"embeddable":true,"href":"https:\/\/www.europesays.com\/fr\/wp-json\/wp\/v2\/users\/2"}],"replies":[{"embeddable":true,"href":"https:\/\/www.europesays.com\/fr\/wp-json\/wp\/v2\/comments?post=567499"}],"version-history":[{"count":0,"href":"https:\/\/www.europesays.com\/fr\/wp-json\/wp\/v2\/posts\/567499\/revisions"}],"wp:featuredmedia":[{"embeddable":true,"href":"https:\/\/www.europesays.com\/fr\/wp-json\/wp\/v2\/media\/567500"}],"wp:attachment":[{"href":"https:\/\/www.europesays.com\/fr\/wp-json\/wp\/v2\/media?parent=567499"}],"wp:term":[{"taxonomy":"category","embeddable":true,"href":"https:\/\/www.europesays.com\/fr\/wp-json\/wp\/v2\/categories?post=567499"},{"taxonomy":"post_tag","embeddable":true,"href":"https:\/\/www.europesays.com\/fr\/wp-json\/wp\/v2\/tags?post=567499"}],"curies":[{"name":"wp","href":"https:\/\/api.w.org\/{rel}","templated":true}]}}