{"id":567501,"date":"2025-11-29T21:49:13","date_gmt":"2025-11-29T21:49:13","guid":{"rendered":"https:\/\/www.europesays.com\/fr\/567501\/"},"modified":"2025-11-29T21:49:13","modified_gmt":"2025-11-29T21:49:13","slug":"cyclo-cross-de-liguge-classements-actualite","status":"publish","type":"post","link":"https:\/\/www.europesays.com\/fr\/567501\/","title":{"rendered":"Cyclo-cross de Ligug\u00e9 : Classements &#8211; Actualit\u00e9"},"content":{"rendered":"<p style=\"text-align: justify;\">\u00c9milien Deborde (UV Poitiers) a remport\u00e9, ce samedi, la deuxi\u00e8me \u00e9dition du cyclo-cross de Ligug\u00e9 (Vienne), une \u00e9preuve organis\u00e9e par le Cycle Poitevin. Il a devanc\u00e9 Romain Migeon (Team EliteOrga-US Saint-Herblain) et son co\u00e9quipier Matthieu Durpaix.<br \/>\u00c9milien Deborde succ\u00e8de \u00e0 Anthony Br\u00e9gi\u00e8re (Entente Cycliste 3M) au palmar\u00e8s.<\/p>\n<p><strong>Classements :<\/strong><br \/><strong>S\u00e9niors et U23<\/strong><br \/>1. DEBORDE Emilien UV POITIERS Open en 50&rsquo;15\u00a0\u00bb<br \/>2. MIGEON Romain US ST HERBLAIN Open 00:39<br \/>3. DURPAIX Matthieu UV POITIERS Open 00:52<br \/>4. RAMBEAU J\u00e9r\u00e9mie CO COURONNAIS Open 01:42<br \/>5. LADAME Alexis CC P\u00c9RIGUEUX 24 Open 02:20<br \/>6. APPLENCOURT Ryan BRESSUIRE AC Open 03:01<br \/>7. BOUTET Joran VC MONTMORILLON Open 03:03<br \/>8. ARRAULT Lubin CH\u00c2TEAUROUX M\u00c9TROP\u00d4LE CYCL Open 04:13<br \/>9. BAILLY Victor V\u00c9LO SAUVAGE POITEVIN Access 05:08<br \/>10. CORDEIRO MARQUES Thomas SABLES VEND\u00c9E CYCLISME Open 05:25<br \/>11. MIGEON Sacha VAL DE S\u00c8VRES CYCLISME Access 05:35<br \/>12. TROCHON Christophe C POITEVIN Access 07:14<br \/>13. DELBARRE RIVIERE L\u00e9o EC AMBAZAC Open 1 tour<br \/>14. AUBRY Baptiste VS MONNAIE Open 1 tour<br \/>15. MORICE Tom AGEN VS Open 1 tour<br \/>16. COTIER Alexis AC CH\u00c2TELLERAULT Access 1 tour<br \/>17. BLAMPAIN Matthieu V\u00c9LO SAUVAGE POITEVIN Access 1 tour<br \/>18. RAIMOND Fran\u00e7ois C POITEVIN Access 1 tour<br \/>19. BOUTET Quentin VC MONTMORILLON Access 1 tour<br \/>20. BARRITAULT David V\u00c9LO SAUVAGE POITEVIN Access 1 tour<br \/>21. GUERITAULT Damien V NAINTR\u00c9 Access 1 tour<br \/>22. BONNEAU COTTENNEC Rayan UCC VIVONNE Open 1 tour<br \/>23. FOUCAT Tristan UV POITIERS Open 1 tour<br \/>24. BRISSON Quentin US CHAUVIGNY C Access 1 tour<br \/>25. ROSEVEGUE Louis PLB TOURS Access 2 tours<br \/>26. FONTENY Alain JPC LUSSAC Access 2 tours<br \/>27. COTTET Christophe TEAM CYCLING ENDURANCE Access 2 tours<br \/>28. AYRAULT Nicolas US CHAUVIGNY C Access 2 tours<\/p>\n<p><strong>Non-partants\u00a0:<\/strong> <br \/>CAMOIN Paul C POITEVIN Open <br \/>TRICHOT Luc UV POITIERS Access <\/p>\n<p><strong>Abandon\u00a0:<\/strong> <br \/>LECOMPTE Math\u00e9o C&rsquo;CHARTRES CYCLISME Open<\/p>\n<p><strong>U19 et F\u00e9minines<\/strong> <br \/>1. CHAVANEL Maxence EN PISTE U19-2 en 38&rsquo;53\u00a0\u00bb<br \/>2. SAUZEAU Yann UV POITIERS U19-1 00:01<br \/>3. GARNIER Nolann AS VILLEMUR U19-2 00:29<br \/>4. GASCHET Jules C POITEVIN U19-2 02:53<br \/>5. IBARS Roman C POITEVIN U19-2 04:42<br \/>6. DELBARRE Thomas EC AMBAZAC U19-1 06:25<br \/>7. AUBRY Cassie UV POITIERS Dames 1 tour<br \/>8. MEHL S\u00e9bastien AC CH\u00c2TELLERAULT U19-1 1 tour<br \/>9. TOUCHARD Eloane V NAINTR\u00c9 Dames 1 tour<\/p>\n<p><strong>Abandons\u00a0:<\/strong> <br \/>MALGORN Ewen UV POITIERS U19-1 <br \/>COTIER Bastien CREUSE OXYG\u00c8NE U19-2 <br \/>cyclo-cross de Ligug\u00e9 : U17<\/p>\n<p><strong>U17<\/strong><br \/>1. CHAVANEL Hugo AC CH\u00c2TELLERAULT U17-1 en 28&rsquo;23\u00a0\u00bb<br \/>2. FRIOU H\u00e9li\u00e8s VC SAINTAIS U17-1 01:06<br \/>3. DEVILLARD Maxym UCC VIVONNE U17-1 02:06<br \/>4. PIAZZA Valentin UCC VIVONNE U17-2 02:06<br \/>5. DELBARRE Ana\u00efs EC AMBAZAC U17-2 F 02:56<br \/>6. GEEROMS Timoth\u00e9 UCC VIVONNE U17-2 03:57<br \/>7. RAIMOND Rose C POITEVIN U17-1 F 05:47<br \/>8. BIGEU Yanis UCC VIVONNE U17-1 1 tour<\/p>\n<p><strong>U15<\/strong><br \/>1. VERGER Tilio VC SAINTAIS U15-2 en 20&rsquo;43\u00a0\u00bb<br \/>2. HEURTIER Marcus UC JOU\u00c9 TOURS U15-1 00:52<br \/>3. LARUE Alexandre UV POITIERS U15-1 01:19<br \/>4. DEL\u00c9TANG Josselin V NAINTR\u00c9 U15-2 01:39<br \/>5. HUGUENOT Tom UCC VIVONNE U15-2 01:43<br \/>6. CHABAUD Stanislas V NAINTR\u00c9 U15-1 01:57<br \/>7. BICHAUD Ettor\u00e9 C POITEVIN U15-1 02:06<br \/>8. MARQUET Enzo VC SAINTAIS U15-2 02:27<br \/>9. GUERITAULT Emy V NAINTR\u00c9 U15-1 F 03:03<br \/>10. VISSAC No\u00e9 V NAINTR\u00c9 U15 03:56<br \/>11. HUCHET BERTREL Axel UCC VIVONNE U15-2 03:56<br \/>12. BLICAULT Clovis C POITEVIN U15-1 1 tour<br \/>13. MURILLO Aliz\u00e9e UV POITIERS U15-2 F 1 tour<br \/>14. RAGUENEAU Marius UV POITIERS U15-1 1 tour<br \/>15. PIG\u00c9 Cl\u00e9mentine CH\u00c2TEAUROUX M\u00c9TROP\u00d4LE CYCL U15-2 F 1 tour<br \/>16. TELLIER Augustin C POITEVIN U15-2 1 tour<br \/>17. GRIMAL Antonin C POITEVIN U15-1 2 tours<\/p>\n<p><strong>U13<\/strong><br \/>1. GUILLOT CAZOT Robin GUIDON MANSLOIS U13-2 en 14&rsquo;36\u00a0\u00bb<br \/>2. MURILLO Matt\u00e9o UV POITIERS U13-2 00:17<br \/>3. LECLERC Nathan UV POITIERS U13-2 00:31<br \/>4. TARDY Pierre Lou GUIDON MANSLOIS U13-2 00:32<br \/>5. MARQUET Tom VC SAINTAIS U13-1 1:41:29<br \/>6. ROSELE Robin UV POITIERS U13-2 01:38<br \/>7. PELAUD Ewen VS CANTON BEAUVOIR U13-2 04:17<br \/>8. ROUSSE Lucas UCC VIVONNE U13-1 1 tour<br \/>9. CAULLIEZ Constance PSF NIORT U13-2 F 1 tour<br \/>10. HAIRAULT An\u00e9 UV POITIERS U13-1 F 1 tour<\/p>\n<p><strong>U11<\/strong><br \/>1. PIG\u00c9 Louison CH\u00c2TEAUROUX M\u00c9TROP\u00d4LE CYCL U11-1 en 8&rsquo;10\u00a0\u00bb<br \/>2. LAROCHE ZANNI Nohan TEAM EVASION NATURE U11-2 00:16<br \/>3. LABARDE Titouan GUIDON MANSLOIS U11-1 00:26<br \/>4. PELAUD Enzo VS CANTON BEAUVOIR U11-1 02:32<br \/>5. REECE Ilyam C POITEVIN U11-2 1 tour<\/p>\n<p><strong>Non-partants :<\/strong><br \/>LAGEON Louis C POITEVIN U11-1<br \/>MARCH\u00c9 Hugo UCC VIVONNE U11-1<\/p>\n<p><strong>U9<\/strong> <br \/>1. PILLOT Gaspard UV POITIERS U9-2 en 5&rsquo;01\u00a0\u00bb<br \/>2. MIMAULT Math\u00e9o UV POITIERS U9-1 00:21<br \/>3. PESCHER Marius UV POITIERS U9-2 01:33<br \/>4. TEIXEIRA Amalya UV POITIERS U9-2 F 02:39<\/p>\n<p>Remerciements \u00e0 Manu Legros, Cycle Poitevin.<\/p>\n","protected":false},"excerpt":{"rendered":"\u00c9milien Deborde (UV Poitiers) a remport\u00e9, ce samedi, la deuxi\u00e8me \u00e9dition du cyclo-cross de Ligug\u00e9 (Vienne), une \u00e9preuve&hellip;\n","protected":false},"author":2,"featured_media":567502,"comment_status":"","ping_status":"","sticky":false,"template":"","format":"standard","meta":{"footnotes":""},"categories":[1411],"tags":[834,828,836,829,837,827,83,826,824,823,1154,207,814,817,815,816,822,821,832,211,839,1011,27,820,818,819,835,831,830,833,838,60,212,208,825],"class_list":{"0":"post-567501","1":"post","2":"type-post","3":"status-publish","4":"format-standard","5":"has-post-thumbnail","7":"category-cyclisme","8":"tag-attaque","9":"tag-belgique","10":"tag-braquet","11":"tag-bretagne","12":"tag-chute","13":"tag-competition","14":"tag-coupe-de-france","15":"tag-coureur","16":"tag-course-cyclisme","17":"tag-course-cycliste","18":"tag-cycling","19":"tag-cyclisme","20":"tag-direct","21":"tag-direct-velo","22":"tag-directvelo","23":"tag-directvelo-com","24":"tag-epreuve","25":"tag-epreuve-cycliste","26":"tag-federation-francaise-de-cyclisme","27":"tag-ffc","28":"tag-flandres","29":"tag-fr","30":"tag-france","31":"tag-live","32":"tag-live-course","33":"tag-live-epreuve","34":"tag-peloton","35":"tag-radio-peloton","36":"tag-radio-tour","37":"tag-ravitaillement","38":"tag-relance","39":"tag-sports","40":"tag-uci","41":"tag-velo","42":"tag-velos"},"share_on_mastodon":{"url":"https:\/\/pubeurope.com\/@fr\/115635196013781940","error":""},"_links":{"self":[{"href":"https:\/\/www.europesays.com\/fr\/wp-json\/wp\/v2\/posts\/567501","targetHints":{"allow":["GET"]}}],"collection":[{"href":"https:\/\/www.europesays.com\/fr\/wp-json\/wp\/v2\/posts"}],"about":[{"href":"https:\/\/www.europesays.com\/fr\/wp-json\/wp\/v2\/types\/post"}],"author":[{"embeddable":true,"href":"https:\/\/www.europesays.com\/fr\/wp-json\/wp\/v2\/users\/2"}],"replies":[{"embeddable":true,"href":"https:\/\/www.europesays.com\/fr\/wp-json\/wp\/v2\/comments?post=567501"}],"version-history":[{"count":0,"href":"https:\/\/www.europesays.com\/fr\/wp-json\/wp\/v2\/posts\/567501\/revisions"}],"wp:featuredmedia":[{"embeddable":true,"href":"https:\/\/www.europesays.com\/fr\/wp-json\/wp\/v2\/media\/567502"}],"wp:attachment":[{"href":"https:\/\/www.europesays.com\/fr\/wp-json\/wp\/v2\/media?parent=567501"}],"wp:term":[{"taxonomy":"category","embeddable":true,"href":"https:\/\/www.europesays.com\/fr\/wp-json\/wp\/v2\/categories?post=567501"},{"taxonomy":"post_tag","embeddable":true,"href":"https:\/\/www.europesays.com\/fr\/wp-json\/wp\/v2\/tags?post=567501"}],"curies":[{"name":"wp","href":"https:\/\/api.w.org\/{rel}","templated":true}]}}