{"id":567507,"date":"2025-11-29T21:52:23","date_gmt":"2025-11-29T21:52:23","guid":{"rendered":"https:\/\/www.europesays.com\/fr\/567507\/"},"modified":"2025-11-29T21:52:23","modified_gmt":"2025-11-29T21:52:23","slug":"marseille-la-maison-pointue-et-decalee-de-larchitecte-dinterieur-marion-mailaender","status":"publish","type":"post","link":"https:\/\/www.europesays.com\/fr\/567507\/","title":{"rendered":"Marseille : la maison pointue et d\u00e9cal\u00e9e de l&rsquo;architecte d&rsquo;int\u00e9rieur Marion Mailaender"},"content":{"rendered":"<p>\n                    Dans la biblioth\u00e8que, lampe \u00e0 poser en cr\u00e9pi de Marion Mailaender. Pos\u00e9e sur le sol, une \u0153uvre de Thomas Leleu. La tabouret est sign\u00e9 Rikkert Paauw.                <\/p>\n<p>\n                    Les meubles de cuisine ont \u00e9t\u00e9 command\u00e9s au designer R\u00e9gis Jocteur Monrozier, talent rep\u00e9r\u00e9 \u00e0 la galerie La Traverse, \u00e0 Marseille.                <\/p>\n<p class=\"has-drop-cap\">Pour Marion Mailaender, cette installation \u00e0 <a href=\"https:\/\/www.milkdecoration.com\/tag\/marseille\/\" target=\"_blank\" rel=\"noreferrer noopener\">Marseille<\/a> a des allures de retour aux sources. Alors qu\u2019elle ach\u00e8ve le chantier de l\u2019h\u00f4tel Tuba Club durant l\u2019\u00e9t\u00e9 2020, elle d\u00e9cide avec son mari Thomas de quitter Paris pour revenir dans la ville o\u00f9 ils ont grandi. \u00ab\u00a0On s\u2019est dit qu\u2019on allait voir tous nos amis pour profiter de cet endroit sympa et qu\u2019on finirait par les envier. Il \u00e9tait temps de rentrer \u00bb, raconte Marion. Si, initialement, elle quitte Marseille pour Paris, c\u2019est en vue d\u2019int\u00e9grer l\u2019\u00e9cole Boulle, o\u00f9 elle se forme \u00e0 l\u2019architecture d\u2019int\u00e9rieur, avec une sp\u00e9cialisation en design de mobilier. Dipl\u00f4m\u00e9e en 2002, elle se lance rapidement en ind\u00e9pendante, sur les conseils d\u2019Alain Raynaud, architecte d\u2019int\u00e9rieur chez qui elle fait ses premi\u00e8res armes. <\/p>\n<p>Peu de temps apr\u00e8s, sa rencontre avec le cr\u00e9ateur et galeriste Emmanuel Picault lui permet d\u2019affirmer son style. \u00ab J\u2019ai essay\u00e9 de faire des appartements chic mais j\u2019ai toujours eu un amour pour la couleur et les d\u00e9calages. Je ne me retrouvais pas vraiment dans cette esth\u00e9tique. J\u2019ai rencontr\u00e9 Emmanuel et j\u2019ai d\u00e9couvert sa mani\u00e8re de travailler, au Mexique : une m\u00e9thode o\u00f9 on laisse la place \u00e0 l\u2019impr\u00e9vu, aux d\u00e9fauts, \u00e0 la patine. Je m\u2019y suis reconnue. J\u2019ai pu me lib\u00e9rer de tout ce que j\u2019avais tent\u00e9 de faire auparavant. Je me suis sentie davantage \u00e0 ma place dans cette \u00e9criture \u00bb, explique Marion \u00e0 propos de son cheminement.<\/p>\n<p>\n                    Dans la salle de bains, l\u2019\u0153uvre en forme de moule a \u00e9t\u00e9 r\u00e9alis\u00e9e par Thomas Mailaender. Le miroir pare-brise est de Marion Mailaender.                <\/p>\n<p>\n                    Dans la chambre parentale, lit double vintage de Tobia Scarpa.                <\/p>\n<p>Cette r\u00e9flexion la conduit \u00e0 fonder sa propre galerie \u00e0 Paris, qu\u2019elle nomme Aimable sur rendez-vous. Un espace o\u00f9 elle nourrit sa cr\u00e9ativit\u00e9 et met en lumi\u00e8re les artistes qui l\u2019entourent, \u00e0 travers l\u2019organisation de plusieurs expositions. La galerie lui offre une premi\u00e8re visibilit\u00e9 et lui ouvre les portes d\u2019un projet d\u00e9cisif dans sa carri\u00e8re. En 2017, Marion signe la boutique d\u2019Am\u00e9lie Pichard, jeune cr\u00e9atrice remarqu\u00e9e pour ses sacs orn\u00e9s d\u2019un crocodile et ses souliers au caract\u00e8re bien tremp\u00e9. \u00ab Sa cr\u00e9ativit\u00e9 et ma m\u00e9thode ont donn\u00e9 naissance \u00e0 une boutique unique, diff\u00e9rente de ce qu\u2019on attendait dans ce quartier. On essayait les chaussures sur un lit, tout \u00e9tait pr\u00e9sent\u00e9 dans des placards\u2026 C\u2019\u00e9tait tr\u00e8s conceptuel, amusant, l\u00e9ger. Et sourtout, \u00e7a a chang\u00e9 la donne \u00bb, se souvient Marion. Apr\u00e8s ce projet, elle se sent autoris\u00e9e \u00e0 affirmer son style singulier tout en conservant ses r\u00e9f\u00e9rences pointues. \u00ab J\u2019ai eu la chance de rencontrer des personnalit\u00e9s plus \u00e2g\u00e9es qui ont guid\u00e9 mon approche quand je suis arriv\u00e9e \u00e0 Paris, comme Bob Calle, le p\u00e8re de Sophie Calle. Il m\u2019a appris \u00e0 regarder \u00bb, raconte-t-elle. Ses inspirations sont majoritairement ancr\u00e9es en Italie : Tobia Scarpa, Gae Aulenti, Lina Bo Bardi. Elle cite \u00e9galement la rigueur fonctionnelle d\u2019Andr\u00e9e Putman.<\/p>\n<p><img fetchpriority=\"high\" decoding=\"async\" width=\"1920\" height=\"1279\" src=\"https:\/\/www.europesays.com\/fr\/wp-content\/uploads\/2025\/11\/marionmailaender-milkdecoration-adelslimanefecih2.jpg\" alt=\"\" class=\"wp-image-78938\"  \/><\/p>\n<p>En 2020, pour <a href=\"https:\/\/www.milkdecoration.com\/hot-spot-les-nouvelles-suites-de-tuba-a-marseille-par-marion-mailaender\/\" target=\"_blank\" rel=\"noreferrer noopener\">Tuba Club<\/a> \u00e0 Marseille, elle livre sa vision d\u2019un luxe d\u00e9complex\u00e9. Plus qu\u2019un mat\u00e9riau ou une finition, pour elle, le luxe est un \u00e9tat d\u2019esprit. Ce premier projet h\u00f4telier la propulse dans une autre galaxie et lui donne la possibilit\u00e9 ded\u00e9crocher d\u2019autres chantiers plus ambitieux. \u00ab Tuba a chang\u00e9 la mani\u00e8re dont les gens regardaient mon travail. Ce projet a fait consensus \u00bb, analyse Marion.<\/p>\n<p>C\u2019est d\u00e9sormais \u00e0 la Pointe-Rouge, \u00e0 proximit\u00e9 de la mer, que vit en famille l\u2019architecte d\u2019int\u00e9rieur, avec son mari artiste Thomas, leurs deux filles et leur chien Pamela. Le couple a jet\u00e9 son d\u00e9volu sur une maison de 90 m2, s\u00e9duit par la lumi\u00e8re qui baigne le jardin. Une b\u00e2tisse \u00e0 repenser enti\u00e8rement : \u00ab Il fallait se projeter, mais c\u2019est justement ce que j\u2019aime dans mes projets \u00bb, explique Marion. Son intervention permet de gommer les d\u00e9fauts de la maison. Elle commence par revoir la distribution, en d\u00e9pla\u00e7ant l\u2019entr\u00e9e pour qu\u2019elle se fasse par le jardin, et non plus par la cuisine. Elle agrandit la pi\u00e8ce \u00e0 vivre en empi\u00e9tant sur l\u2019espace ext\u00e9rieur, puis sacrifie une chambre pour donner l\u2019acc\u00e8s \u00e0 un \u00e9tage qu\u2019elle cr\u00e9e de toutes pi\u00e8ces, avec en prime un rooftop. \u00ab Thomas ne voulait pas de Placo dans cette maison. Pour l\u2019extension, on a utilis\u00e9 des carreaux de brique laiss\u00e9s bruts, les placards sont en MDF simplement huil\u00e9s et, dans la salle de bains, les murs sont enduits \u00e0 la chaux \u00bb, d\u00e9taille Marion. Sur le palier, tr\u00f4ne un meuble sign\u00e9 Sottsass Associati pour Esprit. Dans la chambre, un lit chin\u00e9 par Thomas fait face \u00e0 un banc de Pierre Sala. Marion s\u2019exprime \u00e9galement dans la pi\u00e8ce \u00e0 vivre, qu\u2019elle enrichit de multiples interventions. Pour y faire p\u00e9n\u00e9trer la lumi\u00e8re, elle mise sur des fen\u00eatres \u00e0 guillotine. Afin de structurer l\u2019espace, elle choisit d\u2019ajouter un rideau : \u00ab La forme de cette pi\u00e8ce ne me plaisait pas parce qu\u2019il y avait une porte d\u2019un c\u00f4t\u00e9, et une autre qui menait \u00e0 un couloir. J\u2019ai eu l\u2019id\u00e9e de ce rideau qui th\u00e9\u00e2tralise la pi\u00e8ce et en transforme le volume \u00bb, explique-t-elle.<\/p>\n<p>\n                    Lampadaire de Franz West. Petite table de Wendy Andreu, avec une lampe d\u2019Arnaud Eubelen.                <\/p>\n<p>\n                    Le banc est sign\u00e9 de Pierre Sala.                <\/p>\n<p>Dans cet espace gravitent des pi\u00e8ces vintage et du mobilier imagin\u00e9 par une nouvelle garde de cr\u00e9ateurs soutenus par le couple. Les canap\u00e9s verts viennent d\u2019un d\u00e9ballage \u00e0 Avignon : le mod\u00e8le <a href=\"https:\/\/www.milkdecoration.com\/voici-la-reedition-la-plus-attendue-du-moment\/\" target=\"_blank\" rel=\"noreferrer noopener\">Amanta<\/a>, con\u00e7u par Mario Bellini en 1966, r\u00e9\u00e9dit\u00e9 cette ann\u00e9e par l\u2019\u00e9diteur scandinave Hay. La petite table en m\u00e9tal est sign\u00e9e Wendy Andreu. Quelques cr\u00e9ations de Marion et Thomas ponctuent l\u2019espace : au mur du salon, une \u0153uvre en r\u00e9sine de Thomas dialogue avec un tabouret \u00e9galement confectionn\u00e9 par ses soins dans la m\u00eame mati\u00e8re. Les tables basses, un vase en marbre et une lampe en cr\u00e9pi, issus du r\u00e9pertoire de Marion, trouvent leur place r\u00e9partis sur les deux niveaux. Dans la salle de bains, une sculpture en forme de moule, r\u00e9alis\u00e9e par Thomas pendant son cursus \u00e0 la Villa Arson, c\u00f4toie un miroir pare-brise sign\u00e9 de Marion. \u00ab Pour nous, cette maison est un laboratoire \u00bb, r\u00e9sume-t-elle. \u00c0 l\u2019image de son exposition au festival <a href=\"https:\/\/www.milkdecoration.com\/tag\/design-parade\/\" target=\"_blank\" rel=\"noreferrer noopener\">Design Parade Toulon<\/a> 2024, qu\u2019elle pr\u00e9sidait, Marion y trouve une libert\u00e9 d\u2019expression totale, lui permettant d\u2019explorer toutes les facettes de sa pratique : design, architecture d\u2019int\u00e9rieur, sc\u00e9nographie\u2026 toujours avec un brin de malice bien dos\u00e9.<\/p>\n<p>\n                    Au mur, \u0153uvre en r\u00e9sine de Thomas Mailaender. Fauteuil vintage Amanta, dessin\u00e9 par Mario Bellini.                <\/p>\n<p>\n                    Dans la cage d\u2019escalier de l\u2019extension en briques rouges, applique n\u00e9on de Michelangelo Pistoletto.                <\/p>\n","protected":false},"excerpt":{"rendered":"Dans la biblioth\u00e8que, lampe \u00e0 poser en cr\u00e9pi de Marion Mailaender. Pos\u00e9e sur le sol, une \u0153uvre de&hellip;\n","protected":false},"author":2,"featured_media":567508,"comment_status":"","ping_status":"","sticky":false,"template":"","format":"standard","meta":{"footnotes":""},"categories":[1358],"tags":[1348,1384,1385,4397,1386,58,59,1011,27,16978,68254,884,8886,18865],"class_list":{"0":"post-567507","1":"post","2":"type-post","3":"status-publish","4":"format-standard","5":"has-post-thumbnail","7":"category-arts-et-design","8":"tag-arts","9":"tag-arts-and-design","10":"tag-arts-et-design","11":"tag-decoration","12":"tag-design","13":"tag-divertissement","14":"tag-entertainment","15":"tag-fr","16":"tag-france","17":"tag-interieur","18":"tag-marion-mailaender","19":"tag-marseille","20":"tag-mobilier","21":"tag-tribu"},"share_on_mastodon":{"url":"https:\/\/pubeurope.com\/@fr\/115635207807814414","error":""},"_links":{"self":[{"href":"https:\/\/www.europesays.com\/fr\/wp-json\/wp\/v2\/posts\/567507","targetHints":{"allow":["GET"]}}],"collection":[{"href":"https:\/\/www.europesays.com\/fr\/wp-json\/wp\/v2\/posts"}],"about":[{"href":"https:\/\/www.europesays.com\/fr\/wp-json\/wp\/v2\/types\/post"}],"author":[{"embeddable":true,"href":"https:\/\/www.europesays.com\/fr\/wp-json\/wp\/v2\/users\/2"}],"replies":[{"embeddable":true,"href":"https:\/\/www.europesays.com\/fr\/wp-json\/wp\/v2\/comments?post=567507"}],"version-history":[{"count":0,"href":"https:\/\/www.europesays.com\/fr\/wp-json\/wp\/v2\/posts\/567507\/revisions"}],"wp:featuredmedia":[{"embeddable":true,"href":"https:\/\/www.europesays.com\/fr\/wp-json\/wp\/v2\/media\/567508"}],"wp:attachment":[{"href":"https:\/\/www.europesays.com\/fr\/wp-json\/wp\/v2\/media?parent=567507"}],"wp:term":[{"taxonomy":"category","embeddable":true,"href":"https:\/\/www.europesays.com\/fr\/wp-json\/wp\/v2\/categories?post=567507"},{"taxonomy":"post_tag","embeddable":true,"href":"https:\/\/www.europesays.com\/fr\/wp-json\/wp\/v2\/tags?post=567507"}],"curies":[{"name":"wp","href":"https:\/\/api.w.org\/{rel}","templated":true}]}}