{"id":567511,"date":"2025-11-29T21:55:12","date_gmt":"2025-11-29T21:55:12","guid":{"rendered":"https:\/\/www.europesays.com\/fr\/567511\/"},"modified":"2025-11-29T21:55:12","modified_gmt":"2025-11-29T21:55:12","slug":"florent-pagny-proprietaire-dune-maison-avec-pont-levis-et-douves-dans-un-village-de-seulement-87-habitants","status":"publish","type":"post","link":"https:\/\/www.europesays.com\/fr\/567511\/","title":{"rendered":"Florent Pagny propri\u00e9taire d&rsquo;une maison avec pont-levis et douves dans un village de seulement 87 habitants"},"content":{"rendered":"<p>La suite apr\u00e8s la publicit\u00e9<\/p>\n<p>A 64 ans, <a href=\"https:\/\/www.purepeople.com\/people\/florent-pagny_p135\" target=\"_blank\" rel=\"noopener\"><strong>Florent Pagny<\/strong><\/a> est un artiste accompli. C&rsquo;est \u00e0 lui que l&rsquo;on doit bien des grands tubes de la chanson fran\u00e7aise, \u00e0 l&rsquo;instar de Savoir aimer ou encore Ma libert\u00e9 de penser. Ce samedi 29 novembre 2025, un bel hommage est rendu au chanteur : France 2 diffuse d\u00e8s 21h10 l&rsquo;\u00e9mission Florent Pagny fait son Taratata. A la Seine Musicale, plusieurs artistes reprennent ainsi ses classiques &#8211; et il y en a beaucoup. Mais ce n&rsquo;est pas tout. Avec <a href=\"https:\/\/www.purepeople.com\/people\/nagui_p611\" target=\"_blank\" rel=\"noopener\">Nagui<\/a>, <a href=\"https:\/\/www.purepeople.com\/article\/par-amour-pour-azucena-la-mere-de-ses-deux-enfants-florent-pagny-a-tourne-la-page-sur-une-part-de-son-identite_a543646\/1\" target=\"_blank\" rel=\"noopener\">l&rsquo;\u00e9poux d&rsquo;Azucena, m\u00e8re de ses deux enfants<\/a>, c\u00e9l\u00e8bre son nouvel album, Grandeur nature. Pour tourner ce programme, Florent Pagny, install\u00e9 en Patagonie, a donc fait son retour \u00e0 Paris, lui qui vient de s&rsquo;offrir une nouvelle demeure en France.<\/p>\n<p>Comme l&rsquo;indiquaient en mars dernier nos confr\u00e8res d&rsquo;Ici Bourgogne, Florent Pagny s&rsquo;est achet\u00e9 une demeure du XIe si\u00e8cle. Il s&rsquo;agit plus pr\u00e9cis\u00e9ment de <a href=\"https:\/\/www.purepeople.com\/article\/audrey-crespo-mara-invitee-dans-la-ferme-fortifiee-de-florent-pagny-en-bourgogne-azucena-ne-voulait-pas-y-vivre-visite-du-bien-exceptionnel_a541922\/1\" target=\"_blank\" rel=\"noopener\">la Ferme du Foss\u00e9, un domaine class\u00e9 monument historique et situ\u00e9 \u00e0 Echevannes<\/a>, un village de 87 habitants en C\u00f4te-d&rsquo;or. Il s&rsquo;agit d&rsquo;une maison d&rsquo;exception dans laquelle il entend bien couler des jours heureux avec sa ch\u00e8re et tendre Azucena ainsi que leurs enfants Inca n\u00e9 en 1996 et A\u00ebl n\u00e9e en 1999. \u00ab\u00a0<strong>C&rsquo;est un bien avec un pont-levis, des douves, avec toute une histoire<\/strong>\u00ab\u00a0, indique \u00e0 la radio locale le maire de la commune, Michel Boirin. Et de s&rsquo;enthousiasmer de l&rsquo;arriv\u00e9e de la star de la musique dans sa commune : \u00ab\u00a0Florent Pagny va l&rsquo;entretenir, la faire revivre donc pour nous et pour la Ferme du Foss\u00e9 c&rsquo;est un bonheur.\u00a0\u00bb Ce qui est attendu d\u00e9passe m\u00eame le simple entretien puisque <a href=\"https:\/\/www.purepeople.com\/article\/florent-pagny-tres-emu-il-prend-une-decision-inattendue-une-grande-premiere-dans-the-voice_a536636\/1\" target=\"_blank\" rel=\"noopener\">l&rsquo;ancien coach de The Voice<\/a> a obtenu un permis de construire pour des travaux de r\u00e9novation.<\/p>\n<p>Florent Pagny a quitt\u00e9 la Patagonie pour la Bourgogne, un retour aux sources \u00e0 64 ans\u00a0<\/p>\n<p>En septembre dernier, aupr\u00e8s de nos confr\u00e8res du Parisien, Florent Pagny, qui est toujours suivi par les m\u00e9decins en France apr\u00e8s <a href=\"https:\/\/www.purepeople.com\/article\/si-ca-n-allait-pas-florent-pagny-sans-concessions-sur-son-quotidien-avec-le-cancer-en-guise-d-epee-de-damocles_a533723\/1\" target=\"_blank\" rel=\"noopener\">son cancer du poumon<\/a>, se livrait sur son quotidien. Il r\u00e9v\u00e9lait ainsi avoir \u00e9lu domicile en Bourgogne, dans sa ferme : \u00ab\u00a0<a href=\"https:\/\/www.purepeople.com\/article\/je-suis-revenu-parce-que-florent-pagny-sest-eloigne-de-la-patagonie-et-installe-en-bourgogne-un-ancrage-necessaire_a542412\/1\" target=\"_blank\" rel=\"noopener\">Je suis revenu parce que mes exils compliquaient beaucoup les choses<\/a>. Mon activit\u00e9 est en France. Tout ce que je pouvais faire et produire \u00e9tait franco-fran\u00e7ais.\u00a0\u00bb Un nouveau d\u00e9part qu&rsquo;il vit comme \u00ab\u00a0une esp\u00e8ce de retour aux sources apr\u00e8s la soixantaine\u00a0\u00bb, lui qui est originaire de la r\u00e9gion. D&rsquo;ailleurs, c&rsquo;est lors d&rsquo;une visite \u00e0 son ami <a href=\"https:\/\/www.purepeople.com\/people\/kad-merad_p122\" target=\"_blank\" rel=\"noopener\">Kad Merad<\/a> qu&rsquo;il s&rsquo;est rendu compte de son attachement au lieu : \u00ab\u00a0Je me suis aper\u00e7u que mon grand-p\u00e8re paternel, que je n\u2019ai pas connu, est enterr\u00e9 \u00e0 3 km de l\u00e0. <strong>J\u2019ai eu envie de me rapprocher de mes racines, et j\u2019ai craqu\u00e9<\/strong> [&#8230;]. Mais je ne fais qu\u2019y passer. J\u2019adore cette vie un peu boh\u00e8me chic, je me balade, n\u2019accumule rien, je m\u2019amuse, j\u2019en profite comme jamais.\u00a0\u00bb Un retour en Patagonie semble donc pr\u00e9vu pour plus tard.<\/p>\n","protected":false},"excerpt":{"rendered":"La suite apr\u00e8s la publicit\u00e9 A 64 ans, Florent Pagny est un artiste accompli. C&rsquo;est \u00e0 lui que&hellip;\n","protected":false},"author":2,"featured_media":567512,"comment_status":"","ping_status":"","sticky":false,"template":"","format":"standard","meta":{"footnotes":""},"categories":[1355],"tags":[58,59,1011,27,1361,873],"class_list":{"0":"post-567511","1":"post","2":"type-post","3":"status-publish","4":"format-standard","5":"has-post-thumbnail","7":"category-musique","8":"tag-divertissement","9":"tag-entertainment","10":"tag-fr","11":"tag-france","12":"tag-music","13":"tag-musique"},"share_on_mastodon":{"url":"https:\/\/pubeurope.com\/@fr\/115635219684560334","error":""},"_links":{"self":[{"href":"https:\/\/www.europesays.com\/fr\/wp-json\/wp\/v2\/posts\/567511","targetHints":{"allow":["GET"]}}],"collection":[{"href":"https:\/\/www.europesays.com\/fr\/wp-json\/wp\/v2\/posts"}],"about":[{"href":"https:\/\/www.europesays.com\/fr\/wp-json\/wp\/v2\/types\/post"}],"author":[{"embeddable":true,"href":"https:\/\/www.europesays.com\/fr\/wp-json\/wp\/v2\/users\/2"}],"replies":[{"embeddable":true,"href":"https:\/\/www.europesays.com\/fr\/wp-json\/wp\/v2\/comments?post=567511"}],"version-history":[{"count":0,"href":"https:\/\/www.europesays.com\/fr\/wp-json\/wp\/v2\/posts\/567511\/revisions"}],"wp:featuredmedia":[{"embeddable":true,"href":"https:\/\/www.europesays.com\/fr\/wp-json\/wp\/v2\/media\/567512"}],"wp:attachment":[{"href":"https:\/\/www.europesays.com\/fr\/wp-json\/wp\/v2\/media?parent=567511"}],"wp:term":[{"taxonomy":"category","embeddable":true,"href":"https:\/\/www.europesays.com\/fr\/wp-json\/wp\/v2\/categories?post=567511"},{"taxonomy":"post_tag","embeddable":true,"href":"https:\/\/www.europesays.com\/fr\/wp-json\/wp\/v2\/tags?post=567511"}],"curies":[{"name":"wp","href":"https:\/\/api.w.org\/{rel}","templated":true}]}}