{"id":567514,"date":"2025-11-29T21:57:13","date_gmt":"2025-11-29T21:57:13","guid":{"rendered":"https:\/\/www.europesays.com\/fr\/567514\/"},"modified":"2025-11-29T21:57:13","modified_gmt":"2025-11-29T21:57:13","slug":"la-melatonine-est-elle-vraiment-sans-danger-les-experts-mettent-en-garde-elle-pourrait-ne-pas-etre-si-inoffensive-quon-le-pense","status":"publish","type":"post","link":"https:\/\/www.europesays.com\/fr\/567514\/","title":{"rendered":"La m\u00e9latonine est-elle vraiment sans danger\u00a0? Les experts mettent en garde\u00a0: \u00ab\u00a0Elle pourrait ne pas \u00eatre si inoffensive qu&rsquo;on le pense\u00a0\u00bb"},"content":{"rendered":"<p class=\"ap-StoryElement ap-StoryElement--mb ap-StoryText\">Aujourd&rsquo;hui, les compl\u00e9ments alimentaires \u00e0 base de m\u00e9latonine ont le vent en poupe. Naturellement produite par le corps, cette hormone agit sur le cycle veille\/sommeil, et permet ainsi l&rsquo;endormissement. Lorsque celui-ci se r\u00e9v\u00e8le compliqu\u00e9, les patients peuvent se voir prescrire de la m\u00e9latonine de synth\u00e8se, sous forme de m\u00e9dicaments ou de compl\u00e9ments alimentaires. \u00c0 la t\u00e9l\u00e9vision ou sur les r\u00e9seaux sociaux, les bienfaits de ces comprim\u00e9s sont r\u00e9guli\u00e8rement vant\u00e9s, poussant davantage de personnes \u00e0 envisager cette piste.<\/p>\n<p>Quels sont les bienfaits de la m\u00e9latonine de synth\u00e8se ?<\/p>\n<p class=\"ap-StoryElement ap-StoryElement--mb ap-StoryText\"><a href=\"https:\/\/www.parismatch.be\/actualites\/people-belgique\/2025\/11\/29\/helena-pourrait-elle-representer-la-belgique-a-leurovision-2026-elle-repond-ce-serait-un-honneur-quon-me-le-propose-FC46XQ5FRBBLRATQGZEUSDGNLY\/\" target=\"_self\" rel=\"noopener\">Comme Helena<\/a>, qui lui a carr\u00e9ment d\u00e9di\u00e9 une chanson, peut-\u00eatre avez-vous d\u00e9j\u00e0 test\u00e9 les compl\u00e9ments \u00e0 la m\u00e9latonine. Il faut dire que leur influence positive sur les probl\u00e9matiques li\u00e9es au sommeil est souvent mise en lumi\u00e8re. Et pour cause, la m\u00e9latonine agit sur le rythme circadien, et peut donc se r\u00e9v\u00e9ler tr\u00e8s utile aux personnes qui souffrent de probl\u00e8mes d&rsquo;endormissement ou d&rsquo;une mauvaise qualit\u00e9 de sommeil. Cette hormone est \u00e9galement utilis\u00e9e pour att\u00e9nuer les effets du jet-lag, comme l&rsquo;indique le laboratoire NHCO.<\/p>\n<p><a href=\"https:\/\/www.parismatch.be\/actualites\/sante\/2025\/11\/20\/vous-vous-levez-souvent-dans-la-nuit-pour-aller-aux-toilettes-attention-cela-peut-cacher-un-probleme-de-sante-important-Y37VBRHLQFGRBFCHKXL6XY56BA\/\" target=\"_self\" class=\"ap-StoryInterstitialLink ap-StoryElement ap-StoryElement--mb\" rel=\"noopener\">Vous vous levez souvent dans la nuit pour aller aux toilettes ? Attention, cela peut cacher un probl\u00e8me de sant\u00e9 important<\/a>La m\u00e9latonine, un potentiel danger pour la sant\u00e9 cardiaque<\/p>\n<p class=\"ap-StoryElement ap-StoryElement--mb ap-StoryText\">Tandis que la consommation de m\u00e9latonine de synth\u00e8se est de plus en plus populaire, une r\u00e9cente \u00e9tude am\u00e9ricaine vient rebattre les cartes pour ce pr\u00e9tendu traitement miracle. Cette \u00e9tude, pr\u00e9sent\u00e9e dans le cadre de l&rsquo;\u00e9dition 2025 de l&rsquo;American Heart Association, assure que la prise prolong\u00e9e de m\u00e9latonine <a href=\"https:\/\/www.parismatch.be\/actualites\/2025\/11\/06\/en-belgique-les-personnes-de-plus-de-40-ans-travaillant-dans-ces-secteurs-presentent-un-risque-plus-important-de-faire-une-crise-cardiaque-ou-un-avc-NKG7HOEY25G2NMUSO2VLEOOANY\/\" target=\"_self\" rel=\"noopener\">augmente de 90 % le risque d&rsquo;insuffisance cardiaque<\/a> chez les patients qui souffrent d&rsquo;insomnie chronique, comme l&rsquo;indique Doctissimo. Ce r\u00e9sultat a \u00e9t\u00e9 conclu apr\u00e8s que les chercheurs ont observ\u00e9 plus de 130 000 dossiers m\u00e9dicaux. Ainsi, les patients qui consommaient de la m\u00e9latonine sur le long terme avaient 3,5 fois plus de risques d&rsquo;\u00eatre hospitalis\u00e9s <a href=\"https:\/\/www.parismatch.be\/actualites\/sante\/2025\/11\/25\/ce-reflexe-que-tout-le-monde-a-pendant-la-nuit-augmente-le-risque-de-faire-un-avc-ou-une-crise-cardiaque-7ERSAE5JJRGNZDD3MKKNPACKQQ\/\" target=\"_self\" rel=\"noopener\">pour une insuffisance cardiaque<\/a>.<\/p>\n<p class=\"ap-StoryElement ap-StoryElement--mb ap-StoryText\">D&rsquo;apr\u00e8s le Dr Ekenedilichukwu Nnadi, principal auteur de l&rsquo;\u00e9tude, \u00ab\u00a0les suppl\u00e9ments de m\u00e9latonine sont largement consid\u00e9r\u00e9s comme une option s\u00fbre et naturelle pour favoriser un meilleur sommeil.\u00a0\u00bb Mais il ajoute qu'\u00a0\u00bb ils pourraient ne pas \u00eatre aussi inoffensifs qu&rsquo;on le pense g\u00e9n\u00e9ralement.\u00a0\u00bb<\/p>\n<p><a href=\"https:\/\/www.parismatch.be\/lifestyle\/tendances-et-loisirs\/2025\/11\/17\/la-tendance-des-lits-pomme-de-terre-fait-fureur-sur-les-reseaux-sociaux-est-ce-vraiment-efficace-pour-mieux-dormir-PIK6RRH7YBH7VDZZG6VF6IO2BM\/\" target=\"_self\" class=\"ap-StoryInterstitialLink ap-StoryElement ap-StoryElement--mb\" rel=\"noopener\">La tendance des \u00ab\u00a0lits pomme de terre\u00a0\u00bb fait fureur sur les r\u00e9seaux sociaux : est-ce vraiment efficace pour mieux dormir ?<\/a>Comment expliquer l&rsquo;influence de la m\u00e9latonine sur la sant\u00e9 cardiaque ?<\/p>\n<p class=\"ap-StoryElement ap-StoryElement--mb ap-StoryText\">Si l&rsquo;\u00e9tude a d\u00e9montr\u00e9 que les grands consommateurs de m\u00e9latonine avaient davantage de risques de rencontrer des probl\u00e8mes cardiaques, la relation de cause \u00e0 effet n&rsquo;a pas \u00e9t\u00e9 \u00e9tablie. Les chercheurs appellent ainsi d&rsquo;autres \u00e9tudes pour prouver ce lien. De son c\u00f4t\u00e9, le Dr G\u00e9rald Kierzek indique que ce lien pourrait tenir \u00e0 l&rsquo;effet principal de la m\u00e9latonine : celui de faire baisser la temp\u00e9rature corporelle pour favoriser le sommeil.<\/p>\n<p><a href=\"https:\/\/www.parismatch.be\/actualites\/sante\/2025\/10\/25\/un-sommeil-de-mauvaise-qualite-peut-faire-vieillir-le-cerveau-plus-rapidement-dapres-une-nouvelle-etude-XFCCG7GCHZDXXNBZY6A42WHHDI\/\" target=\"_self\" class=\"ap-StoryInterstitialLink ap-StoryElement ap-StoryElement--mb\" rel=\"noopener\">Un sommeil de mauvaise qualit\u00e9 peut faire vieillir le cerveau plus rapidement, d&rsquo;apr\u00e8s une nouvelle \u00e9tude<\/a><\/p>\n<p class=\"ap-StoryElement ap-StoryElement--mb ap-StoryText\">\u00ab\u00a0Elle induit aussi une vasodilatation des art\u00e8res p\u00e9riph\u00e9riques, ce qui influence la circulation sanguine et peut avoir un effet sur le c\u0153ur\u00a0\u00bb, indique-t-il aupr\u00e8s de Doctissimo. Cette action vasodilatatrice de la m\u00e9latonine pourrait, \u00e0 terme, favoriser des maladies cardiaques chez les patients d\u00e9j\u00e0 fragiles.<\/p>\n<p><a href=\"https:\/\/www.parismatch.be\/lifestyle\/psychosexo\/2025\/11\/10\/nos-reves-peuvent-ils-predire-la-realite-la-science-valide-les-reves-premonitoires-mais-la-cause-de-ces-premonitions-nest-pas-surnaturelle-OWXTLID6JRCW3MOSXUSZ2GYDPE\/\" target=\"_self\" class=\"ap-StoryInterstitialLink ap-StoryElement ap-StoryElement--mb\" rel=\"noopener\">Nos r\u00eaves peuvent-ils pr\u00e9dire le futur ? \u00ab\u00a0J&rsquo;ai r\u00eav\u00e9 de notre rupture dans un ch\u00e2teau, quelques mois apr\u00e8s, il s&rsquo;installait en coloc dans un ch\u00e2teau\u00a0\u00bb<\/a><\/p>\n<p class=\"ap-StoryElement ap-StoryElement--mb ap-StoryText\">Accessible en libre-service en Belgique, la m\u00e9latonine conna\u00eet chez nous un franc succ\u00e8s. Si son utilisation p\u00e9riodique n&rsquo;est pas mise en cause par l&rsquo;\u00e9tude, les r\u00e9sultats de celle-ci nous invitent toutefois \u00e0 \u00eatre plus prudents dans notre consommation de cette hormone magique. \u00ab\u00a0Les produits \u00e0 la m\u00e9latonine ne sont pas anodins et surtout pas adapt\u00e9s \u00e0 une utilisation chronique pendant des mois ou des ann\u00e9es\u00a0\u00bb, r\u00e9sume le Dr Newell, psychiatre en charge du laboratoire du sommeil au CHU Brugmann, aupr\u00e8s de la mutualit\u00e9 chr\u00e9tienne.<\/p>\n","protected":false},"excerpt":{"rendered":"Aujourd&rsquo;hui, les compl\u00e9ments alimentaires \u00e0 base de m\u00e9latonine ont le vent en poupe. Naturellement produite par le corps,&hellip;\n","protected":false},"author":2,"featured_media":567515,"comment_status":"","ping_status":"","sticky":false,"template":"","format":"standard","meta":{"footnotes":""},"categories":[10],"tags":[33553,828,7079,55679,7078,1011,27,72,4982,288,1148,71,68255,279],"class_list":{"0":"post-567514","1":"post","2":"type-post","3":"status-publish","4":"format-standard","5":"has-post-thumbnail","7":"category-sante","8":"tag-belge","9":"tag-belgique","10":"tag-chercheurs","11":"tag-complements-alimentaires","12":"tag-etude","13":"tag-fr","14":"tag-france","15":"tag-health","16":"tag-insomnie","17":"tag-melatonine","18":"tag-risques","19":"tag-sante","20":"tag-sante-cardiaque","21":"tag-sommeil"},"share_on_mastodon":{"url":"https:\/\/pubeurope.com\/@fr\/115635227477450465","error":""},"_links":{"self":[{"href":"https:\/\/www.europesays.com\/fr\/wp-json\/wp\/v2\/posts\/567514","targetHints":{"allow":["GET"]}}],"collection":[{"href":"https:\/\/www.europesays.com\/fr\/wp-json\/wp\/v2\/posts"}],"about":[{"href":"https:\/\/www.europesays.com\/fr\/wp-json\/wp\/v2\/types\/post"}],"author":[{"embeddable":true,"href":"https:\/\/www.europesays.com\/fr\/wp-json\/wp\/v2\/users\/2"}],"replies":[{"embeddable":true,"href":"https:\/\/www.europesays.com\/fr\/wp-json\/wp\/v2\/comments?post=567514"}],"version-history":[{"count":0,"href":"https:\/\/www.europesays.com\/fr\/wp-json\/wp\/v2\/posts\/567514\/revisions"}],"wp:featuredmedia":[{"embeddable":true,"href":"https:\/\/www.europesays.com\/fr\/wp-json\/wp\/v2\/media\/567515"}],"wp:attachment":[{"href":"https:\/\/www.europesays.com\/fr\/wp-json\/wp\/v2\/media?parent=567514"}],"wp:term":[{"taxonomy":"category","embeddable":true,"href":"https:\/\/www.europesays.com\/fr\/wp-json\/wp\/v2\/categories?post=567514"},{"taxonomy":"post_tag","embeddable":true,"href":"https:\/\/www.europesays.com\/fr\/wp-json\/wp\/v2\/tags?post=567514"}],"curies":[{"name":"wp","href":"https:\/\/api.w.org\/{rel}","templated":true}]}}