{"id":567518,"date":"2025-11-29T21:59:11","date_gmt":"2025-11-29T21:59:11","guid":{"rendered":"https:\/\/www.europesays.com\/fr\/567518\/"},"modified":"2025-11-29T21:59:11","modified_gmt":"2025-11-29T21:59:11","slug":"au-moins-je-suis-vivant-cette-douleur-physique-quotidienne-que-ressent-stephane-bern","status":"publish","type":"post","link":"https:\/\/www.europesays.com\/fr\/567518\/","title":{"rendered":"\u00ab\u00a0Au moins je suis vivant\u00a0\u00bb : cette douleur physique quotidienne que ressent St\u00e9phane Bern"},"content":{"rendered":"<p>Visage embl\u00e9matique du paysage audiovisuel fran\u00e7ais depuis de<br \/>\ntr\u00e8s nombreuses ann\u00e9es. St\u00e9phane Bern est <strong>l&rsquo;un des<br \/>\nanimateurs vedettes du groupe France T\u00e9l\u00e9visions<\/strong> depuis<br \/>\npresque 20 ans. Pour m\u00e9moire, c&rsquo;est en 2006 que le pr\u00e9sentateur<br \/>\navait \u00e9t\u00e9 recrut\u00e9 au sein du service public. Au fil des ann\u00e9es, il<br \/>\na incarn\u00e9 <a href=\"https:\/\/www.telestar.fr\/actu_tv\/secrets-dhistoire-ou-a-ete-tournee-lemission-de-stephane-bern-ce-10-avril-1667116\" target=\"_blank\" rel=\"noopener\"><br \/>\nde multiples \u00e9missions comme Secrets d&rsquo;histoire<\/a>, Le Village<br \/>\npr\u00e9f\u00e9r\u00e9 des Fran\u00e7ais, Laissez-vous guider. Ou bien encore Le<br \/>\nMonument pr\u00e9f\u00e9r\u00e9 des Fran\u00e7ais.<\/p>\n<p>Avant de rejoindre le groupe France T\u00e9l\u00e9visions. St\u00e9phane Bern a<br \/>\nnotamment travaill\u00e9 pour TF1 et Canal+. Sur la premi\u00e8re cha\u00eene,<br \/>\n<strong>il a d&rsquo;abord d\u00e9but\u00e9 en tant que chroniqueur en<br \/>\n1994<\/strong>. Par la suite, il a pr\u00e9sent\u00e9 ses propres \u00e9missions<br \/>\ncomme : C\u00e9l\u00e9brit\u00e9s et Sagas. En 2003, il fut recrut\u00e9 par Canal+<br \/>\npour prendre les commandes d&rsquo;un talk-show quotidien baptis\u00e9<br \/>\n20h10 p\u00e9tantes en access prime time.<\/p>\n<p>L&rsquo;animateur poss\u00e8de l&rsquo;une des carri\u00e8res les plus prolifiques et<br \/>\ndiversifi\u00e9es du paysage audiovisuel fran\u00e7ais<\/p>\n<p>En parall\u00e8le de sa carri\u00e8re t\u00e9l\u00e9visuelle. <strong>St\u00e9phane Bern<br \/>\nofficie \u00e9galement \u00e0 la radio<\/strong>. Apr\u00e8s avoir pr\u00e9sent\u00e9 des<br \/>\n\u00e9missions quotidiennes sur les antennes de France Inter, RTL et<br \/>\nEurope 1 durant de tr\u00e8s longues ann\u00e9es. L&rsquo;animateur incarne<br \/>\naujourd&rsquo;hui une chronique diffus\u00e9e chaque matin dans les matinales<br \/>\ndu r\u00e9seau public Ici (ex-France Bleu, ndlr).\u00a0Ces derni\u00e8res<br \/>\nann\u00e9es, le pr\u00e9sentateur s&rsquo;est aussi essay\u00e9 avec succ\u00e8s \u00e0 la<br \/>\ncom\u00e9die.<\/p>\n<p>Il a d&rsquo;ailleurs <strong>d\u00e9croch\u00e9 le r\u00f4le-titre de la s\u00e9rie<br \/>\npolici\u00e8re Bellefond,<\/strong> programm\u00e9e sur France 3.<br \/>\nC\u00f4t\u00e9 vie priv\u00e9e, St\u00e9phane Bern <a href=\"https:\/\/www.closermag.fr\/people\/stephane-bern-en-couple-avec-yori-leurs-20-ans-de-difference-dage-jamais-simple-3476014\" target=\"_blank\" rel=\"noopener\"><br \/>\npartage la vie de Yori Bailleres<\/a> depuis de nombreuses ann\u00e9es.<br \/>\nSamedi 29 novembre 2025, l&rsquo;animateur a r\u00e9pondu aux questions de sa<br \/>\ncons\u0153ur de TF1 Isabelle Ithurburu dans le cadre de l&rsquo;\u00e9mission 50&prime;<br \/>\ninside.<\/p>\n<p>St\u00e9phane Bern : \u00ab\u00a0Le jour o\u00f9 je n&rsquo;aurai<br \/>\nplus mal au dos, c&rsquo;est que je serai mort\u00a0\u00bb<\/p>\n<p>\u00ab\u00a0Alors, <a href=\"https:\/\/www.closermag.fr\/people\/ca-tient-tout-seul-depuis-30-ans-ces-operations-de-chirurgie-esthetique-auxquelles-stephane-bern-a-succombe-3265345\" target=\"_blank\" rel=\"noopener\"><br \/>\nje n&rsquo;ai pas fait de chirurgie<\/a>. Pas encore. Je ne ferai rien.<br \/>\nParce que la premi\u00e8re chose qu&rsquo;un homme est tent\u00e9 de faire. C&rsquo;est<br \/>\nles poches sous les yeux. Mais c&rsquo;est la premi\u00e8re chose que tout le<br \/>\nmonde voit. Et donc, c&rsquo;est ridicule. Et donc, non, mais j&rsquo;assume<br \/>\nmes rides. <strong>C&rsquo;est les marques de la vie qui passent sur<br \/>\nmoi<\/strong>\u00ab\u00a0, a notamment r\u00e9v\u00e9l\u00e9 St\u00e9phane Bern.<\/p>\n<p class=\"transcription ng-star-inserted\">\u00ab\u00a0Je suis une pile<br \/>\n\u00e9lectrique en fait. <strong>J&rsquo;ai toujours envie de me mettre de<br \/>\nnouveaux d\u00e9fis.<\/strong> C&rsquo;est une fa\u00e7on de rester jeune soi-m\u00eame.<br \/>\nDe ne pas voir les ann\u00e9es passer sur vous\u00a0\u00bb, a-t-il aussi<br \/>\najout\u00e9. Avant de pr\u00e9ciser qu&rsquo;il ressent tout de m\u00eame le poids des<br \/>\nann\u00e9es sur son corps. \u00ab\u00a0Tous les matins, quand je me l\u00e8ve, j&rsquo;ai<br \/>\nmal au dos. Mais au moins, je suis vivant. Voil\u00e0. \u00c7a me rappelle<br \/>\nque je suis vivant. Et le jour o\u00f9 je n&rsquo;aurai plus mal au dos, c&rsquo;est<br \/>\nque je serai mort\u00a0\u00bb, a-t-il ainsi conclu avec philosophie.<\/p>\n","protected":false},"excerpt":{"rendered":"Visage embl\u00e9matique du paysage audiovisuel fran\u00e7ais depuis de tr\u00e8s nombreuses ann\u00e9es. St\u00e9phane Bern est l&rsquo;un des animateurs vedettes&hellip;\n","protected":false},"author":2,"featured_media":567519,"comment_status":"","ping_status":"","sticky":false,"template":"","format":"standard","meta":{"footnotes":""},"categories":[8],"tags":[58,59,1011,27,18875],"class_list":{"0":"post-567518","1":"post","2":"type-post","3":"status-publish","4":"format-standard","5":"has-post-thumbnail","7":"category-divertissement","8":"tag-divertissement","9":"tag-entertainment","10":"tag-fr","11":"tag-france","12":"tag-stephane-bern"},"share_on_mastodon":{"url":"https:\/\/pubeurope.com\/@fr\/115635235397350388","error":""},"_links":{"self":[{"href":"https:\/\/www.europesays.com\/fr\/wp-json\/wp\/v2\/posts\/567518","targetHints":{"allow":["GET"]}}],"collection":[{"href":"https:\/\/www.europesays.com\/fr\/wp-json\/wp\/v2\/posts"}],"about":[{"href":"https:\/\/www.europesays.com\/fr\/wp-json\/wp\/v2\/types\/post"}],"author":[{"embeddable":true,"href":"https:\/\/www.europesays.com\/fr\/wp-json\/wp\/v2\/users\/2"}],"replies":[{"embeddable":true,"href":"https:\/\/www.europesays.com\/fr\/wp-json\/wp\/v2\/comments?post=567518"}],"version-history":[{"count":0,"href":"https:\/\/www.europesays.com\/fr\/wp-json\/wp\/v2\/posts\/567518\/revisions"}],"wp:featuredmedia":[{"embeddable":true,"href":"https:\/\/www.europesays.com\/fr\/wp-json\/wp\/v2\/media\/567519"}],"wp:attachment":[{"href":"https:\/\/www.europesays.com\/fr\/wp-json\/wp\/v2\/media?parent=567518"}],"wp:term":[{"taxonomy":"category","embeddable":true,"href":"https:\/\/www.europesays.com\/fr\/wp-json\/wp\/v2\/categories?post=567518"},{"taxonomy":"post_tag","embeddable":true,"href":"https:\/\/www.europesays.com\/fr\/wp-json\/wp\/v2\/tags?post=567518"}],"curies":[{"name":"wp","href":"https:\/\/api.w.org\/{rel}","templated":true}]}}