{"id":567524,"date":"2025-11-29T22:02:11","date_gmt":"2025-11-29T22:02:11","guid":{"rendered":"https:\/\/www.europesays.com\/fr\/567524\/"},"modified":"2025-11-29T22:02:11","modified_gmt":"2025-11-29T22:02:11","slug":"ils-navaient-ni-missiles-ni-bombes-deux-freres-palestiniens-ages-de-8-et-11-ans-tues-par-une-frappe-israelienne-a-gaza","status":"publish","type":"post","link":"https:\/\/www.europesays.com\/fr\/567524\/","title":{"rendered":"\u00ab\u00a0Ils n\u2019avaient ni missiles, ni bombes\u00a0\u00bb\u00a0: deux fr\u00e8res palestiniens, \u00e2g\u00e9s de 8 et 11 ans, tu\u00e9s par une frappe isra\u00e9lienne \u00e0 Gaza"},"content":{"rendered":"<p class=\"paragraph text_align_left lp-f-body-02\">Deux fr\u00e8res \u00e2g\u00e9s de 8 et 11 ans ont \u00e9t\u00e9 tu\u00e9s dans une frappe isra\u00e9lienne dans le sud de la bande de Gaza samedi, rapporte l\u2019agence de presse <a href=\"https:\/\/www.reuters.com\/world\/middle-east\/israeli-attack-kills-two-children-gaza-medics-say-2025-11-29\/\" target=\"_blank\" rel=\"noreferrer noopener\">Reuters<\/a> citant des m\u00e9decins et des proches de la famille, mais aussi le m\u00e9dia isra\u00e9lien <a href=\"https:\/\/fr.timesofisrael.com\/deux-freres-ages-de-8-et-11-ans-tues-lors-dune-frappe-dans-le-sud-de-gaza\/\" target=\"_blank\" rel=\"noreferrer noopener\">Times of Isra\u00ebl<\/a> ou encore <a href=\"https:\/\/news.sky.com\/story\/two-brothers-killed-in-israeli-drone-strike-on-gaza-13477104\" target=\"_blank\" rel=\"noreferrer noopener\">Sky News<\/a>.<\/p>\n<p class=\"paragraph text_align_left lp-f-body-02\">Les faits se sont d\u00e9roul\u00e9s dans la matin\u00e9e \u00e0 Bani Suheila, \u00e0 proximit\u00e9 de Khan Youn\u00e8s, dans le sud de la bande de Gaza. Fadi et Goma Abu Assi ramassaient du bois de chauffage pour aider leur p\u00e8re en fauteuil roulant, selon les dires de leur oncle aupr\u00e8s de Reuters, avant d\u2019\u00eatre tu\u00e9s par une frappe. L\u2019h\u00f4pital Nasser a confirm\u00e9 avoir re\u00e7u les corps des enfants dans la foul\u00e9e.<\/p>\n<p>\u00ab Ce sont des enfants\u2026 qu\u2019ont-ils fait ? \u00bb<\/p>\n<p class=\"paragraph text_align_left lp-f-body-02\">\u00ab Ce sont des enfants\u2026 qu\u2019ont-ils fait ? Ils n\u2019avaient ni missiles, ni bombes, ils \u00e9taient all\u00e9s ramasser du bois pour leur p\u00e8re afin qu\u2019il puisse allumer un feu \u00bb, a-t-il poursuivi aupr\u00e8s de l\u2019agence de presse lors des fun\u00e9railles des deux fr\u00e8res qui ont eu lieu samedi apr\u00e8s-midi.<\/p>\n<p class=\"paragraph text_align_left lp-f-body-02\">La responsable du bureau des m\u00e9dias arabes au sein de l\u2019arm\u00e9e isra\u00e9lienne a \u00e9voqu\u00e9 un incident dans le sud de la bande de Gaza samedi matin. \u00ab Les forces de l\u2019\u00e9quipe de combat de la brigade Kfir ont rep\u00e9r\u00e9 deux suspects qui ont franchi la ligne jaune (zone toujours contr\u00f4l\u00e9e par Isra\u00ebl depuis la signature du <a href=\"https:\/\/www.leparisien.fr\/international\/israel\/les-20-points-du-plan-de-paix-de-donald-trump-pour-gaza-30-09-2025-73GY6EUIIFEX7KXX5JBSM4HYQY.php\" target=\"_blank\" rel=\"noreferrer noopener\">plan Trump<\/a> le 10 octobre, NDLR) et effectu\u00e9 des mouvements suspects au sol et se sont approch\u00e9s des forces de Tsahal op\u00e9rant dans le sud de la bande de Gaza, d\u2019une mani\u00e8re qui a constitu\u00e9 une menace imm\u00e9diate pour les forces \u00bb, \u00e9crit-elle sur X.<\/p>\n<p>Tsahal confirme un incident mais ne s\u2019exprime pas sur l\u2019identit\u00e9 des personnes tu\u00e9es<\/p>\n<p class=\"paragraph text_align_left lp-f-body-02\">\u00ab Apr\u00e8s que les deux suspects ont \u00e9t\u00e9 rep\u00e9r\u00e9s, des avions de l\u2019arm\u00e9e de l\u2019air, sous la direction des forces sur le terrain, les ont \u00e9limin\u00e9s afin d\u2019\u00e9liminer la menace \u00bb, poursuit-elle, sans mentionner l\u2019identit\u00e9 des deux personnes tu\u00e9es. Contact\u00e9e par Reuters, l\u2019arm\u00e9e isra\u00e9lienne n\u2019a pas souhait\u00e9 r\u00e9pondre sur ce sujet.<\/p>\n<p class=\"paragraph text_align_left lp-f-body-02\">Le minist\u00e8re de la Sant\u00e9 de la bande de Gaza, plac\u00e9 sous l\u2019autorit\u00e9 du Hamas, a r\u00e9cemment annonc\u00e9 dans un communiqu\u00e9 que 354 Palestiniens avaient \u00e9t\u00e9 tu\u00e9s par des tirs isra\u00e9liens depuis l\u2019entr\u00e9e en vigueur du plan Trump.<\/p>\n<p class=\"paragraph text_align_left lp-f-body-02\">Dans le cadre de ce cessez-le-feu, le Hamas a lib\u00e9r\u00e9 les 20 otages vivants qu\u2019il retenait encore et rendu les d\u00e9pouilles de 26 otages d\u00e9c\u00e9d\u00e9s, sur 28. En \u00e9change, Isra\u00ebl a lib\u00e9r\u00e9 pr\u00e8s de 2 000 prisonniers palestiniens d\u00e9tenus et rendu les corps de centaines de Palestiniens d\u00e9c\u00e9d\u00e9s.<\/p>\n","protected":false},"excerpt":{"rendered":"Deux fr\u00e8res \u00e2g\u00e9s de 8 et 11 ans ont \u00e9t\u00e9 tu\u00e9s dans une frappe isra\u00e9lienne dans le sud&hellip;\n","protected":false},"author":2,"featured_media":567525,"comment_status":"","ping_status":"","sticky":false,"template":"","format":"standard","meta":{"footnotes":""},"categories":[5],"tags":[11,1011,27,14,664,12,28],"class_list":{"0":"post-567524","1":"post","2":"type-post","3":"status-publish","4":"format-standard","5":"has-post-thumbnail","7":"category-international","8":"tag-actualites","9":"tag-fr","10":"tag-france","11":"tag-international","12":"tag-israel","13":"tag-news","14":"tag-world"},"share_on_mastodon":{"url":"https:\/\/pubeurope.com\/@fr\/115635247322614827","error":""},"_links":{"self":[{"href":"https:\/\/www.europesays.com\/fr\/wp-json\/wp\/v2\/posts\/567524","targetHints":{"allow":["GET"]}}],"collection":[{"href":"https:\/\/www.europesays.com\/fr\/wp-json\/wp\/v2\/posts"}],"about":[{"href":"https:\/\/www.europesays.com\/fr\/wp-json\/wp\/v2\/types\/post"}],"author":[{"embeddable":true,"href":"https:\/\/www.europesays.com\/fr\/wp-json\/wp\/v2\/users\/2"}],"replies":[{"embeddable":true,"href":"https:\/\/www.europesays.com\/fr\/wp-json\/wp\/v2\/comments?post=567524"}],"version-history":[{"count":0,"href":"https:\/\/www.europesays.com\/fr\/wp-json\/wp\/v2\/posts\/567524\/revisions"}],"wp:featuredmedia":[{"embeddable":true,"href":"https:\/\/www.europesays.com\/fr\/wp-json\/wp\/v2\/media\/567525"}],"wp:attachment":[{"href":"https:\/\/www.europesays.com\/fr\/wp-json\/wp\/v2\/media?parent=567524"}],"wp:term":[{"taxonomy":"category","embeddable":true,"href":"https:\/\/www.europesays.com\/fr\/wp-json\/wp\/v2\/categories?post=567524"},{"taxonomy":"post_tag","embeddable":true,"href":"https:\/\/www.europesays.com\/fr\/wp-json\/wp\/v2\/tags?post=567524"}],"curies":[{"name":"wp","href":"https:\/\/api.w.org\/{rel}","templated":true}]}}