{"id":567530,"date":"2025-11-29T22:05:28","date_gmt":"2025-11-29T22:05:28","guid":{"rendered":"https:\/\/www.europesays.com\/fr\/567530\/"},"modified":"2025-11-29T22:05:28","modified_gmt":"2025-11-29T22:05:28","slug":"saint-heand-un-spectacle-de-chorales-ce-dimanche-30-novembre-a-la-salle-bouthieu","status":"publish","type":"post","link":"https:\/\/www.europesays.com\/fr\/567530\/","title":{"rendered":"Saint-H\u00e9and. Un spectacle de chorales ce dimanche 30\u00a0novembre \u00e0 la salle Bouthieu"},"content":{"rendered":"<p>La chorale C\u2019est pas faux, de Villeurbanne, a choisi d\u2019installer ses quartiers dans l\u2019enceinte de la salle Bouthieu le dimanche 30\u00a0novembre. C\u2019est \u00e0 partir de 15 heures, que les choristes prendront possession de la sc\u00e8ne avec \u00e0 leurs c\u00f4t\u00e9s la chorale Influence, venue quant \u00e0 elle de Bourg-en-Bresse. Le spectacle, intitul\u00e9 C\u2019est la vie , sera sous la direction artistique de Maureen Kaehlin.<\/p>\n<p class=\"note\">Infos et r\u00e9servations 04.77.30.49.83. Adulte\u00a0: 12\u00a0euros\/Enfant 8\u00a0euros.<\/p>\n","protected":false},"excerpt":{"rendered":"La chorale C\u2019est pas faux, de Villeurbanne, a choisi d\u2019installer ses quartiers dans l\u2019enceinte de la salle Bouthieu&hellip;\n","protected":false},"author":2,"featured_media":30227,"comment_status":"","ping_status":"","sticky":false,"template":"","format":"standard","meta":{"footnotes":""},"categories":[9653],"tags":[1111,11,2430,1687,7539,1777,674,1011,27,873,12,25,4001,9664,22839],"class_list":{"0":"post-567530","1":"post","2":"type-post","3":"status-publish","4":"format-standard","5":"has-post-thumbnail","7":"category-saint-etienne","8":"tag-actu","9":"tag-actualites","10":"tag-auvergne-rhone-alpes","11":"tag-culture-loisirs","12":"tag-edition-loire-sud","13":"tag-eu","14":"tag-europe","15":"tag-fr","16":"tag-france","17":"tag-musique","18":"tag-news","19":"tag-republique-francaise","20":"tag-saint-etienne","21":"tag-saint-etienne-bassin","22":"tag-saint-heand"},"share_on_mastodon":{"url":"https:\/\/pubeurope.com\/@fr\/115635258964659944","error":""},"_links":{"self":[{"href":"https:\/\/www.europesays.com\/fr\/wp-json\/wp\/v2\/posts\/567530","targetHints":{"allow":["GET"]}}],"collection":[{"href":"https:\/\/www.europesays.com\/fr\/wp-json\/wp\/v2\/posts"}],"about":[{"href":"https:\/\/www.europesays.com\/fr\/wp-json\/wp\/v2\/types\/post"}],"author":[{"embeddable":true,"href":"https:\/\/www.europesays.com\/fr\/wp-json\/wp\/v2\/users\/2"}],"replies":[{"embeddable":true,"href":"https:\/\/www.europesays.com\/fr\/wp-json\/wp\/v2\/comments?post=567530"}],"version-history":[{"count":0,"href":"https:\/\/www.europesays.com\/fr\/wp-json\/wp\/v2\/posts\/567530\/revisions"}],"wp:featuredmedia":[{"embeddable":true,"href":"https:\/\/www.europesays.com\/fr\/wp-json\/wp\/v2\/media\/30227"}],"wp:attachment":[{"href":"https:\/\/www.europesays.com\/fr\/wp-json\/wp\/v2\/media?parent=567530"}],"wp:term":[{"taxonomy":"category","embeddable":true,"href":"https:\/\/www.europesays.com\/fr\/wp-json\/wp\/v2\/categories?post=567530"},{"taxonomy":"post_tag","embeddable":true,"href":"https:\/\/www.europesays.com\/fr\/wp-json\/wp\/v2\/tags?post=567530"}],"curies":[{"name":"wp","href":"https:\/\/api.w.org\/{rel}","templated":true}]}}