{"id":567541,"date":"2025-11-29T22:11:12","date_gmt":"2025-11-29T22:11:12","guid":{"rendered":"https:\/\/www.europesays.com\/fr\/567541\/"},"modified":"2025-11-29T22:11:12","modified_gmt":"2025-11-29T22:11:12","slug":"vole-pandi-panda-de-retour-grace-a-julien-dore","status":"publish","type":"post","link":"https:\/\/www.europesays.com\/fr\/567541\/","title":{"rendered":"vol\u00e9, Pandi-Panda de retour gr\u00e2ce \u00e0 Julien Dor\u00e9"},"content":{"rendered":"<p>                    Par<br \/>\n        <strong><br \/>\n            <a href=\"https:\/\/actu.fr\/auteur\/jm-aubert\" title=\"Consulter tous les articles de Jean-Marc Aubert\" target=\"_blank\" rel=\"noopener\">Jean-Marc Aubert<\/a><br \/>\n                    <\/strong><\/p>\n<p>        Publi\u00e9 le<\/p>\n<p>            29 nov. 2025 \u00e0 19h57        <\/p>\n<p>Voil\u00e0 une bonne nouvelle :<strong> Pandi-Panda<\/strong>, l\u2019incontournable mascotte d\u2019une des nombreuses chansons du r\u00e9pertoire de la c\u00e9l\u00e8bre et infatigable\u00a0<strong>Chantal Goya<\/strong> sera bien sur la sc\u00e8ne du Z\u00e9nith Sud, \u00e0 <strong>Montpellier,<\/strong> samedi 13 d\u00e9cembre 2025, \u00e0 15h, pour la plus grande joie des enfants, des familles et des anciens, fid\u00e8les depuis 50 ans. Car, s\u2019il n\u2019a pas \u00e9t\u00e9 retrouv\u00e9 apr\u00e8s avoir \u00e9t\u00e9 vol\u00e9, un des deux Pandi-Panda qu\u2019il poss\u00e9dait a \u00e9t\u00e9 offert \u00e0 Chantal Goya par <strong>Julien Dor\u00e9<\/strong>, install\u00e9 dans une belle propri\u00e9t\u00e9 champ\u00eatre au nord de Montpellier. Un magnifique geste de Julien Dor\u00e9, inform\u00e9 de ce vol et sensible au chagrin de Chantal et une belle histoire que l\u2019artiste a d\u00e9voil\u00e9s ce vendredi 28 novembre, lors de son passage \u00e0 Montpellier pour pr\u00e9senter son spectacle magique et f\u00e9erique de sa longue carri\u00e8re, intitul\u00e9 <strong>\u00ab\u00a050 ans d\u2019amour\u00a0\u00bb<\/strong>.<\/p>\n<p>    <a href=\"https:\/\/www.google.com\/maps\/embed?pb=!1m18!1m12!1m3!1d2630.8412250021984!2d3.877271562389017!3d43.60845458099007!2m3!1f0!2f0!3f0!3m2!1i1024!2i768!4f13.1!3m3!1m2!1s0x12b6afa73c64b9ed%3A0xaa592f351e697ee8!2sPl.%20de%20la%20Com%C3%A9die%2C%2034000%20Montpellier!5e0!3m2!1sfr!2sfr!4v1764440579670!5m2!1sfr!2sfr\" title=\"Ouvrie le lien\" target=\"_blank\" rel=\"noopener\">Cliquez ici pour visualiser le contenu<\/a><\/p>\n<p class=\" wall-content\">Eh oui, il y a 50 ans, le 10 mai 1975 tr\u00e8s exactement, Chantal Goya d\u00e9butait sa carri\u00e8re pour enfants, suite au succ\u00e8s de la chanson \u00ab Adieu les jolis foulards \u00bb, qui la r\u00e9v\u00e9lait au public, enthousiasm\u00e9 par la sortie du titre en disque. Son \u00e9poux<strong> Jean-Jacques Debout<\/strong> se charge alors d\u2019\u00e9crire d\u2019autres chansons pour un premier album, et depuis 50 ans, la magie continue.\u00a0Pour c\u00e9l\u00e9brer cet anniversaire, Chantal, Jean-Jacques et leur producteur, le Montpelli\u00e9rain <strong>Damien Nougar\u00e8de<\/strong> ont imagin\u00e9 un grand spectacle r\u00e9unissant un maximum de personnages, notamment les plus rares sur sc\u00e8ne.\u00a0<\/p>\n<p class=\" wall-content\">Le spectacle commence par le titre \u00ab\u00a0Oh Marie-Rose\u00a0\u00bb introduisant un conte inscrit dans un grimoire qui recueille toutes les aventures de Marie-Rose qui a le pouvoir de chanter et de parler aux animaux. Un joli tableau d\u2019ouverture\u2026 qui, malheureusement, ne trouve pas r\u00e9ellement de suite : le grimoire est d\u00e9pos\u00e9 sous un tapis de feuilles, tout comme le fil conducteur de l\u2019histoire. Mais qu\u2019importe ! Quatre jolis tableaux vont se succ\u00e9der, dont un se d\u00e9roule dans la for\u00eat, au pied du grand ch\u00eane \u2014 le m\u00eame qui avait enchant\u00e9 Le Myst\u00e9rieux Voyage de Marie-Rose en 1984. Michel Elias lui pr\u00eate sa voix, il est d\u2019ailleurs assis dans le public. C\u2019est l\u2019occasion de voir d\u00e9filer Jeannot Lapin, Pandi Panda ou encore le Papa Mille-Pattes qui fait sensation avec pas moins de six danseurs sous le costume, r\u00e9alisant une prouesse de synchronisation \u00e0 la fois esth\u00e9tique et amusante, notamment lorsqu\u2019une partie de son corps se d\u00e9tache ne suivant pas la cadence. Un actequi \u00a0accueille \u00e9galement le premier medley hommage aux h\u00e9ros cultes : Mickey, les Castors Juniors, Babar, Pipotin, Sophie ou Piou Piou le petit poussin.<\/p>\n<p>Vid\u00e9os : en ce moment sur Actu<\/p>\n<p class=\" wall-content\">Comme le raconte <a href=\"https:\/\/www.lesanneesrecre.fr\" target=\"_blank\" rel=\"noopener\">le site \u00ab\u00a0Les Ann\u00e9es R\u00e9cr\u00e9\u00a0\u00bb,<\/a> un autre tableau emm\u00e8ne les spectateurs sous les tropiques. Gr\u00e2ce \u00e0 son Carrosse Escargot, Marie-Rose et la petite Luciole se retrouvent sur l\u2019\u00eele aux papillons o\u00f9 on croise de vieux amis comme le P\u00e9lican, la Reine des abeilles Titi Malia ou encore le crocodile Croque Monsieur. Le troisi\u00e8me tableau se d\u00e9roule devant le ch\u00e2teau du Marquis de Carabas et de son c\u00e9l\u00e8bre Chat Bott\u00e9 rejoint par la Poup\u00e9e et Papa Ballon. Une panoplie de personnages, dont certains inconnus, prennent place sur sc\u00e8ne : ce sont les h\u00e9ros des derniers spectacles tels que Zig et Puce, Professeur Nimbus, Soufflavide et Grattamort que l\u2019on retrouvent aux c\u00f4t\u00e9s de Guignol et F\u00e9lix le chat dans un deuxi\u00e8me medley. B\u00e9cassine fait alors son apparition au volant de son tacot jaune, rapidement rejointe par toutes les petites B\u00e9cassines de la salle qui, comme le veut la tradition, montent sur sc\u00e8ne aupr\u00e8s de Marie-Rose et sa cousine.<\/p>\n<p>    <img   decoding=\"async\" loading=\"lazy\" src=\"https:\/\/www.europesays.com\/fr\/wp-content\/uploads\/2025\/11\/0-2-18-960x640.jpeg\" alt=\"Chantal Goya et son producteur, le Montpelli\u00e9rain Damien Nougar\u00e8de sur la Com\u00e9die\" width=\"960\" height=\"640\"\/><br \/>\n    Chantal Goya et son producteur, le Montpelli\u00e9rain Damien Nougar\u00e8de sur la Com\u00e9die (\u00a9M\u00e9tropolitain)<\/p>\n<p>Votre r\u00e9gion, votre actu !<\/p>\n<p>Recevez chaque jour les infos qui comptent pour vous.<\/p>\n<p>\t<a href=\"https:\/\/actu.fr\/newsletter\" class=\"ac-btn ac-btn--corner ac-btn--medium ac-btn--blue800\" target=\"_blank\" rel=\"noopener\">S&rsquo;incrire<\/a><br \/>\n\u00c9nergie d\u00e9bordante \u00e0 82 ans<\/p>\n<p class=\" wall-content\">\u00c0 82 ans -on dirait qu\u2019elle ne vieillit jamais !- Chantal Goya multiplie les tourn\u00e9es parisiennes et en\u00a0province avec une \u00e9nergie d\u00e9bordante, avec toujours son ins\u00e9parable Jean-Jacques Debout dans l\u2019ombre pour la plus grande joie d\u2019un public qui r\u00e9pond toujours nombreux. \u00c0 quelques jours de No\u00ebl, son passage \u00e0 Montpellier constitue un beau cadeau de No\u00ebl.<\/p>\n<p class=\" wall-content\">Ce vendredi, nombreux sont ceux qui l\u2019ont reconnue dans l\u2019\u00c9cusson, en compagnie de son producteur f\u00e9tiche, le local mais sans cesse en vadrouille et toujours jeune Damien Nougar\u00e8de, qui g\u00e8re aussi les tourn\u00e9es d\u2019Enrico Macias, de 2000 Gotta Feeling ou encore d\u2019Hugues Aufray : on a pu notamment les croiser devant le grand sapin de No\u00ebl et la Fontaine des Trois-Gr\u00e2ces, sur la place de la Com\u00e9die, puis dans un restaurant, car le duo est gourmet et gourmand, avant de faire le tour des radios et des t\u00e9l\u00e9visions d\u2019ici. Sans le nouveau Pandi-Panda priv\u00e9 de sortie publique et jalousement gard\u00e9 dans un endroit secret depuis qu\u2019un inconnu a os\u00e9 chaparder le vrai, sans jamais le restituer.<\/p>\n<p>&gt; Chantal Goya, \u00ab\u00a050 ans d\u2019amour\u00a0\u00bb, samedi 13 d\u00e9cembre 2025 \u00e0 15h, Z\u00e9nith Sud de Montpellier. Il reste des places. R\u00e9servations aux endroits habituels.<\/p>\n<p class=\" wall-content\">Personnalisez votre actualit\u00e9 en ajoutant vos villes et m\u00e9dias en favori avec <a href=\"https:\/\/moncompte.actu.fr\" title=\"D\u00e9couvez Mon Actu\" rel=\"nofollow noopener\" data-trk=\"{&quot;cta&quot;:{&quot;action&quot;:&quot;https:\\\/\\\/moncompte.actu.fr&quot;,&quot;category&quot;:&quot;mon compte&quot;,&quot;from&quot;:&quot;article footer&quot;,&quot;name&quot;:&quot;Mon actu&quot;,&quot;type&quot;:&quot;cta&quot;}}\" target=\"_blank\">Mon Actu<\/a>.<\/p>\n","protected":false},"excerpt":{"rendered":"Par Jean-Marc Aubert Publi\u00e9 le 29 nov. 2025 \u00e0 19h57 Voil\u00e0 une bonne nouvelle : Pandi-Panda, l\u2019incontournable mascotte&hellip;\n","protected":false},"author":2,"featured_media":567542,"comment_status":"","ping_status":"","sticky":false,"template":"","format":"standard","meta":{"footnotes":""},"categories":[9599],"tags":[1111,11,14397,1697,1719,1777,674,1011,27,1652,2208,12,2680,25,853],"class_list":{"0":"post-567541","1":"post","2":"type-post","3":"status-publish","4":"format-standard","5":"has-post-thumbnail","7":"category-montpellier","8":"tag-actu","9":"tag-actualites","10":"tag-chantal-goya","11":"tag-concert","12":"tag-enfants","13":"tag-eu","14":"tag-europe","15":"tag-fr","16":"tag-france","17":"tag-loisirs-culture","18":"tag-montpellier","19":"tag-news","20":"tag-occitanie","21":"tag-republique-francaise","22":"tag-spectacles"},"share_on_mastodon":{"url":"https:\/\/pubeurope.com\/@fr\/115635283519438176","error":""},"_links":{"self":[{"href":"https:\/\/www.europesays.com\/fr\/wp-json\/wp\/v2\/posts\/567541","targetHints":{"allow":["GET"]}}],"collection":[{"href":"https:\/\/www.europesays.com\/fr\/wp-json\/wp\/v2\/posts"}],"about":[{"href":"https:\/\/www.europesays.com\/fr\/wp-json\/wp\/v2\/types\/post"}],"author":[{"embeddable":true,"href":"https:\/\/www.europesays.com\/fr\/wp-json\/wp\/v2\/users\/2"}],"replies":[{"embeddable":true,"href":"https:\/\/www.europesays.com\/fr\/wp-json\/wp\/v2\/comments?post=567541"}],"version-history":[{"count":0,"href":"https:\/\/www.europesays.com\/fr\/wp-json\/wp\/v2\/posts\/567541\/revisions"}],"wp:featuredmedia":[{"embeddable":true,"href":"https:\/\/www.europesays.com\/fr\/wp-json\/wp\/v2\/media\/567542"}],"wp:attachment":[{"href":"https:\/\/www.europesays.com\/fr\/wp-json\/wp\/v2\/media?parent=567541"}],"wp:term":[{"taxonomy":"category","embeddable":true,"href":"https:\/\/www.europesays.com\/fr\/wp-json\/wp\/v2\/categories?post=567541"},{"taxonomy":"post_tag","embeddable":true,"href":"https:\/\/www.europesays.com\/fr\/wp-json\/wp\/v2\/tags?post=567541"}],"curies":[{"name":"wp","href":"https:\/\/api.w.org\/{rel}","templated":true}]}}