{"id":567543,"date":"2025-11-29T22:12:25","date_gmt":"2025-11-29T22:12:25","guid":{"rendered":"https:\/\/www.europesays.com\/fr\/567543\/"},"modified":"2025-11-29T22:12:25","modified_gmt":"2025-11-29T22:12:25","slug":"football-coupe-de-france-8e-tour-retrouvez-les-reactions-apres-montceau","status":"publish","type":"post","link":"https:\/\/www.europesays.com\/fr\/567543\/","title":{"rendered":"Football &#8211; Coupe de France (8e tour). Retrouvez les r\u00e9actions apr\u00e8s Montceau"},"content":{"rendered":"<p>            Montceau &#8211; Montpellier\u00a0: 0-2<\/p>\n<p>\u00c0 Montceau (stade des Alouettes), Montpellier HSC (L2) bat FC Montceau (R1) 2 \u00e0 0 (1-0).<\/p>\n<p>Arbitre\u00a0: M.\u00a0Lomi. 2646 spectateurs.<\/p>\n<p> \u25b6 \u2002 Buts.- Montpellier\u00a0: Orakpo (17, 49). <\/p>\n<p>Avertissements\u00a0: Tchato (24) \u00e0 Montpellier.<\/p>\n<p> Montceau\u00a0 : Philippe \u2013 Merabi (cap), Diagne, Large, Beaucaire (Jozwiak, 79) \u2013 Legris (Soufi, 70), Chotard (Mahla, 64), Letienne \u2013 Ba (Lalaye, 64), Cl\u00e9ment (Vaudiot, 79), Konat\u00e9.  Entra\u00eeneur\u00a0: Lionel Large.<\/p>\n<p> Montpellier\u00a0 : Michel \u2013 Tchato, Omeragic (cap), El Hannach, Mincarelli (Ebener, 81) \u2013 Everson Jr, Fayad &#8211; Savanier (Issoufou, 70) \u2013 Mbuku (Vidal, 76), Ndiaye, Orakpo (Da Silva, 70).  Entra\u00eeneur\u00a0: Zoumana Camara.<\/p>\n<p>Is\/Selongey &#8211; Bourg-en-Bresse\u00a0: 2-3<\/p>\n<p>\u00c0 Selongey (stade des Courvelles), Bourg (N) bat Is\/Selongey (R1) 3 \u00e0 2 (2-2). Arbitre\u00a0: M.\u00a0Gazon. 959 spectateurs. \u25b6 \u2002 Buts.- Is\/Selongey\u00a0: Fouad (2), Pitois (37). Bourg\u00a0: Boumaaoui (11, sp), Besic (18, 78). <\/p>\n","protected":false},"excerpt":{"rendered":"Montceau &#8211; Montpellier\u00a0: 0-2 \u00c0 Montceau (stade des Alouettes), Montpellier HSC (L2) bat FC Montceau (R1) 2 \u00e0&hellip;\n","protected":false},"author":2,"featured_media":567544,"comment_status":"","ping_status":"","sticky":false,"template":"","format":"standard","meta":{"footnotes":""},"categories":[9599],"tags":[1111,11,15922,12568,1777,674,65790,107,1701,1795,63,1011,27,1686,12566,14000,12567,2208,12,2680,25,517],"class_list":{"0":"post-567543","1":"post","2":"type-post","3":"status-publish","4":"format-standard","5":"has-post-thumbnail","7":"category-montpellier","8":"tag-actu","9":"tag-actualites","10":"tag-coupe-de-france-de-football","11":"tag-edition-montceau-les-mines","12":"tag-eu","13":"tag-europe","14":"tag-fc-montceau","15":"tag-fil-info","16":"tag-fil-info-sport","17":"tag-fil-web","18":"tag-football","19":"tag-fr","20":"tag-france","21":"tag-import-print","22":"tag-montceau-les-mines","23":"tag-montceau-les-mines-bassin","24":"tag-montceau-les-mines-ville","25":"tag-montpellier","26":"tag-news","27":"tag-occitanie","28":"tag-republique-francaise","29":"tag-sport"},"share_on_mastodon":{"url":"https:\/\/pubeurope.com\/@fr\/115635286533869233","error":""},"_links":{"self":[{"href":"https:\/\/www.europesays.com\/fr\/wp-json\/wp\/v2\/posts\/567543","targetHints":{"allow":["GET"]}}],"collection":[{"href":"https:\/\/www.europesays.com\/fr\/wp-json\/wp\/v2\/posts"}],"about":[{"href":"https:\/\/www.europesays.com\/fr\/wp-json\/wp\/v2\/types\/post"}],"author":[{"embeddable":true,"href":"https:\/\/www.europesays.com\/fr\/wp-json\/wp\/v2\/users\/2"}],"replies":[{"embeddable":true,"href":"https:\/\/www.europesays.com\/fr\/wp-json\/wp\/v2\/comments?post=567543"}],"version-history":[{"count":0,"href":"https:\/\/www.europesays.com\/fr\/wp-json\/wp\/v2\/posts\/567543\/revisions"}],"wp:featuredmedia":[{"embeddable":true,"href":"https:\/\/www.europesays.com\/fr\/wp-json\/wp\/v2\/media\/567544"}],"wp:attachment":[{"href":"https:\/\/www.europesays.com\/fr\/wp-json\/wp\/v2\/media?parent=567543"}],"wp:term":[{"taxonomy":"category","embeddable":true,"href":"https:\/\/www.europesays.com\/fr\/wp-json\/wp\/v2\/categories?post=567543"},{"taxonomy":"post_tag","embeddable":true,"href":"https:\/\/www.europesays.com\/fr\/wp-json\/wp\/v2\/tags?post=567543"}],"curies":[{"name":"wp","href":"https:\/\/api.w.org\/{rel}","templated":true}]}}