{"id":567550,"date":"2025-11-29T22:16:22","date_gmt":"2025-11-29T22:16:22","guid":{"rendered":"https:\/\/www.europesays.com\/fr\/567550\/"},"modified":"2025-11-29T22:16:22","modified_gmt":"2025-11-29T22:16:22","slug":"hockey-sur-glace-division-2-battu-sur-la-patinoire-de-vaujany-grenoble-le-hc-dijon-ny-arrive-toujours-pas","status":"publish","type":"post","link":"https:\/\/www.europesays.com\/fr\/567550\/","title":{"rendered":"Hockey sur glace &#8211; Division 2. Battu sur la patinoire de Vaujany\/Grenoble, le HC Dijon n\u2019y arrive toujours pas"},"content":{"rendered":"<p>Sans leur derni\u00e8re recrue, <a href=\"https:\/\/www.bienpublic.com\/sport\/2025\/11\/20\/un-gardien-canadien-au-hc-dijon\" target=\"_blank\" rel=\"noopener\">le gardien Charles Par\u00e9<\/a> pas encore qualifi\u00e9, les Ducs ont conc\u00e9d\u00e9 leur septi\u00e8me d\u00e9faite de rang \u00e0 Vaujany (8-3). Pourtant les Dijonnais avaient ouvert la marque rapidement gr\u00e2ce \u00e0 Kyle Lightfoot (0-1, 3\u201923), avant de subir la r\u00e9action des locaux (3-1, 9\u201926).<\/p>\n<p>Malgr\u00e9 une situation de powerplay bien n\u00e9goci\u00e9e et conclue par une r\u00e9alisation de Colton Sipperlerey (2-3, 17\u201915), <a href=\"https:\/\/www.bienpublic.com\/sport\/2025\/11\/25\/patrick-lacelle-un-sacre-numero-a-la-tete-du-hc-dijon\" target=\"_blank\" rel=\"noopener\">les joueurs de Patrick Lacelle<\/a> ont craqu\u00e9 au c\u0153ur du deuxi\u00e8me tiers, encaissant trois buts en l\u2019espace de 63 secondes (7-3, 35\u201940).<\/p>\n<p>Un ultime but is\u00e9rois en tout d\u00e9but de dernier tiers (8-3, 41\u201914) vient sonner la fin des espoirs de Dijonnais qui filent tout droit vers la poule de maintien dans cette D2.<\/p>\n<p>  VAUJANY\/GRENOBLE &#8211; HC DIJON\u00a0: 8-3<\/p>\n<p>\u00c0 Vaujany (patinoire du p\u00f4le sports et loisirs). &#8211; Vaujany\/Grenoble b. HC Dijon\u00a0: 8-3 (3-2, 4-1, 1-0).<\/p>\n<p> Les buts dijonnais\u00a0: Lightfoot 3\u201923 (ass. Borgia, Sipperley), Sipperley 17\u201915 (ass. Oblak), Lightfoot 30\u201924 (ass. Borgia).<\/p>\n","protected":false},"excerpt":{"rendered":"Sans leur derni\u00e8re recrue, le gardien Charles Par\u00e9 pas encore qualifi\u00e9, les Ducs ont conc\u00e9d\u00e9 leur septi\u00e8me d\u00e9faite&hellip;\n","protected":false},"author":2,"featured_media":567551,"comment_status":"","ping_status":"","sticky":false,"template":"","format":"standard","meta":{"footnotes":""},"categories":[9566],"tags":[1111,11,2430,2930,8587,68256,8588,1777,674,107,1011,27,2731,4133,12,25,517],"class_list":{"0":"post-567550","1":"post","2":"type-post","3":"status-publish","4":"format-standard","5":"has-post-thumbnail","7":"category-grenoble","8":"tag-actu","9":"tag-actualites","10":"tag-auvergne-rhone-alpes","11":"tag-dijon","12":"tag-dijon-ville","13":"tag-dmhc-dijon-metropole-hockey-club","14":"tag-edition-dijon-et-son-agglomeration","15":"tag-eu","16":"tag-europe","17":"tag-fil-info","18":"tag-fr","19":"tag-france","20":"tag-grenoble","21":"tag-hockey-sur-glace","22":"tag-news","23":"tag-republique-francaise","24":"tag-sport"},"share_on_mastodon":{"url":"https:\/\/pubeurope.com\/@fr\/115635302259913683","error":""},"_links":{"self":[{"href":"https:\/\/www.europesays.com\/fr\/wp-json\/wp\/v2\/posts\/567550","targetHints":{"allow":["GET"]}}],"collection":[{"href":"https:\/\/www.europesays.com\/fr\/wp-json\/wp\/v2\/posts"}],"about":[{"href":"https:\/\/www.europesays.com\/fr\/wp-json\/wp\/v2\/types\/post"}],"author":[{"embeddable":true,"href":"https:\/\/www.europesays.com\/fr\/wp-json\/wp\/v2\/users\/2"}],"replies":[{"embeddable":true,"href":"https:\/\/www.europesays.com\/fr\/wp-json\/wp\/v2\/comments?post=567550"}],"version-history":[{"count":0,"href":"https:\/\/www.europesays.com\/fr\/wp-json\/wp\/v2\/posts\/567550\/revisions"}],"wp:featuredmedia":[{"embeddable":true,"href":"https:\/\/www.europesays.com\/fr\/wp-json\/wp\/v2\/media\/567551"}],"wp:attachment":[{"href":"https:\/\/www.europesays.com\/fr\/wp-json\/wp\/v2\/media?parent=567550"}],"wp:term":[{"taxonomy":"category","embeddable":true,"href":"https:\/\/www.europesays.com\/fr\/wp-json\/wp\/v2\/categories?post=567550"},{"taxonomy":"post_tag","embeddable":true,"href":"https:\/\/www.europesays.com\/fr\/wp-json\/wp\/v2\/tags?post=567550"}],"curies":[{"name":"wp","href":"https:\/\/api.w.org\/{rel}","templated":true}]}}