{"id":567554,"date":"2025-11-29T22:18:18","date_gmt":"2025-11-29T22:18:18","guid":{"rendered":"https:\/\/www.europesays.com\/fr\/567554\/"},"modified":"2025-11-29T22:18:18","modified_gmt":"2025-11-29T22:18:18","slug":"noel-2025-a-rennes-illuminations-marches-animations","status":"publish","type":"post","link":"https:\/\/www.europesays.com\/fr\/567554\/","title":{"rendered":"No\u00ebl 2025 \u00e0 Rennes : illuminations, march\u00e9s, animations&#8230;.."},"content":{"rendered":"<p>\n            Publi\u00e9 le 29-11-2025 \u00e0 21:50        <\/p>\n<p>            <img decoding=\"async\" class=\"page_photo\" src=\"https:\/\/www.rennes-scope.com\/photos\/noel-2025-a-rennes-illuminations-marches-animations-voici-le-programme-complet.webp\" alt=\"No\u00ebl 2025 \u00e0 Rennes : illuminations, march\u00e9s, animations... Voici le programme complet \" loading=\"lazy\"\/><\/p>\n<p>Cr\u00e9dit : Rennescope<\/p>\n<p>L\u2019atelier du P\u00e8re No\u00ebl s\u2019illumine sur la place Saint-Germain \u00e0 Rennes, offrant un d\u00e9cor f\u00e9\u00e9rique pour les enfants et les familles pendant les f\u00eates de fin d\u2019ann\u00e9e.<\/p>\n<p>\n                                D\u00e9couvrez le programme complet des festivit\u00e9s de No\u00ebl \u00e0 Rennes : illuminations, march\u00e9s, spectacles et ateliers pour toute la famille. Projections, animations et surprises vous attendent jusqu\u2019au 4 janvier 2026.            <\/p>\n<p>Rennes a lanc\u00e9 ce vendredi ses festivit\u00e9s de fin d&rsquo;ann\u00e9e avec <b>l&rsquo;inauguration des illuminations de No\u00ebl<\/b>. Jusqu&rsquo;au 4 janvier 2026, la ville se transforme en un v\u00e9ritable th\u00e9\u00e2tre de lumi\u00e8re et de magie, offrant aux Rennais et aux visiteurs un large choix d&rsquo;animations, march\u00e9s, spectacles et activit\u00e9s pour toute la famille. Entre traditions et nouveaut\u00e9s, cette fin d&rsquo;ann\u00e9e s&rsquo;annonce riche en surprises et en moments conviviaux.<\/p>\n<p>        Village de No\u00ebl<\/p>\n<p>Le Village de No\u00ebl s&rsquo;installe sur la <b>place du Parlement<\/b> du 29 novembre au 4 janvier. Ouvert tous les jours de 12h \u00e0 21h (sauf les 24 et 31 d\u00e9cembre de 12h \u00e0 19h et les 25 d\u00e9cembre et 1er janvier de 15h \u00e0 21h), il propose chalets gourmands, cr\u00e9ations artisanales et animations familiales. Le Village de No\u00ebl est un rendez-vous incontournable pour profiter de l&rsquo;ambiance festive et des illuminations de Rennes.<\/p>\n<p>No\u00ebl avec les commer\u00e7ants<\/p>\n<p>Du 13 au 27 d\u00e9cembre, le <b>Carr\u00e9 Rennais<\/b>, avec le soutien de la Ville, organise de nombreuses animations de No\u00ebl \u00e0 Rennes : balades en cal\u00e8che, d\u00e9ambulations musicales jazz manouche et tra\u00eeneau du P\u00e8re No\u00ebl.&#13;<br \/>\n&#13;\n<\/p>\n<p>Le 13 d\u00e9cembre \u00e0 16h30, la traditionnelle parade lumineuse d\u00e9filera dans le centre-ville. Le P\u00e8re No\u00ebl circulera dans son v\u00e9lo cargo les 17, 20, 21, 23 et 24 d\u00e9cembre de 16h30 \u00e0 19h. <b>Des circuits en sulky<\/b> seront m\u00eame propos\u00e9s place Saint-Germain du 17 au 27 d\u00e9cembre.<\/p>\n<p>Projections sur l&rsquo;H\u00f4tel de Ville<\/p>\n<p>Du 19 d\u00e9cembre au 4 janvier, la fa\u00e7ade de l&rsquo;H\u00f4tel de Ville se transforme en \u00e9cran g\u00e9ant pour le spectacle \u00ab <b>R\u00eave de lumi\u00e8re<\/b> \u00bb imagin\u00e9 par la soci\u00e9t\u00e9 Spectaculaires. Tous les soirs, de 18h \u00e0 21h40, des projections se succ\u00e8dent toutes les 20 minutes, mettant en sc\u00e8ne une poule Coucou de l&rsquo;\u00e9comus\u00e9e de la Bintinais \u00e0 travers une ville f\u00e9\u00e9rique.&#13;<br \/>\n&#13;\n<\/p>\n<p>Pour la soir\u00e9e du 31 d\u00e9cembre, les projections se prolongent jusqu&rsquo;\u00e0 23h59 avant le lancement du d\u00e9compte de minuit. La f\u00eate continue ensuite au Libert\u00e9, avec le traditionnel bal du Nouvel An jusqu&rsquo;\u00e0 5h du matin.<\/p>\n<p>Visites guid\u00e9es et march\u00e9s<\/p>\n<ul>&#13;<br \/>\n&#13;<\/p>\n<li><b>Visites guid\u00e9es gratuites sur le th\u00e8me de la lumi\u00e8re<\/b> les 3, 6, 13, 20, 23 et 30 d\u00e9cembre \u00e0 18h. Rendez-vous place du Parlement, devant le sapin. Inscriptions sur <a href=\"http:\/\/www.tourisme-rennes.com\/\" target=\"_blank\" rel=\"noopener noreferrer\">tourisme-rennes.com<\/a><\/li>\n<p>&#13;<\/p>\n<li><b>March\u00e9 des cr\u00e9ateurs<\/b> : du 24 novembre au 23 d\u00e9cembre, place Hoche, de 10h \u00e0 19h.<\/li>\n<p>&#13;<\/p>\n<li><b>Les Arts du feu<\/b> : du 11 au 14 d\u00e9cembre, place de la Mairie, avec le verre \u00e0 l\u2019honneur.<\/li>\n<p>&#13;<\/p>\n<li><b>March\u00e9 des Ateliers du Vent et du Mur Habit\u00e9<\/b> : les 11 et 12 d\u00e9cembre.<\/li>\n<p>&#13;<\/p>\n<li><b>No\u00ebl des \u00c9tablis<\/b> : les 13 et 14 d\u00e9cembre, rue Bahon Rault.<\/li>\n<p>&#13;<\/p>\n<li><b>No\u00ebl \u00e0 la Cit\u00e9 Pierre Louail<\/b> : les 6 et 7 d\u00e9cembre, avec cr\u00e9ations artisanales et artistiques uniques.<\/li>\n<p>&#13;<\/p>\n<li><b>Grand Huit<\/b> : les 20 et 21 d\u00e9cembre, un week-end festif avec march\u00e9, concerts et man\u00e8ges.<\/li>\n<p>&#13;\n<\/ul>\n<p>Couvent des Jacobins<\/p>\n<p>Du 20 d\u00e9cembre au 4 janvier, le jardin du clo\u00eetre du <b>Couvent des Jacobins<\/b> sera illumin\u00e9 et proposera de nombreuses animations gratuites pour petits et grands.<\/p>\n<p>Spectacles et animations<\/p>\n<p>A l&rsquo;Op\u00e9ra de Rennes, deux rendez-vous festifs attendent le public pendant les vacances. <b>Huit repr\u00e9sentations de \u00ab Cendrillon \u00bb<\/b> sont propos\u00e9es du 27 d\u00e9cembre au 3 janvier, id\u00e9ales pour toute la famille. Dans le m\u00eame lieu, \u00ab <b>Marelle : Contes et l\u00e9gendes<\/b> \u00bb, propos\u00e9 par le Banquet C\u00e9leste, invite les enfants d\u00e8s 5 ans \u00e0 d\u00e9couvrir un parcours insolite m\u00ealant contes et exploration des coulisses de l&rsquo;Op\u00e9ra (r\u00e9servations sur <a href=\"https:\/\/www.opera-rennes.fr\/fr\/evenement\/cendrillon\" target=\"_blank\" rel=\"noopener noreferrer\">opera-rennes.fr<\/a>).<\/p>\n<p>Lettre au P\u00e8re No\u00ebl<\/p>\n<p>Comme chaque ann\u00e9e, les enfants peuvent d\u00e9poser <b>leur lettre au P\u00e8re No\u00ebl<\/b> sur la place du Parlement, du 29 novembre au 24 d\u00e9cembre. Chaque lettre re\u00e7oit une r\u00e9ponse personnalis\u00e9e du P\u00e8re No\u00ebl.<\/p>\n<p>Rennes s&rsquo;appr\u00eate donc \u00e0 vivre un mois de d\u00e9cembre et un d\u00e9but d&rsquo;ann\u00e9e sous le signe de la lumi\u00e8re, des march\u00e9s et des animations pour toute la famille. Entre spectacles \u00e0 l&rsquo;Op\u00e9ra, parcours f\u00e9\u00e9riques, projections lumineuses et ateliers du P\u00e8re No\u00ebl, <b>chaque Rennais pourra profiter de la magie des f\u00eates<\/b>. Les plus gourmands et amateurs de sensations pourront \u00e9galement se rendre sur <a href=\"https:\/\/www.rennes-scope.com\/article\/624-fete-foraine-de-rennes-2025-dates-horaires-et-temps-forts-de-levenement\" target=\"_blank\" rel=\"noopener\">la f\u00eate foraine qui accompagne les festivit\u00e9s dans le centre-ville<\/a>, pour compl\u00e9ter cette saison festive et conviviale.<\/p>\n<p>                A lire aussi<\/p>\n<p>        <a href=\"https:\/\/www.rennes-scope.com\/articles-tag.php?nom=no%C3%ABl\" target=\"_blank\" rel=\"noopener\"><\/p>\n<p>no\u00ebl<\/p>\n<p><\/a><a href=\"https:\/\/www.rennes-scope.com\/articles-tag.php?nom=centre-ville\" target=\"_blank\" rel=\"noopener\"><\/p>\n<p>centre-ville<\/p>\n<p><\/a><a href=\"https:\/\/www.rennes-scope.com\/articles-tag.php?nom=nouvel+an\" target=\"_blank\" rel=\"noopener\"><\/p>\n<p>nouvel an<\/p>\n<p><\/a><\/p>\n","protected":false},"excerpt":{"rendered":"Publi\u00e9 le 29-11-2025 \u00e0 21:50 Cr\u00e9dit : Rennescope L\u2019atelier du P\u00e8re No\u00ebl s\u2019illumine sur la place Saint-Germain \u00e0&hellip;\n","protected":false},"author":2,"featured_media":567555,"comment_status":"","ping_status":"","sticky":false,"template":"","format":"standard","meta":{"footnotes":""},"categories":[2821],"tags":[1111,11,829,1777,674,1011,27,12,584,25],"class_list":{"0":"post-567554","1":"post","2":"type-post","3":"status-publish","4":"format-standard","5":"has-post-thumbnail","7":"category-rennes","8":"tag-actu","9":"tag-actualites","10":"tag-bretagne","11":"tag-eu","12":"tag-europe","13":"tag-fr","14":"tag-france","15":"tag-news","16":"tag-rennes","17":"tag-republique-francaise"},"share_on_mastodon":{"url":"https:\/\/pubeurope.com\/@fr\/115635310878944751","error":""},"_links":{"self":[{"href":"https:\/\/www.europesays.com\/fr\/wp-json\/wp\/v2\/posts\/567554","targetHints":{"allow":["GET"]}}],"collection":[{"href":"https:\/\/www.europesays.com\/fr\/wp-json\/wp\/v2\/posts"}],"about":[{"href":"https:\/\/www.europesays.com\/fr\/wp-json\/wp\/v2\/types\/post"}],"author":[{"embeddable":true,"href":"https:\/\/www.europesays.com\/fr\/wp-json\/wp\/v2\/users\/2"}],"replies":[{"embeddable":true,"href":"https:\/\/www.europesays.com\/fr\/wp-json\/wp\/v2\/comments?post=567554"}],"version-history":[{"count":0,"href":"https:\/\/www.europesays.com\/fr\/wp-json\/wp\/v2\/posts\/567554\/revisions"}],"wp:featuredmedia":[{"embeddable":true,"href":"https:\/\/www.europesays.com\/fr\/wp-json\/wp\/v2\/media\/567555"}],"wp:attachment":[{"href":"https:\/\/www.europesays.com\/fr\/wp-json\/wp\/v2\/media?parent=567554"}],"wp:term":[{"taxonomy":"category","embeddable":true,"href":"https:\/\/www.europesays.com\/fr\/wp-json\/wp\/v2\/categories?post=567554"},{"taxonomy":"post_tag","embeddable":true,"href":"https:\/\/www.europesays.com\/fr\/wp-json\/wp\/v2\/tags?post=567554"}],"curies":[{"name":"wp","href":"https:\/\/api.w.org\/{rel}","templated":true}]}}