{"id":567556,"date":"2025-11-29T22:19:13","date_gmt":"2025-11-29T22:19:13","guid":{"rendered":"https:\/\/www.europesays.com\/fr\/567556\/"},"modified":"2025-11-29T22:19:13","modified_gmt":"2025-11-29T22:19:13","slug":"schiltigheim-la-facade-dun-immeuble-commence-a-seffondrer-les-pompiers-interviennent","status":"publish","type":"post","link":"https:\/\/www.europesays.com\/fr\/567556\/","title":{"rendered":"Schiltigheim. La fa\u00e7ade d\u2019un immeuble commence \u00e0 s\u2019effondrer : les pompiers interviennent"},"content":{"rendered":"<p>Les sapeurs-pompiers ont \u00e9t\u00e9 appel\u00e9s ce samedi 29 novembre vers 21h pour intervenir au 11 route du G\u00e9n\u00e9ral-de-Gaulle \u00e0 Schiltigheim, o\u00f9 la fa\u00e7ade d\u2019un immeuble de trois \u00e9tages commen\u00e7ait \u00e0 s\u2019effondrer.<\/p>\n<p>Tous les habitants de cet immeuble, situ\u00e9 non loin de la place de Haguenau \u00e0 Strasbourg, ont \u00e9t\u00e9 mis en s\u00e9curit\u00e9. Le sinistre n\u2019a pas fait de victime. Des d\u00e9bris sont tomb\u00e9s sur la voie publique.<\/p>\n<p>Dans la soir\u00e9e, les pompiers poursuivaient leur intervention pour v\u00e9rifier la stabilit\u00e9 du b\u00e2timent. Dix-neuf pompiers des casernes Nord Ouest \u00e0 Strasbourg, ainsi que les sp\u00e9cialistes en sauvetage et d\u00e9blaiement, ont \u00e9t\u00e9 engag\u00e9s \u00e0 bord de huit engins. \u00c0 22h, on ignorait si les habitants pourraient regagner leur logement dans la soir\u00e9e.<\/p>\n","protected":false},"excerpt":{"rendered":"Les sapeurs-pompiers ont \u00e9t\u00e9 appel\u00e9s ce samedi 29 novembre vers 21h pour intervenir au 11 route du G\u00e9n\u00e9ral-de-Gaulle&hellip;\n","protected":false},"author":2,"featured_media":567557,"comment_status":"","ping_status":"","sticky":false,"template":"","format":"standard","meta":{"footnotes":""},"categories":[2820],"tags":[1111,11,2880,1777,674,274,107,1011,27,775,12,25,5512,640],"class_list":{"0":"post-567556","1":"post","2":"type-post","3":"status-publish","4":"format-standard","5":"has-post-thumbnail","7":"category-strasbourg","8":"tag-actu","9":"tag-actualites","10":"tag-edition-strasbourg","11":"tag-eu","12":"tag-europe","13":"tag-faits-divers-justice","14":"tag-fil-info","15":"tag-fr","16":"tag-france","17":"tag-grand-est","18":"tag-news","19":"tag-republique-francaise","20":"tag-schiltigheim","21":"tag-strasbourg"},"share_on_mastodon":{"url":"https:\/\/pubeurope.com\/@fr\/115635314043905862","error":""},"_links":{"self":[{"href":"https:\/\/www.europesays.com\/fr\/wp-json\/wp\/v2\/posts\/567556","targetHints":{"allow":["GET"]}}],"collection":[{"href":"https:\/\/www.europesays.com\/fr\/wp-json\/wp\/v2\/posts"}],"about":[{"href":"https:\/\/www.europesays.com\/fr\/wp-json\/wp\/v2\/types\/post"}],"author":[{"embeddable":true,"href":"https:\/\/www.europesays.com\/fr\/wp-json\/wp\/v2\/users\/2"}],"replies":[{"embeddable":true,"href":"https:\/\/www.europesays.com\/fr\/wp-json\/wp\/v2\/comments?post=567556"}],"version-history":[{"count":0,"href":"https:\/\/www.europesays.com\/fr\/wp-json\/wp\/v2\/posts\/567556\/revisions"}],"wp:featuredmedia":[{"embeddable":true,"href":"https:\/\/www.europesays.com\/fr\/wp-json\/wp\/v2\/media\/567557"}],"wp:attachment":[{"href":"https:\/\/www.europesays.com\/fr\/wp-json\/wp\/v2\/media?parent=567556"}],"wp:term":[{"taxonomy":"category","embeddable":true,"href":"https:\/\/www.europesays.com\/fr\/wp-json\/wp\/v2\/categories?post=567556"},{"taxonomy":"post_tag","embeddable":true,"href":"https:\/\/www.europesays.com\/fr\/wp-json\/wp\/v2\/tags?post=567556"}],"curies":[{"name":"wp","href":"https:\/\/api.w.org\/{rel}","templated":true}]}}