{"id":567562,"date":"2025-11-29T22:22:22","date_gmt":"2025-11-29T22:22:22","guid":{"rendered":"https:\/\/www.europesays.com\/fr\/567562\/"},"modified":"2025-11-29T22:22:22","modified_gmt":"2025-11-29T22:22:22","slug":"lorient-nice-retour-dabergel-soumano-encore-titulaire-en-pointe-les-compos-probables","status":"publish","type":"post","link":"https:\/\/www.europesays.com\/fr\/567562\/","title":{"rendered":"Lorient &#8211; Nice\u00a0: retour d\u2019Abergel, Soumano encore titulaire en pointe, les compos probables"},"content":{"rendered":"<p>Ligue 1 (14e journ\u00e9e). FC Lorient &#8211; OGC Nice, dimanche (17 h 15)<\/p>\n<p>Le FC Lorient va retrouver <a href=\"https:\/\/www.letelegramme.fr\/sports\/football\/fc-lorient\/lorient-nice-kouassi-et-meite-touches-mais-disponibles-le-point-sur-les-blessures-au-fcl-6937135.php\" target=\"_blank\" rel=\"noopener\">son capitaine Laurent Abergel<\/a>, ce dimanche (17 h 15), pour la r\u00e9ception de Nice. Pour le reste de l\u2019\u00e9quipe, Olivier Pantaloni, satisfait du match face \u00e0 Nantes (1-1), devrait reconduire une bonne partie de son onze.<\/p>\n<p>Apr\u00e8s cinq d\u00e9faites de rang (trois en Ligue 1, deux en Ligue Europa), l\u2019OGC Nice doit retrouver de la confiance \u00e0 Lorient. Avec son entra\u00eeneur, l\u2019ancien du FCL Franck Haise, qui a propos\u00e9 d\u2019\u00eatre \u00ab le fusible \u00bb pour le bien du club. Mais le neuvi\u00e8me de Ligue 1, qui encaisse beaucoup (23 buts en 13 matchs), doit faire sans Youssouf Ndayishimiye, Mohamed Abdelmonem, et Mo\u00efse Bombito, absents de longue date.<\/p>\n<p>Moffi, titulaire contre Marseille et Porto, devrait encha\u00eener un troisi\u00e8me match de suite \u00e0 la pointe de l\u2019attaque.<\/p>\n<p class=\"titre-tech\">Les compos probables<\/p>\n<p class=\"tech\"><strong class=\"tech\">LORIENT<\/strong>. Mvogo &#8211; Me\u00eft\u00e9, Talbi, Yongwa &#8211; Le Bris, Avom, Abergel (cap.), Kouassi &#8211; Tosin, Soumano, Pagis. Entra\u00eeneur : Olivier Pantaloni.<\/p>\n<p class=\"tech\">Rempla\u00e7ants : Kamara, Leroy (g.), Adjei, Silva, Mvuka, Cadiou, Karim, Makengo, Bamba, Dieng.<\/p>\n<p class=\"tech\">Absents : Tour\u00e9 (ischio), Katseris (reprise), Fadiga (reprise), Sanusi (reprise).<\/p>\n<p class=\"tech\"><strong class=\"tech\">NICE<\/strong>. Diouf &#8211; Mendy, Bah, Oppong &#8211; Clauss, Boudaoui, Vanhoutte, Bard (c) &#8211; Cho, Moffi, Diop.<\/p>\n<p class=\"tech\">Entra\u00eeneur : Franck Haise.<\/p>\n<p class=\"tech\">Rempla\u00e7ants : Dup\u00e9 (g), Louchet, Abdi, Gouveia, Abdul Samed, Sanson, Boga, Carlos, Jansson.<\/p>\n<p class=\"tech\">Absents : Youssouf, Abdelmonem, Bombito (soins), Dante (repos), Ndombele (choix).\ufeff<\/p>\n","protected":false},"excerpt":{"rendered":"Ligue 1 (14e journ\u00e9e). FC Lorient &#8211; OGC Nice, dimanche (17 h 15) Le FC Lorient va retrouver&hellip;\n","protected":false},"author":2,"featured_media":567563,"comment_status":"","ping_status":"","sticky":false,"template":"","format":"standard","meta":{"footnotes":""},"categories":[2819],"tags":[1111,11,3166,1777,674,3317,63,1011,27,66,1781,12,2401,882,25,60],"class_list":{"0":"post-567562","1":"post","2":"type-post","3":"status-publish","4":"format-standard","5":"has-post-thumbnail","7":"category-nice","8":"tag-actu","9":"tag-actualites","10":"tag-en-continu-sports","11":"tag-eu","12":"tag-europe","13":"tag-fc-lorient","14":"tag-football","15":"tag-fr","16":"tag-france","17":"tag-ligue-1","18":"tag-lorient","19":"tag-news","20":"tag-nice","21":"tag-provence-alpes-cote-dazur","22":"tag-republique-francaise","23":"tag-sports"},"share_on_mastodon":{"url":"https:\/\/pubeurope.com\/@fr\/115635326000225834","error":""},"_links":{"self":[{"href":"https:\/\/www.europesays.com\/fr\/wp-json\/wp\/v2\/posts\/567562","targetHints":{"allow":["GET"]}}],"collection":[{"href":"https:\/\/www.europesays.com\/fr\/wp-json\/wp\/v2\/posts"}],"about":[{"href":"https:\/\/www.europesays.com\/fr\/wp-json\/wp\/v2\/types\/post"}],"author":[{"embeddable":true,"href":"https:\/\/www.europesays.com\/fr\/wp-json\/wp\/v2\/users\/2"}],"replies":[{"embeddable":true,"href":"https:\/\/www.europesays.com\/fr\/wp-json\/wp\/v2\/comments?post=567562"}],"version-history":[{"count":0,"href":"https:\/\/www.europesays.com\/fr\/wp-json\/wp\/v2\/posts\/567562\/revisions"}],"wp:featuredmedia":[{"embeddable":true,"href":"https:\/\/www.europesays.com\/fr\/wp-json\/wp\/v2\/media\/567563"}],"wp:attachment":[{"href":"https:\/\/www.europesays.com\/fr\/wp-json\/wp\/v2\/media?parent=567562"}],"wp:term":[{"taxonomy":"category","embeddable":true,"href":"https:\/\/www.europesays.com\/fr\/wp-json\/wp\/v2\/categories?post=567562"},{"taxonomy":"post_tag","embeddable":true,"href":"https:\/\/www.europesays.com\/fr\/wp-json\/wp\/v2\/tags?post=567562"}],"curies":[{"name":"wp","href":"https:\/\/api.w.org\/{rel}","templated":true}]}}