{"id":567566,"date":"2025-11-29T22:25:19","date_gmt":"2025-11-29T22:25:19","guid":{"rendered":"https:\/\/www.europesays.com\/fr\/567566\/"},"modified":"2025-11-29T22:25:19","modified_gmt":"2025-11-29T22:25:19","slug":"nantes-et-aix-tiennent-leur-rang","status":"publish","type":"post","link":"https:\/\/www.europesays.com\/fr\/567566\/","title":{"rendered":"Nantes et Aix tiennent leur rang"},"content":{"rendered":"<p>Dans un d\u00e9placement attendu \u00e0 Dunkerque, le HBC Nantes a confirm\u00e9 sa forme en s\u2019imposant 34\u201330. D\u00e8s le d\u00e9but, les Nantais ont impos\u00e9 leur rythme, creusant progressivement l\u2019\u00e9cart gr\u00e2ce \u00e0 une d\u00e9fense solide et \u00e0 une attaque bien organis\u00e9e. Aymeric Minne a \u00e9t\u00e9 d\u00e9cisif avec 11\u202fbuts \u00e0 79\u202f%, tandis que Diogo Oliveira (13\u202fbuts) a tout tent\u00e9 c\u00f4t\u00e9 Dunkerque sans parvenir \u00e0 inverser le cours du match.<\/p>\n<p>De son c\u00f4t\u00e9, Aix a remport\u00e9 une victoire nette \u00e0 S\u00e9lestat (31\u201324), Aymeric Zaepfel s\u2019illustrant avec 10 buts et guidant son \u00e9quipe vers une performance collective ma\u00eetris\u00e9e.<\/p>\n","protected":false},"excerpt":{"rendered":"Dans un d\u00e9placement attendu \u00e0 Dunkerque, le HBC Nantes a confirm\u00e9 sa forme en s\u2019imposant 34\u201330. D\u00e8s le&hellip;\n","protected":false},"author":2,"featured_media":567567,"comment_status":"","ping_status":"","sticky":false,"template":"","format":"standard","meta":{"footnotes":""},"categories":[2818],"tags":[1111,11,1777,674,1011,27,766,12,2636,25],"class_list":{"0":"post-567566","1":"post","2":"type-post","3":"status-publish","4":"format-standard","5":"has-post-thumbnail","7":"category-nantes","8":"tag-actu","9":"tag-actualites","10":"tag-eu","11":"tag-europe","12":"tag-fr","13":"tag-france","14":"tag-nantes","15":"tag-news","16":"tag-pays-de-la-loire","17":"tag-republique-francaise"},"share_on_mastodon":{"url":"https:\/\/pubeurope.com\/@fr\/115635337643669121","error":""},"_links":{"self":[{"href":"https:\/\/www.europesays.com\/fr\/wp-json\/wp\/v2\/posts\/567566","targetHints":{"allow":["GET"]}}],"collection":[{"href":"https:\/\/www.europesays.com\/fr\/wp-json\/wp\/v2\/posts"}],"about":[{"href":"https:\/\/www.europesays.com\/fr\/wp-json\/wp\/v2\/types\/post"}],"author":[{"embeddable":true,"href":"https:\/\/www.europesays.com\/fr\/wp-json\/wp\/v2\/users\/2"}],"replies":[{"embeddable":true,"href":"https:\/\/www.europesays.com\/fr\/wp-json\/wp\/v2\/comments?post=567566"}],"version-history":[{"count":0,"href":"https:\/\/www.europesays.com\/fr\/wp-json\/wp\/v2\/posts\/567566\/revisions"}],"wp:featuredmedia":[{"embeddable":true,"href":"https:\/\/www.europesays.com\/fr\/wp-json\/wp\/v2\/media\/567567"}],"wp:attachment":[{"href":"https:\/\/www.europesays.com\/fr\/wp-json\/wp\/v2\/media?parent=567566"}],"wp:term":[{"taxonomy":"category","embeddable":true,"href":"https:\/\/www.europesays.com\/fr\/wp-json\/wp\/v2\/categories?post=567566"},{"taxonomy":"post_tag","embeddable":true,"href":"https:\/\/www.europesays.com\/fr\/wp-json\/wp\/v2\/tags?post=567566"}],"curies":[{"name":"wp","href":"https:\/\/api.w.org\/{rel}","templated":true}]}}