{"id":567576,"date":"2025-11-29T22:34:31","date_gmt":"2025-11-29T22:34:31","guid":{"rendered":"https:\/\/www.europesays.com\/fr\/567576\/"},"modified":"2025-11-29T22:34:31","modified_gmt":"2025-11-29T22:34:31","slug":"quels-produits-donner-a-la-banque-alimentaire-cet-hiver","status":"publish","type":"post","link":"https:\/\/www.europesays.com\/fr\/567576\/","title":{"rendered":"quels produits donner \u00e0 la Banque Alimentaire cet hiver ?"},"content":{"rendered":"<p class=\"article__intro\">Cet automne, la collecte nationale de la Banque Alimentaire aura lieu du 28 au 30 novembre. 300 points de collecte sont recens\u00e9s dans le d\u00e9partement du Nord. Une op\u00e9ration solidaire plus importante que jamais, \u00e0 l&rsquo;heure o\u00f9 la pr\u00e9carit\u00e9 est en hausse, mais les stocks alimentaires en net recul chez les associations.<\/p>\n<p>\n      La Quotidienne Soci\u00e9t\u00e9\n    <\/p>\n<p>\n      De la vie quotidienne aux grands enjeux, recevez tous les jours les sujets qui font la soci\u00e9t\u00e9 locale, comme la justice, l\u2019\u00e9ducation, la sant\u00e9 et la famille.\n    <\/p>\n<p>    France T\u00e9l\u00e9visions utilise votre adresse e-mail afin de vous envoyer la newsletter \u00ab\u00a0La Quotidienne Soci\u00e9t\u00e9\u00a0\u00bb. Vous pouvez vous d\u00e9sinscrire \u00e0 tout moment via le lien en bas de cette newsletter. <a target=\"_blank\" href=\"https:\/\/www.francetelevisions.fr\/groupe\/confidentialite\/politique-de-confidentialite\/politique-de-confidentialite-de-france-televisions-6503\" rel=\"noopener\">Notre politique de confidentialit\u00e9<\/a><\/p>\n<p>Les 3 500 b\u00e9n\u00e9voles de la Banque Alimentaire du Nord et leurs gilets orange seront de retour devant les supermarch\u00e9s ce week-end. La <a href=\"https:\/\/www.banquealimentaire.org\/collecte-nationale-des-banques-alimentaires-2025-rendez-vous-du-28-au-30-novembre-7489\" target=\"_blank\" rel=\"noopener noreferrer nofollow\" data-tooltip-url=\"https:\/\/www.banquealimentaire.org\/collecte-nationale-des-banques-alimentaires-2025-rendez-vous-du-28-au-30-novembre-7489\">collecte nationale<\/a> de la Banque Alimentaire doit d\u00e9buter ce vendredi, et durera jusqu&rsquo;au dimanche 30 novembre. L&rsquo;occasion d&rsquo;ajouter quelques produits dans vos caddies, pour aider l&rsquo;organisme \u00e0 r\u00e9colter assez de denr\u00e9es alimentaires et de produits d&rsquo;hygi\u00e8ne cet hiver.<\/p>\n<\/p>\n<p>Une aide d&rsquo;autant plus pr\u00e9cieuse cette ann\u00e9e, puisque la Banque Alimentaire accuse -15 % d&rsquo;approvisionnement depuis janvier. Des difficult\u00e9s enregistr\u00e9es depuis la pand\u00e9mie de covid-19, qui a forc\u00e9 l&rsquo;organisme \u00e0 acheter une partie de ses stocks, jusqu&rsquo;alors enti\u00e8rement bas\u00e9s sur les dons des particuliers ou des grands industriels de la r\u00e9gion.<\/p>\n<p>Tous les ans, la collecte de la Banque Alimentaire reste un vrai moment de solidarit\u00e9 o\u00f9 les gens donnent, peu importe leurs moyens. Sur les 5 708 tonnes de nourriture distribu\u00e9es en 2024 dans le Nord, 6 % ont \u00e9t\u00e9 r\u00e9colt\u00e9es lors de la grande collecte en trois jours seulement.<\/p>\n<p>\u00ab\u00a0On est souvent surpris\u00a0\u00bb, commente Marion Fourrier, directrice de la Banque alimentaire du Nord. \u00ab\u00a0Chacun a conscience qu&rsquo;il y a vraiment un contexte difficile avec l&rsquo;inflation. Je pense que tout le monde est concern\u00e9 par le reste \u00e0 vivre \u00e0 la fin du mois.<\/p>\n<blockquote class=\"ftvi_content_quote\">\n<p class=\"ftvi_citation_quote\">Quand on a pay\u00e9 ses charges, son loyer, son carburant, on se rend compte qu&rsquo;il ne reste pas forc\u00e9ment grand-chose et j&rsquo;ai le sentiment que la solidarit\u00e9 est encore l\u00e0.<\/p>\n<p>Marion Fourrier, directrice de la Banque alimentaire du Nord<\/p><\/blockquote>\n<p>Et difficile d&rsquo;\u00e9chapper aux b\u00e9n\u00e9voles, qui seront pr\u00e9sents dans 300 points de collecte tout le week-end. La directrice lance d&rsquo;ailleurs un appel au b\u00e9n\u00e9volat, pour couvrir plus facilement les zones de collecte.<\/p>\n<p><a data-article-figure=\"\" href=\"https:\/\/france3-regions.franceinfo.fr\/image\/0jaM7PdaBCDw7l_dekL8ZKOd37E\/1920x1080\/regions\/2025\/11\/20\/m-visite-du-si-ge-et-site-logistique-de-la-banque-alimentaire-du-nord-00-01-21-22-691f44a52b379947894511.jpg\" data-pswp-width=\"1920\" data-pswp-height=\"1080\" target=\"_blank\" rel=\"noopener\"><\/p>\n<p>          <img width=\"600\" height=\"400\" class=\"article-image lazy\" data-src=\"https:\/\/www.europesays.com\/fr\/wp-content\/uploads\/2025\/11\/m-visite-du-si-ge-et-site-logistique-de-la-banque-alimentaire-du-nord-00-01-21-22-691f44a52b37994789.webp\" alt=\"La collecte nationale, qui a lieu du 28 au 30 novembre 2025, repr\u00e9sente pr\u00e8s de 6% des dons annuels \u00e0 la banque alimentaire du Nord. Une centaine de b\u00e9n\u00e9voles vont ensuite se relayer pendant 3 mois pour trier les denr\u00e9es r\u00e9colt\u00e9es, dans le hangar de l'association \u00e0 Lille (Nord).\" fetchpriority=\"high\" as=\"image\"\/><\/p>\n<p>\n            La collecte nationale, qui a lieu du 28 au 30 novembre 2025, repr\u00e9sente pr\u00e8s de 6% des dons annuels \u00e0 la banque alimentaire du Nord. Une centaine de b\u00e9n\u00e9voles vont ensuite se relayer pendant 3 mois pour trier les denr\u00e9es r\u00e9colt\u00e9es, dans le hangar de l&rsquo;association \u00e0 Lille (Nord).<br \/>\n                           \u2022<br \/>\n                                      \u00a9 Emmanuel Quinart \/ France T\u00e9l\u00e9visions\n                      <\/p>\n<p><\/a><\/p>\n<p>La Banque Alimentaire fait office de \u00ab\u00a0grossiste\u00a0\u00bb pour les associations locales. Donner \u00e0 cet organisme permet \u00e0 192 associations dans le Nord de r\u00e9partir les denr\u00e9es alimentaires et les produits d&rsquo;hygi\u00e8ne lors de distributions. \u00c0 Lille, les dons r\u00e9colt\u00e9s sont tous centralis\u00e9s dans un grand entrep\u00f4t de port fluvial, o\u00f9 les associations peuvent directement venir s&rsquo;approvisionner.<\/p>\n<p>Au-del\u00e0 des p\u00e2tes et du riz, l&rsquo;accent est surtout mis sur les denr\u00e9es pouvant \u00eatre consomm\u00e9es tout de suite, sans avoir besoin de cuir ou d&rsquo;\u00eatre r\u00e9chauff\u00e9.<\/p>\n<blockquote class=\"ftvi_content_quote\">\n<p class=\"ftvi_citation_quote\">On a vraiment besoin de plats cuisin\u00e9s et \u00e0 date longue, tout ce qui est salade de thon en conserve\u2026 Des choses faciles \u00e0 distribuer aux personnes qui ne sont pas forc\u00e9ment \u00e9quip\u00e9es.<\/p>\n<p>Marion Fourrier, directrice de la Banque alimentaire du Nord<\/p><\/blockquote>\n<p>L&rsquo;acc\u00e8s \u00e0 la nourriture et \u00e0 l&rsquo;hygi\u00e8ne sont malheureusement des droits auxquels de nombreuses personnes n&rsquo;ont pas acc\u00e8s, en raison de leur pr\u00e9carit\u00e9. Pourtant, \u00ab\u00a0La nutrition est li\u00e9e \u00e0 la sant\u00e9 physique et mentale\u00a0\u00bb, indique directrice de la Banque alimentaire du Nord. \u00ab\u00a0Quand on mange bien, on se sent bien. \u00c7a fait partie des premiers besoins, des besoins de premi\u00e8re n\u00e9cessit\u00e9, que ce soit l&rsquo;alimentaire ou l&rsquo;hygi\u00e8ne d&rsquo;ailleurs. Parce qu&rsquo;on ne devrait pas avoir \u00e0 choisir entre s&rsquo;acheter un paquet de p\u00e2tes ou un shampoing.\u00a0\u00bb<\/p>\n<p>\u25ba Avec C\u00e9line Rousseaux<\/p>\n","protected":false},"excerpt":{"rendered":"Cet automne, la collecte nationale de la Banque Alimentaire aura lieu du 28 au 30 novembre. 300 points&hellip;\n","protected":false},"author":2,"featured_media":567577,"comment_status":"","ping_status":"","sticky":false,"template":"","format":"standard","meta":{"footnotes":""},"categories":[2815],"tags":[1111,11,1777,674,1011,27,811,1307,12,25],"class_list":{"0":"post-567576","1":"post","2":"type-post","3":"status-publish","4":"format-standard","5":"has-post-thumbnail","7":"category-lille","8":"tag-actu","9":"tag-actualites","10":"tag-eu","11":"tag-europe","12":"tag-fr","13":"tag-france","14":"tag-hauts-de-france","15":"tag-lille","16":"tag-news","17":"tag-republique-francaise"},"share_on_mastodon":{"url":"https:\/\/pubeurope.com\/@fr\/115635372934616259","error":""},"_links":{"self":[{"href":"https:\/\/www.europesays.com\/fr\/wp-json\/wp\/v2\/posts\/567576","targetHints":{"allow":["GET"]}}],"collection":[{"href":"https:\/\/www.europesays.com\/fr\/wp-json\/wp\/v2\/posts"}],"about":[{"href":"https:\/\/www.europesays.com\/fr\/wp-json\/wp\/v2\/types\/post"}],"author":[{"embeddable":true,"href":"https:\/\/www.europesays.com\/fr\/wp-json\/wp\/v2\/users\/2"}],"replies":[{"embeddable":true,"href":"https:\/\/www.europesays.com\/fr\/wp-json\/wp\/v2\/comments?post=567576"}],"version-history":[{"count":0,"href":"https:\/\/www.europesays.com\/fr\/wp-json\/wp\/v2\/posts\/567576\/revisions"}],"wp:featuredmedia":[{"embeddable":true,"href":"https:\/\/www.europesays.com\/fr\/wp-json\/wp\/v2\/media\/567577"}],"wp:attachment":[{"href":"https:\/\/www.europesays.com\/fr\/wp-json\/wp\/v2\/media?parent=567576"}],"wp:term":[{"taxonomy":"category","embeddable":true,"href":"https:\/\/www.europesays.com\/fr\/wp-json\/wp\/v2\/categories?post=567576"},{"taxonomy":"post_tag","embeddable":true,"href":"https:\/\/www.europesays.com\/fr\/wp-json\/wp\/v2\/tags?post=567576"}],"curies":[{"name":"wp","href":"https:\/\/api.w.org\/{rel}","templated":true}]}}