{"id":567578,"date":"2025-11-29T22:35:16","date_gmt":"2025-11-29T22:35:16","guid":{"rendered":"https:\/\/www.europesays.com\/fr\/567578\/"},"modified":"2025-11-29T22:35:16","modified_gmt":"2025-11-29T22:35:16","slug":"mon-role-cest-celui-de-fraterniser","status":"publish","type":"post","link":"https:\/\/www.europesays.com\/fr\/567578\/","title":{"rendered":"\u00ab Mon r\u00f4le, c\u2019est celui de fraterniser \u00bb"},"content":{"rendered":"\n<p><b>La Marseillaise<\/b><b>\u00a0<\/b><b>: <\/b><b>Pourquoi le th\u00e8me de la fraternit\u00e9 est-il au c\u0153ur d\u2019un certain nombre de vos titres depuis 65<\/b><b>\u00a0<\/b><b>ans et le d\u00e9but de votre carri\u00e8re<\/b><b>\u00a0<\/b><b>?<\/b><\/p>\n<p><b>Hugues Aufray<\/b><b>\u00a0<\/b><b>:<\/b> Si j\u2019ai chant\u00e9 \u00e7a, c\u2019est que cela a toujours occup\u00e9 la totalit\u00e9 de mon esprit. Pas en tant que chanteur mais en tant qu\u2019\u00eatre humain. Lorsque j\u2019\u00e9tais plus jeune, je voulais faire de la sculpture et je ne me destinais pas du tout \u00e0 la chanson. Malgr\u00e9 tout, quand j\u2019\u00e9tais jeune, j\u2019aimais beaucoup chanter \u00e0 l\u2019\u00e9glise, en chorale car j\u2019ai fait ma scolarit\u00e9 chez les cur\u00e9s, les Dominicains. Nous chantions alors \u00e9norm\u00e9ment. On avait un professeur de musique qui nous transmettait cela d\u2019une fa\u00e7on incroyable. Il s\u2019appelait Monsieur Bach. C\u2019\u00e9tait un descendant de Jean-S\u00e9bastien Bach qui tenait les orgues de l\u2019\u00e9cole de Sor\u00e8ze [commune du Tarn o\u00f9 il est \u00e9lev\u00e9 par sa m\u00e8re pendant la guerre, jusqu\u2019en 1945, Ndlr].<\/p>\n<p><b>L\u2019amour de la musique vous est donc venu en m\u00eame temps que la religion ?<\/b><\/p>\n<p><b>H.A.<\/b><b>\u00a0<\/b><b>: <\/b>Chez moi, la musique \u00e9tait li\u00e9e au christianisme. Moi, je suis chr\u00e9tien non pratiquant. Je suis agnostique. Je sais que les valeurs fondamentales de l\u2019humanisme, on les retrouve dans le christianisme\u00a0: la fraternit\u00e9, la lutte contre le racisme&#8230; Apr\u00e8s l\u2019aspect n\u00e9gatif de la religion, c\u2019est sa politisation. Ils ont mis de la politique dans les religions, aussi bien dans l\u2019islam que le juda\u00efsme et le christianisme. Mais, \u00e0 l\u2019origine, si ces religions sont diff\u00e9rentes, elles ont quand m\u00eame le point commun de ne croire qu\u2019en un seul dieu, ce qui ne fait donc pour moi aucune diff\u00e9rence entre elles.<\/p>\n<p><b>Votre r\u00e9pertoire est aussi marqu\u00e9 par le voyage. D\u2019o\u00f9 provient-il ?<\/b><\/p>\n<p><b>H.A.<\/b><b>\u00a0<\/b><b>: <\/b>J\u2019ai toujours eu envie de voyager mais je n\u2019en avais pas les moyens quand j\u2019\u00e9tais jeune. C\u2019\u00e9tait alors la guerre, l\u2019avenir \u00e9tait sombre. Un peu plus tard, j\u2019ai eu le r\u00eave am\u00e9ricain en t\u00eate. Je lisais des bouquins de Mark Twain et j\u2019\u00e9tais aussi attir\u00e9 par leur amour pour la musique.<\/p>\n<p><b>Dans les ann\u00e9es 1960, vous rencontrez d\u2019ailleurs Bob Dylan et faites partie des premiers Fran\u00e7ais<br \/>\u00e0 adapter ses chansons, voire<br \/>l\u2019un des premiers \u00e0 populariser<br \/>dans l\u2019Hexagone ce type de r\u00e9pertoire anglo-saxon&#8230;<\/b><\/p>\n<p><b>H.A.<\/b><b>\u00a0<\/b><b>: <\/b>\u00c0 la base, j\u2019ai traduit les chansons de Bob Dylan car je ne comprenais pas ce qu\u2019il disait. Les gens ont souvent per\u00e7u cela comme de la facilit\u00e9 mais moi, quand j\u2019\u00e9tais jeune, je n\u2019avais pas du tout l\u2019intention d\u2019\u00e9crire des chansons. Apr\u00e8s, pour revenir \u00e0 mon go\u00fbt pour l\u2019Am\u00e9rique, il est aussi n\u00e9 car c\u2019\u00e9tait \u00e0 l\u2019origine une terre d\u2019immigr\u00e9s qui y ont emmen\u00e9 avec eux leurs musiques respectives. La musique am\u00e9ricaine est n\u00e9e de la plus grande migration de l\u2019humanit\u00e9\u00a0: celle qui vient d\u2019Afrique car il y a eu la d\u00e9portation de tous ces malheureux, noirs, esclaves. Au contact des chr\u00e9tiens et protestants qui y ont cr\u00e9\u00e9 des temples, les noirs ont mis tout leur g\u00e9nie pour transformer ces musiques et en faire le blues, le gospel, puis le swing, le jazz&#8230; Une histoire d\u2019h\u00e9ritage et de m\u00e9tissage.<\/p>\n<p><b>En 1966, \u00e0 Paris, vous faites partie d\u2019artistes qui chantent lors du premier concert fran\u00e7ais contre le racisme, devant Martin Luther King&#8230;<\/b><\/p>\n<p><b>H.A.<\/b><b>\u00a0<\/b><b>: <\/b>Oui j\u2019ai chant\u00e9 Les crayons de couleur [adaptation du titre What color (is a man), Ndlr]. J\u2019ai eu l\u2019occasion de lui parler un peu mais je ne pratiquais pas bien l\u2019anglais. J\u2019\u00e9tais un enfant de nature dyslexique. J\u2019ai eu beaucoup de difficult\u00e9s lors de ma scolarit\u00e9. Je n\u2019ai commenc\u00e9 \u00e0 lire couramment le fran\u00e7ais qu\u2019\u00e0 l\u2019\u00e2ge de 11\u00a0ans. Les premiers livres en anglais que j\u2019ai lus, c\u2019\u00e9tait Mark Twain, Le livre de la jungle de Rudyard Kipling&#8230; Lors du concert contre le racisme, les gens ont expliqu\u00e9 \u00e0 Martin Luther King qui j\u2019\u00e9tais. J\u2019avais d\u00e9j\u00e0 la trentaine. Moi, mon r\u00f4le, c\u2019est de fraterniser. Et ce que je crois \u00eatre juste, je le dis dans mes chansons.<\/p>\n<p><b>La fraternit\u00e9 et le voyage irriguent aussi et surtout, votre premier tube \u00ab<\/b><b>\u00a0<\/b><b>Santiano<\/b><b>\u00a0<\/b><b>\u00bb, sorti en 1961. Une reprise d\u2019un chant de marins irlandais, lui-m\u00eame repris par la suite par<br \/>les supporters de l\u2019OM au<br \/>stade V\u00e9lodrome (\u00ab<\/b><b>\u00a0<\/b><b>Hissez haut,<br \/>les drapeaux<\/b><b>\u00a0<\/b><b>\u00bb)&#8230;<\/b><\/p>\n<p><b>H.A.<\/b><b>\u00a0<\/b><b>: <\/b>Enfant, j\u2019avais le r\u00eave d\u2019aller aux \u00c9tats-Unis, o\u00f9 la musique populaire \u00e9tait consid\u00e9r\u00e9e et merveilleuse. Je m\u2019en suis inspir\u00e9 sans savoir que j\u2019allais par la suite avoir tout ce succ\u00e8s. Mais, aujourd\u2019hui, quand vous me d\u00eetes qu\u2019ils chantent Santiano pendant les matchs de l\u2019OM, je pense que c\u2019est cela ma r\u00e9ussite. Tout comme quand j\u2019entends plein d\u2019enfants chanter encore Hasta luego, C\u00e9line, Stewball et bien d\u2019autres. \u00c7a me touche. L\u2019enfance, c\u2019est quelque chose de capital. Et Santiano, c\u2019est aussi un titre qui est chant\u00e9 \u00e0 chaque match par les supporters de l\u2019\u00e9quipe de rugby de La Rochelle.<\/p>\n","protected":false},"excerpt":{"rendered":"La Marseillaise\u00a0: Pourquoi le th\u00e8me de la fraternit\u00e9 est-il au c\u0153ur d\u2019un certain nombre de vos titres depuis&hellip;\n","protected":false},"author":2,"featured_media":567579,"comment_status":"","ping_status":"","sticky":false,"template":"","format":"standard","meta":{"footnotes":""},"categories":[2814],"tags":[4405,1111,11,1777,674,1011,27,884,12,882,25],"class_list":{"0":"post-567578","1":"post","2":"type-post","3":"status-publish","4":"format-standard","5":"has-post-thumbnail","7":"category-marseille","8":"tag-weekend","9":"tag-actu","10":"tag-actualites","11":"tag-eu","12":"tag-europe","13":"tag-fr","14":"tag-france","15":"tag-marseille","16":"tag-news","17":"tag-provence-alpes-cote-dazur","18":"tag-republique-francaise"},"share_on_mastodon":{"url":"https:\/\/pubeurope.com\/@fr\/115635376970022138","error":""},"_links":{"self":[{"href":"https:\/\/www.europesays.com\/fr\/wp-json\/wp\/v2\/posts\/567578","targetHints":{"allow":["GET"]}}],"collection":[{"href":"https:\/\/www.europesays.com\/fr\/wp-json\/wp\/v2\/posts"}],"about":[{"href":"https:\/\/www.europesays.com\/fr\/wp-json\/wp\/v2\/types\/post"}],"author":[{"embeddable":true,"href":"https:\/\/www.europesays.com\/fr\/wp-json\/wp\/v2\/users\/2"}],"replies":[{"embeddable":true,"href":"https:\/\/www.europesays.com\/fr\/wp-json\/wp\/v2\/comments?post=567578"}],"version-history":[{"count":0,"href":"https:\/\/www.europesays.com\/fr\/wp-json\/wp\/v2\/posts\/567578\/revisions"}],"wp:featuredmedia":[{"embeddable":true,"href":"https:\/\/www.europesays.com\/fr\/wp-json\/wp\/v2\/media\/567579"}],"wp:attachment":[{"href":"https:\/\/www.europesays.com\/fr\/wp-json\/wp\/v2\/media?parent=567578"}],"wp:term":[{"taxonomy":"category","embeddable":true,"href":"https:\/\/www.europesays.com\/fr\/wp-json\/wp\/v2\/categories?post=567578"},{"taxonomy":"post_tag","embeddable":true,"href":"https:\/\/www.europesays.com\/fr\/wp-json\/wp\/v2\/tags?post=567578"}],"curies":[{"name":"wp","href":"https:\/\/api.w.org\/{rel}","templated":true}]}}