{"id":567582,"date":"2025-11-29T22:37:25","date_gmt":"2025-11-29T22:37:25","guid":{"rendered":"https:\/\/www.europesays.com\/fr\/567582\/"},"modified":"2025-11-29T22:37:25","modified_gmt":"2025-11-29T22:37:25","slug":"13-hectares-vont-verdir-la-ville-cet-hiver","status":"publish","type":"post","link":"https:\/\/www.europesays.com\/fr\/567582\/","title":{"rendered":"13 hectares vont verdir la ville cet hiver"},"content":{"rendered":"<p>Comme chaque ann\u00e9e entre novembre et mars, collectivit\u00e9s et services techniques se pr\u00e9parent \u00e0 planter massivement pour acc\u00e9l\u00e9rer la v\u00e9g\u00e9talisation du territoire, un engagement politique central de l\u2019actuelle majorit\u00e9.<\/p>\n<p>Dans l&rsquo;agglom\u00e9ration et la ville-centre, les chantiers de renaturation doivent transformer des espaces tr\u00e8s min\u00e9raux en v\u00e9ritables \u00eelots de fra\u00eecheur. \u00a0<\/p>\n<p>Symbole de cette strat\u00e9gie : le vaste programme de renaturation du quartier de la Part-Dieu. D\u2019ici fin d\u00e9cembre, 7 hectares d\u2019espaces publics paysagers auront \u00e9t\u00e9 livr\u00e9s entre l\u2019avenue Lacassagne et la rue Garibaldi, dans un secteur historiquement domin\u00e9 par le b\u00e9ton.<\/p>\n<p>Le chantier phare reste le bois de la Part-Dieu, dont 1,2 hectare deviendra un espace naturel dense, comprenant 2 600 m\u00b2 de surfaces v\u00e9g\u00e9talis\u00e9es, 3 strates v\u00e9g\u00e9tales, et \u00e0 terme une faune et une flore vari\u00e9es. Au total, seront plant\u00e9s 143 arbres, 706 jeunes plants, 2395 arbustes et plus de 16 000 plantes vivaces.<\/p>\n<p>L\u2019am\u00e9nagement int\u00e9grera \u00e9galement bancs, fontaines, \u00e9clairage adapt\u00e9 \u00e0 la biodiversit\u00e9, kiosque \u00e0 journaux et nouveaux cheminements pi\u00e9tons. Le co\u00fbt global atteint 5,22 millions d\u2019euros. \u00a0<\/p>\n<p><strong>79 op\u00e9rations de v\u00e9g\u00e9talisation cet hiver<\/strong><\/p>\n<p>Au-del\u00e0 de la Part-Dieu, la Ville poursuit son objectif : cr\u00e9er de la pleine terre \u00ab\u00a0partout o\u00f9 c\u2019est possible\u00a0\u00bb.<br \/>De novembre \u00e0 mars, 79 op\u00e9rations seront men\u00e9es pour v\u00e9g\u00e9taliser plus de 13 hectares : plantations d\u2019alignement, vergers urbains, rues v\u00e9g\u00e9talis\u00e9es, fa\u00e7ades et voiries renatur\u00e9es. \u00a0<\/p>\n<p>Le week-end du 22 novembre, 2000 arbres ont ainsi \u00e9t\u00e9 distribu\u00e9s gratuitement aux habitants poss\u00e9dant un jardin. Cette ann\u00e9e, 4,4 km de haies seront plant\u00e9s et 7000 arbres rejoindront les for\u00eats urbaines de Feyzin et de Caluire-et-Cuire. \u00a0<\/p>\n<p>Les deux collectivit\u00e9s d\u00e9fendent une m\u00eame doctrine : utiliser les \u00ab\u00a0solutions fond\u00e9es sur la nature\u00a0\u00bb pour lutter contre les effets du r\u00e9chauffement climatique.<\/p>\n","protected":false},"excerpt":{"rendered":"Comme chaque ann\u00e9e entre novembre et mars, collectivit\u00e9s et services techniques se pr\u00e9parent \u00e0 planter massivement pour acc\u00e9l\u00e9rer&hellip;\n","protected":false},"author":2,"featured_media":567583,"comment_status":"","ping_status":"","sticky":false,"template":"","format":"standard","meta":{"footnotes":""},"categories":[1889],"tags":[1111,11,2813,2190,2430,1109,251,1112,2811,1777,674,118,1011,27,1922,1110,1114,2428,2810,12,241,316,25,2812,517,800],"class_list":{"0":"post-567582","1":"post","2":"type-post","3":"status-publish","4":"format-standard","5":"has-post-thumbnail","7":"category-lyon","8":"tag-actu","9":"tag-actualites","10":"tag-article","11":"tag-asvel","12":"tag-auvergne-rhone-alpes","13":"tag-breves","14":"tag-culture","15":"tag-depeches","16":"tag-economique","17":"tag-eu","18":"tag-europe","19":"tag-faits-divers","20":"tag-fr","21":"tag-france","22":"tag-info","23":"tag-informations","24":"tag-infos","25":"tag-lyon","26":"tag-lyonmag","27":"tag-news","28":"tag-ol","29":"tag-politique","30":"tag-republique-francaise","31":"tag-sociale","32":"tag-sport","33":"tag-transports"},"share_on_mastodon":{"url":"https:\/\/pubeurope.com\/@fr\/115635384828401973","error":""},"_links":{"self":[{"href":"https:\/\/www.europesays.com\/fr\/wp-json\/wp\/v2\/posts\/567582","targetHints":{"allow":["GET"]}}],"collection":[{"href":"https:\/\/www.europesays.com\/fr\/wp-json\/wp\/v2\/posts"}],"about":[{"href":"https:\/\/www.europesays.com\/fr\/wp-json\/wp\/v2\/types\/post"}],"author":[{"embeddable":true,"href":"https:\/\/www.europesays.com\/fr\/wp-json\/wp\/v2\/users\/2"}],"replies":[{"embeddable":true,"href":"https:\/\/www.europesays.com\/fr\/wp-json\/wp\/v2\/comments?post=567582"}],"version-history":[{"count":0,"href":"https:\/\/www.europesays.com\/fr\/wp-json\/wp\/v2\/posts\/567582\/revisions"}],"wp:featuredmedia":[{"embeddable":true,"href":"https:\/\/www.europesays.com\/fr\/wp-json\/wp\/v2\/media\/567583"}],"wp:attachment":[{"href":"https:\/\/www.europesays.com\/fr\/wp-json\/wp\/v2\/media?parent=567582"}],"wp:term":[{"taxonomy":"category","embeddable":true,"href":"https:\/\/www.europesays.com\/fr\/wp-json\/wp\/v2\/categories?post=567582"},{"taxonomy":"post_tag","embeddable":true,"href":"https:\/\/www.europesays.com\/fr\/wp-json\/wp\/v2\/tags?post=567582"}],"curies":[{"name":"wp","href":"https:\/\/api.w.org\/{rel}","templated":true}]}}