{"id":567586,"date":"2025-11-29T22:40:37","date_gmt":"2025-11-29T22:40:37","guid":{"rendered":"https:\/\/www.europesays.com\/fr\/567586\/"},"modified":"2025-11-29T22:40:37","modified_gmt":"2025-11-29T22:40:37","slug":"de-nouvelles-communes-dile-de-france-labellisees-villes-et-villages-fleuris","status":"publish","type":"post","link":"https:\/\/www.europesays.com\/fr\/567586\/","title":{"rendered":"De nouvelles communes d\u2019Ile-de-France labellis\u00e9es \u00ab Villes et Villages Fleuris \u00bb"},"content":{"rendered":"<p>L\u2018agence de promotion de l\u2019Ile-de-France Choose Paris Region a organis\u00e9, lundi, la 39e \u00e9dition de la c\u00e9r\u00e9monie de remise des prix du label \u00ab Villes et Villages Fleuris \u00bb dans la r\u00e9gion. Prix qui r\u00e9compensent l\u2019engagement des communes franciliennes en faveur du fleurissement de leurs espaces publics, de l\u2019excellence paysag\u00e8re de leur cadre de vie, de la biodiversit\u00e9 et de la gestion \u00e9cologique de leurs espaces verts.<\/p>\n<p><strong>105 communes visit\u00e9es<\/strong><\/p>\n<p>\u00ab Le label Villes et Villages Fleuris illustre la volont\u00e9 des communes franciliennes de b\u00e2tir un avenir plus vert \u00bb, r\u00e9sume Hamida Rezeg, d\u00e9l\u00e9gu\u00e9e sp\u00e9ciale en charge du Tourisme au Conseil r\u00e9gional et pr\u00e9sidente du jury r\u00e9gional. Cette 39e \u00e9dition r\u00e9compense ainsi des projets \u00ab qui transforment durablement nos paysages urbains et ruraux, tout en renfor\u00e7ant le lien entre les habitants et leur environnement \u00bb, ajoute la conseill\u00e8re r\u00e9gionale.<\/p>\n<p>Pour pouvoir d\u00e9cerner ces prix, le jury r\u00e9gional a sillonn\u00e9 la r\u00e9gion et visit\u00e9 105 communes cette ann\u00e9e. Des communes \u00e9valu\u00e9es sur la mise en valeur de leurs espaces publics par des am\u00e9nagements paysagers \u00ab coh\u00e9rents \u00bb, l\u2019entretien de leur patrimoine v\u00e9g\u00e9tal, leur engagement en faveur de pratiques respectueuses de l\u2019environnement, et leurs initiatives locales en mati\u00e8re d\u2019animation et de sensibilisation.<\/p>\n<p>Parmi 105 communes, 55 ont ainsi \u00e9t\u00e9 distingu\u00e9es pour leurs actions \u00ab exemplaires \u00bb en mati\u00e8re de fleurissement, de biodiversit\u00e9 et de valorisation du cadre de vie, avec 12 attributions d\u2019une 1\u00e8re fleur, 20 d\u2019une 2e fleur, 8 d\u2019une 3e fleur, un accessit au concours national (proposition \u00e0 la 4e fleur) et 14 prix sp\u00e9ciaux r\u00e9gionaux.<\/p>\n<p><strong>Les laur\u00e9ats<\/strong><\/p>\n<p>Ont d\u00e9croch\u00e9 une 1\u00e8re fleur, les communes de Bussy-Saint-Georges, Jouy-sur-Morin, Obsonville, Rozay-en-Brie, Rubelles, Thorigny-sur-Marne (Seine-et-Marne), \u00c9vecquemont, M\u00e9r\u00e9 (Yvelines), Nerville-la-For\u00eat (Val-d\u2019Oise), Gentilly, Noiseau et Ormesson-sur-Marne (Val-de-Marne).<\/p>\n<p>La 2e fleur a, elle, \u00e9t\u00e9 attribu\u00e9e aux communes d\u2019Ablon-sur-Seine, Bry-sur-Marne, Champigny-sur-Marne, Villejuif (Val-de-Marne), Champagne-sur-Seine, Cond\u00e9-Sainte-Libiaire, Esbly, Mitry-Mory, Saint-Soupplets, Saint-Germain-sur-Morin, Vernou-la-Celle-sur-Seine (Seine-et-Marne), Crespi\u00e8res, Jouy-en-Josas, Sailly, Vaux-sur-Seine (Yvelines), Epinay-sous-S\u00e9nart, Igny, Savigny-sur-Orge (Essonne), Longuesse et Montmorency (Val-d\u2019Oise).<\/p>\n<p>Quant \u00e0 la 3e fleur, elle s\u2019affiche d\u00e9sormais \u00e0 Coupvray (Seine-et-Marne), Bezons, Jouy-le-Moutier (Val-d\u2019Oise), Le Perreux-sur-Marne, Orly (Val-de-Marne), S\u00e8vres (Hauts-de-Seine), Verneuil-sur-Seine et Villennes-sur-Seine (Yvelines). Enfin, Saint-Germain-en-Laye (Yvelines) d\u00e9croche un accessit au concours national (pour la 4e fleur).<\/p>\n<p>Si 16 nouvelles communes franciliennes affichent le label \u00ab Villes et Villages Fleuris \u00bb, au total, 363 participent \u00e0 la d\u00e9marche de cette labellisation dans la r\u00e9gion.<\/p>\n","protected":false},"excerpt":{"rendered":"L\u2018agence de promotion de l\u2019Ile-de-France Choose Paris Region a organis\u00e9, lundi, la 39e \u00e9dition de la c\u00e9r\u00e9monie de&hellip;\n","protected":false},"author":2,"featured_media":567587,"comment_status":"","ping_status":"","sticky":false,"template":"","format":"standard","meta":{"footnotes":""},"categories":[1592],"tags":[68260,68261,68262,68263,33646,1111,11,68264,2085,68265,30201,68266,68267,14770,68268,68269,68270,436,68271,68272,21659,28516,1936,1777,674,13541,1011,27,7937,68274,3314,68275,662,68276,68277,68278,35110,40158,24586,68279,68281,68280,68282,12,20413,68283,16483,38712,626,2141,25,68284,68285,68286,30586,68287,68288,12652,1937,68289,68290,68273,2292,1125,68291,68292,68293,12653,68294,1938],"class_list":{"0":"post-567586","1":"post","2":"type-post","3":"status-publish","4":"format-standard","5":"has-post-thumbnail","7":"category-ile-de-france","8":"tag-1u00e8re-fleur","9":"tag-2e-fleur","10":"tag-39e-u00e9dition","11":"tag-3e-fleur","12":"tag-ablon-sur-seine","13":"tag-actu","14":"tag-actualites","15":"tag-bezons","16":"tag-biodiversitu00e9","17":"tag-bry-sur-marne","18":"tag-bussy-saint-georges","19":"tag-cadre-de-vie","20":"tag-champagne-sur-seine","21":"tag-champigny-sur-marne","22":"tag-condu00e9-sainte-libiaire","23":"tag-coupvray","24":"tag-crespiu00e8res","25":"tag-environnement","26":"tag-epinay-sous-su00e9nart","27":"tag-esbly","28":"tag-espaces-verts","29":"tag-espaces-publics","30":"tag-essonne","31":"tag-eu","32":"tag-europe","33":"tag-fleurissement","34":"tag-fr","35":"tag-france","36":"tag-gentilly","37":"tag-gestion-u00e9cologique","38":"tag-hauts-de-seine","39":"tag-igny","40":"tag-ile-de-france","41":"tag-jouy-en-josas","42":"tag-jouy-le-moutier","43":"tag-jouy-sur-morin","44":"tag-label","45":"tag-labellisation","46":"tag-le-perreux-sur-marne","47":"tag-longuesse-et-montmorency","48":"tag-mitry-mory","49":"tag-mu00e9ru00e9","50":"tag-nerville-la-foru00eat","51":"tag-news","52":"tag-noiseau","53":"tag-obsonville","54":"tag-orly","55":"tag-ormesson-sur-marne","56":"tag-paris","57":"tag-prix","58":"tag-republique-francaise","59":"tag-rozay-en-brie","60":"tag-rubelles","61":"tag-sailly","62":"tag-saint-germain-en-laye","63":"tag-saint-germain-sur-morin","64":"tag-saint-soupplets","65":"tag-savigny-sur-orge","66":"tag-seine-et-marne","67":"tag-su00e8vres","68":"tag-thorigny-sur-marne","69":"tag-u00c9vecquemont","70":"tag-val-doise","71":"tag-val-de-marne","72":"tag-vaux-sur-seine","73":"tag-verneuil-sur-seine-et-villennes-sur-seine","74":"tag-vernou-la-celle-sur-seine","75":"tag-villejuif","76":"tag-villes-et-villages-fleuris","77":"tag-yvelines"},"share_on_mastodon":{"url":"","error":"Validation failed: Text character limit of 500 exceeded"},"_links":{"self":[{"href":"https:\/\/www.europesays.com\/fr\/wp-json\/wp\/v2\/posts\/567586","targetHints":{"allow":["GET"]}}],"collection":[{"href":"https:\/\/www.europesays.com\/fr\/wp-json\/wp\/v2\/posts"}],"about":[{"href":"https:\/\/www.europesays.com\/fr\/wp-json\/wp\/v2\/types\/post"}],"author":[{"embeddable":true,"href":"https:\/\/www.europesays.com\/fr\/wp-json\/wp\/v2\/users\/2"}],"replies":[{"embeddable":true,"href":"https:\/\/www.europesays.com\/fr\/wp-json\/wp\/v2\/comments?post=567586"}],"version-history":[{"count":0,"href":"https:\/\/www.europesays.com\/fr\/wp-json\/wp\/v2\/posts\/567586\/revisions"}],"wp:featuredmedia":[{"embeddable":true,"href":"https:\/\/www.europesays.com\/fr\/wp-json\/wp\/v2\/media\/567587"}],"wp:attachment":[{"href":"https:\/\/www.europesays.com\/fr\/wp-json\/wp\/v2\/media?parent=567586"}],"wp:term":[{"taxonomy":"category","embeddable":true,"href":"https:\/\/www.europesays.com\/fr\/wp-json\/wp\/v2\/categories?post=567586"},{"taxonomy":"post_tag","embeddable":true,"href":"https:\/\/www.europesays.com\/fr\/wp-json\/wp\/v2\/tags?post=567586"}],"curies":[{"name":"wp","href":"https:\/\/api.w.org\/{rel}","templated":true}]}}