{"id":567591,"date":"2025-11-29T22:43:11","date_gmt":"2025-11-29T22:43:11","guid":{"rendered":"https:\/\/www.europesays.com\/fr\/567591\/"},"modified":"2025-11-29T22:43:11","modified_gmt":"2025-11-29T22:43:11","slug":"paris-une-exposition-organisee-pour-celebrer-la-diversite-dun-quartier-pres-de-montmartre","status":"publish","type":"post","link":"https:\/\/www.europesays.com\/fr\/567591\/","title":{"rendered":"Paris : une exposition organis\u00e9e pour c\u00e9l\u00e9brer la \u00ab diversit\u00e9 \u00bb d\u2019un quartier pr\u00e8s de Montmartre"},"content":{"rendered":"<p class=\"p1\">Une exposition sous le signe de la \u00ab diversit\u00e9 \u00bb. Vingt jeunes issues du quartier de la Goutte d\u2019Or \u00e0 <a href=\"https:\/\/www.valeursactuelles.com\/tag\/paris\" target=\"_blank\" rel=\"noopener\">Paris<\/a> ont \u00e9t\u00e9 photographi\u00e9s et leur portrait sont \u00e0 d\u00e9couvrir au pied de Montmartre, sur les grilles du square qui monte au <a href=\"https:\/\/www.valeursactuelles.com\/clubvaleurs\/societe\/film-sacre-coeur-soyons-fiers-de-notre-pays-et-de-ses-racines-chretiennes-declare-sabrina-gunnell\" target=\"_blank\" rel=\"noopener\">Sacr\u00e9-C\u0153ur.<\/a><\/p>\n<p class=\"p1\">Une douzaine de panneaux pr\u00e9sentant l\u2019exposition \u00ab\u00a0\u00c9chos d\u2019espoir\u00a0\u00bb montrent des jeunes femmes portant le voile islamique, jeunes hommes en qamis. Des portraits qui laissent songeurs les riverains et les touristes.<\/p>\n<blockquote class=\"twitter-tweet\">\n<p dir=\"ltr\" lang=\"fr\">\ud83d\udd34\ud83c\uddeb\ud83c\uddf7 \ud835\uddd9\ud835\udddf\ud835\uddd4\ud835\udde6\ud835\udddb \ud835\udddc\ud835\udde1\ud835\uddd9\ud835\udde2 \u2014 Pol\u00e9mique apr\u00e8s une exposition install\u00e9e devant le Sacr\u00e9-C\u0153ur \u00e0 Montmartre et pr\u00e9sent\u00e9e comme repr\u00e9sentant \u00ab la jeunesse \u00bb.<\/p>\n<p>Les photos expos\u00e9es montrent exclusivement des jeunes issus de la \u00ab diversit\u00e9 \u00bb : jeunes femmes portant le voile islamique,\u2026 <a href=\"https:\/\/t.co\/Pt0R2lCfKi\">pic.twitter.com\/Pt0R2lCfKi<\/a><\/p>\n<p>\u2014 Bastion (@BastionMediaFR) <a href=\"https:\/\/twitter.com\/BastionMediaFR\/status\/1993436261626081327?ref_src=twsrc%5Etfw\" target=\"_blank\" rel=\"noopener\">November 25, 2025<\/a><\/p>\n<\/blockquote>\n<p>\u00ab\u00a0Qu\u2019est-ce qui cloche chez vous ?\u00a0\u00bb<\/p>\n<p class=\"p1\">\u00ab C\u2019est sympathique, mais ils ne repr\u00e9sentent aucunement ce quartier, il faut bien le dire\u2026 il n\u2019y a pas un Blanc ! \u00bb, raconte une riveraine au <a href=\"https:\/\/www.lejdd.fr\/Societe\/paris-une-exposition-sur-la-diversite-divise-les-riverains-a-montmartre-164520\" target=\"_blank\" rel=\"nofollow noopener\">JDD<\/a> tandis qu\u2019un couple e d\u2019Am\u00e9ricains est plus critique : \u00ab What is wrong with you, France ? \u00bb \u2013 \u00ab Qu\u2019est-ce qui cloche chez vous ? \u00bb<\/p>\n<p class=\"p1\">\u00c0 d\u00e9faut de pouvoir d\u00e9chiffrer les textes r\u00e9dig\u00e9s en fran\u00e7ais, ces touristes sont heurt\u00e9s par les portraits du photographe Cebos Nalcakan qui dit vouloir lutter\u00a0\u00ab\u00a0contre les st\u00e9r\u00e9otypes n\u00e9gatifs\u00a0\u00bb\u2026 mais les entretient pourtant en affichant qamis et voiles.<\/p>\n<p class=\"p1\">\u00ab L\u2019exposition c\u00e9l\u00e8bre la diversit\u00e9 des trajectoires et offre un regard positif et inspirant sur le quartier et ses habitants \u00bb, vante la mairie du 18\u1d49, qui a soutenu le projet, comme d\u2019autres institutions, parmi lesquelles Paris Habitat, <a href=\"https:\/\/www.valeursactuelles.com\/societe\/la-sncf-et-la-ratp-rejettent-la-campagne-daffichage-du-film-sacre-coeur-jugee-confessionnelle-et-proselyte\" target=\"_blank\" rel=\"noopener\">la RATP<\/a>, la Caf et la Fondation BNP Paribas.<\/p>\n<p>                                                                    <script async src=\"https:\/\/platform.twitter.com\/widgets.js\" charset=\"utf-8\"><\/script><\/p>\n","protected":false},"excerpt":{"rendered":"Une exposition sous le signe de la \u00ab diversit\u00e9 \u00bb. Vingt jeunes issues du quartier de la Goutte&hellip;\n","protected":false},"author":2,"featured_media":567592,"comment_status":"","ping_status":"","sticky":false,"template":"","format":"standard","meta":{"footnotes":""},"categories":[1888],"tags":[11,17963,1777,674,3293,1011,27,12,626,2745,25,61084],"class_list":{"0":"post-567591","1":"post","2":"type-post","3":"status-publish","4":"format-standard","5":"has-post-thumbnail","7":"category-paris","8":"tag-actualites","9":"tag-diversite","10":"tag-eu","11":"tag-europe","12":"tag-exposition","13":"tag-fr","14":"tag-france","15":"tag-news","16":"tag-paris","17":"tag-photo","18":"tag-republique-francaise","19":"tag-sacre-coeur"},"share_on_mastodon":{"url":"https:\/\/pubeurope.com\/@fr\/115635408513567743","error":""},"_links":{"self":[{"href":"https:\/\/www.europesays.com\/fr\/wp-json\/wp\/v2\/posts\/567591","targetHints":{"allow":["GET"]}}],"collection":[{"href":"https:\/\/www.europesays.com\/fr\/wp-json\/wp\/v2\/posts"}],"about":[{"href":"https:\/\/www.europesays.com\/fr\/wp-json\/wp\/v2\/types\/post"}],"author":[{"embeddable":true,"href":"https:\/\/www.europesays.com\/fr\/wp-json\/wp\/v2\/users\/2"}],"replies":[{"embeddable":true,"href":"https:\/\/www.europesays.com\/fr\/wp-json\/wp\/v2\/comments?post=567591"}],"version-history":[{"count":0,"href":"https:\/\/www.europesays.com\/fr\/wp-json\/wp\/v2\/posts\/567591\/revisions"}],"wp:featuredmedia":[{"embeddable":true,"href":"https:\/\/www.europesays.com\/fr\/wp-json\/wp\/v2\/media\/567592"}],"wp:attachment":[{"href":"https:\/\/www.europesays.com\/fr\/wp-json\/wp\/v2\/media?parent=567591"}],"wp:term":[{"taxonomy":"category","embeddable":true,"href":"https:\/\/www.europesays.com\/fr\/wp-json\/wp\/v2\/categories?post=567591"},{"taxonomy":"post_tag","embeddable":true,"href":"https:\/\/www.europesays.com\/fr\/wp-json\/wp\/v2\/tags?post=567591"}],"curies":[{"name":"wp","href":"https:\/\/api.w.org\/{rel}","templated":true}]}}