{"id":567593,"date":"2025-11-29T22:44:22","date_gmt":"2025-11-29T22:44:22","guid":{"rendered":"https:\/\/www.europesays.com\/fr\/567593\/"},"modified":"2025-11-29T22:44:22","modified_gmt":"2025-11-29T22:44:22","slug":"merci-daimer-encore-cette-oeuvre","status":"publish","type":"post","link":"https:\/\/www.europesays.com\/fr\/567593\/","title":{"rendered":"\u201cMerci d\u2019aimer encore cette \u0153uvre\u201d"},"content":{"rendered":"<p>                                    <img decoding=\"async\" src=\"https:\/\/www.europesays.com\/fr\/wp-content\/uploads\/2025\/11\/879e558df55f443d6e91e22aac4484ce18d8cc8c50586662b1e8d2993d4c7a2c.jpg\" alt=\"H\u00e9l\u00e8ne Segara\u00a0: Musique, Vie Priv\u00e9e, Enfance... Ce qu'il faut conna\u00eetre\" class=\"a11y-hidden\" fetchpriority=\"high\"\/><\/p>\n<p class=\"fig-standfirst\">\n    Pour une soir\u00e9e exceptionnelle diffus\u00e9e en prime ce samedi 29 novembre sur M6, la troupe du spectacle Notre-Dame de Paris est remont\u00e9e sur sc\u00e8ne pour f\u00eater les 25 ans du show. \u00c0 la fin du concert \u00e9v\u00e9nement, certains d\u2019entre eux ont \u00e9t\u00e9 submerg\u00e9s par l\u2019\u00e9motion, \u00e0 l\u2019image d\u2019H\u00e9l\u00e8ne S\u00e9gara.<\/p>\n<p class=\"fig-paragraph\">Un tournage riche en \u00e9motions\u00a0! Pr\u00e8s de 25 ans apr\u00e8s le lancement de Notre-Dame de Paris, l\u2019int\u00e9gralit\u00e9 du casting original de la com\u00e9die musicale a eu le bonheur de se retrouver le temps d\u2019une soir\u00e9e exceptionnelle sur sc\u00e8ne. Face \u00e0 5.000 personnes venues les applaudir.\u00a0<a href=\"https:\/\/www.gala.fr\/l_actu\/news_de_stars\/quand-lorie-se-confiait-sur-son-idylle-avec-garou-c-etait-le-celibataire-convoite-par-toutes-les-filles-20251109\" target=\"_blank\" data-fig-type=\"Article\" rel=\"sponsored noopener\" data-gtm-custom-categorie=\"navigation\" data-gtm-custom-action=\"crossclick\" data-gtm-custom-label=\"Contextuel\" data-gtm-event=\"customEventSPE\" data-fig-domain=\"GALA\">Garou<\/a>,\u00a0<a href=\"https:\/\/www.gala.fr\/l_actu\/news_de_stars\/patrick-fiori-fait-de-rares-confidences-sur-ses-fils-je-les-soutiens-avant-tout-20250818\" target=\"_blank\" data-fig-type=\"Article\" rel=\"sponsored noopener\" data-gtm-custom-categorie=\"navigation\" data-gtm-custom-action=\"crossclick\" data-gtm-custom-label=\"Contextuel\" data-gtm-event=\"customEventSPE\" data-fig-domain=\"GALA\">Patrick Fiori<\/a>,\u00a0<a href=\"https:\/\/www.gala.fr\/l_actu\/news_de_stars\/bruno-pelletier-que-devient-le-chanteur-de-la-comedie-musicale-notre-dame-de-paris_499627\" target=\"_blank\" data-fig-type=\"Article\" rel=\"sponsored noopener\" data-gtm-custom-categorie=\"navigation\" data-gtm-custom-action=\"crossclick\" data-gtm-custom-label=\"Contextuel\" data-gtm-event=\"customEventSPE\" data-fig-domain=\"GALA\">Bruno Pelletier<\/a>, H\u00e9l\u00e8ne S\u00e9gara,\u00a0<a href=\"https:\/\/www.gala.fr\/l_actu\/news_de_stars\/daniel-lavoie-tres-heureux-depuis-son-mariage-avec-yulia-il-evoque-leur-rencontre-des-plus-romantiques-en-italie-20251124\" target=\"_blank\" data-fig-type=\"Article\" rel=\"sponsored noopener\" data-gtm-custom-categorie=\"navigation\" data-gtm-custom-action=\"crossclick\" data-gtm-custom-label=\"Contextuel\" data-gtm-event=\"customEventSPE\" data-fig-domain=\"GALA\">Daniel Lavoie<\/a>\u00a0et Julie Zenatti ont retrouv\u00e9 leurs personnages\u00a0: Quasimodo, Esmeralda, Frollo, Ph\u0153bus et Fleur de Lys. \u00c0 la fin du tournage, au moment de saluer pour la derni\u00e8re fois le public, les artistes ont pris tour \u00e0 tour la parole afin de les remercier de leur soutien et de leur amour.<\/p>\n<p class=\"fig-paragraph\">\u00abIl y a 25 ans, on n\u2019aurait jamais pu imaginer que Notre-Dame de Paris voyagerait aussi loin et pourtant&#8230; Gr\u00e2ce \u00e0 vous, notre histoire a travers\u00e9 le temps et les fronti\u00e8res, merci\u00a0!\u00bb, a assur\u00e9 Garou, fou de joie. De son c\u00f4t\u00e9, H\u00e9l\u00e8ne S\u00e9gara en a profit\u00e9 pour remercier Luc Plamondon et Richard Cocciante pour leur brillant travail sur le spectacle. \u00abMerci d\u2019aimer encore cette \u0153uvre\u00bb, a-t-elle gliss\u00e9 avec son micro,\u00a0<a href=\"https:\/\/www.gala.fr\/l_actu\/news_de_stars\/helene-segara-en-larmes-en-evoquant-les-epreuves-de-la-vie-je-suis-fiere-de-tout-ce-que-j-ai-traverse-20251122\" target=\"_blank\" data-fig-type=\"Article\" rel=\"sponsored noopener\" data-gtm-custom-categorie=\"navigation\" data-gtm-custom-action=\"crossclick\" data-gtm-custom-label=\"Contextuel\" data-gtm-event=\"customEventSPE\" data-fig-domain=\"GALA\">en pleurant \u00e0 chaudes larmes sous les applaudissements de plusieurs milliers de personnes<\/a>. Face \u00e0 cette \u00e9motion,\u00a0<a href=\"https:\/\/www.gala.fr\/l_actu\/news_de_stars\/julie-zenatti-a-bien-failli-mettre-un-terme-a-sa-carriere-pour-moi-le-message-etait-clair-20250813\" target=\"_blank\" data-fig-type=\"Article\" rel=\"sponsored noopener\" data-gtm-custom-categorie=\"navigation\" data-gtm-custom-action=\"crossclick\" data-gtm-custom-label=\"Contextuel\" data-gtm-event=\"customEventSPE\" data-fig-domain=\"GALA\">Julie Zenatti a pris sa camarade dans ses bras<\/a>, une belle fa\u00e7on de ponctuer ce tournage m\u00e9morable. La chanteuse a d\u2019ailleurs confi\u00e9 \u00e0 Gala.fr que ses retrouvailles avec l\u2019\u00e9quipe de la com\u00e9die musicale ont \u00e9t\u00e9 un moment dont elle est particuli\u00e8rement fi\u00e8re cette ann\u00e9e et dont elle garde un magnifique souvenir.<\/p>\n<p>    Notre-Dame de Paris, les Grandes Retrouvailles &#8211; le samedi 29 novembre \u00e0 21h10 sur M6.<br \/>\n                Marc Olivier HUARD \/ COMEDIHA<\/p>\n<p>                                                                <a href=\"#slideshow-header\"><\/p>\n<p class=\"fig-slideshow__title\">\n                    PHOTOS &#8211; H\u00e9l\u00e8ne S\u00e9gara\u00a0: de Notre-Dame de Paris \u00e0 aujourd&rsquo;hui, son \u00e9volution physique\n                <\/p>\n<p>    <\/a><br \/>\n                                                                <a class=\"fig-a11y-skip\" href=\"#fig-a11y-skip-main-inarticle\" data-module=\"a11y-skip\" data-context=\"was @visible\"><br \/>\n    Passer la publicit\u00e9<br \/>\n<\/a>            <\/p>\n<p>                                                                Notre-Dame de Paris, les retrouvailles\u00a0: que s\u2019est-il pass\u00e9 lors de cette soir\u00e9e \u00e9v\u00e9nement\u00a0?<\/p>\n<p class=\"fig-paragraph\">Tout au long de l\u2019\u00e9mission, la troupe de Notre-Dame de Paris a interpr\u00e9t\u00e9 les tubes de la com\u00e9die musicale comme Le Temps des Cath\u00e9drales, Belle, Vivre, D\u00e9chir\u00e9 ou encore F\u00eate des Fous et Danse mon Esmeralda. Des surprises ont \u00e9galement rythm\u00e9 le tournage avec les pr\u00e9sences exceptionnelles de\u00a0<a href=\"https:\/\/www.gala.fr\/l_actu\/news_de_stars\/damien-sargue-et-cecilia-cara-toujours-proches-20-ans-apres-romeo-et-juliette-on-ne-sest-jamais-quittes_547932\" target=\"_blank\" data-fig-type=\"Article\" rel=\"sponsored noopener\" data-gtm-custom-categorie=\"navigation\" data-gtm-custom-action=\"crossclick\" data-gtm-custom-label=\"Contextuel\" data-gtm-event=\"customEventSPE\" data-fig-domain=\"GALA\">Damien Sargue<\/a>,\u00a0<a href=\"https:\/\/www.gala.fr\/l_actu\/news_de_stars\/the_voice_saison_7_angelo_del_vecchio_ancien_quasimodo_comme_garou_parmi_les_candidats_408884\" target=\"_blank\" data-fig-type=\"Article\" rel=\"sponsored noopener\" data-gtm-custom-categorie=\"navigation\" data-gtm-custom-action=\"crossclick\" data-gtm-custom-label=\"Contextuel\" data-gtm-event=\"customEventSPE\" data-fig-domain=\"GALA\">Angelo Del Vecchio<\/a>\u00a0et Gian Marco Schiaretti, les chanteurs actuels de la troupe. Ils ont \u00e9galement retrouv\u00e9 Natasha St-Pier,\u00a0<a href=\"https:\/\/www.gala.fr\/l_actu\/news_de_stars\/je-vais-vous-surprendre-natasha-st-pier-revele-pourquoi-elle-a-demande-la-nationalite-francaise-20251120\" target=\"_blank\" data-fig-type=\"Article\" rel=\"sponsored noopener\" data-gtm-custom-categorie=\"navigation\" data-gtm-custom-action=\"crossclick\" data-gtm-custom-label=\"Contextuel\" data-gtm-event=\"customEventSPE\" data-fig-domain=\"GALA\">qui a incarn\u00e9 le r\u00f4le de Fleur de Lys<\/a>.<\/p>\n","protected":false},"excerpt":{"rendered":"Pour une soir\u00e9e exceptionnelle diffus\u00e9e en prime ce samedi 29 novembre sur M6, la troupe du spectacle Notre-Dame&hellip;\n","protected":false},"author":2,"featured_media":567594,"comment_status":"","ping_status":"","sticky":false,"template":"","format":"standard","meta":{"footnotes":""},"categories":[1888],"tags":[11,2704,2889,19816,1777,674,1011,27,38075,19024,494,12,3341,626,25,3140],"class_list":{"0":"post-567593","1":"post","2":"type-post","3":"status-publish","4":"format-standard","5":"has-post-thumbnail","7":"category-paris","8":"tag-actualites","9":"tag-chanteuse","10":"tag-emission","11":"tag-emotion","12":"tag-eu","13":"tag-europe","14":"tag-fr","15":"tag-france","16":"tag-helene-segara","17":"tag-larmes","18":"tag-m6","19":"tag-news","20":"tag-notre-dame-de-paris","21":"tag-paris","22":"tag-republique-francaise","23":"tag-spectacle"},"share_on_mastodon":{"url":"https:\/\/pubeurope.com\/@fr\/115635413819900352","error":""},"_links":{"self":[{"href":"https:\/\/www.europesays.com\/fr\/wp-json\/wp\/v2\/posts\/567593","targetHints":{"allow":["GET"]}}],"collection":[{"href":"https:\/\/www.europesays.com\/fr\/wp-json\/wp\/v2\/posts"}],"about":[{"href":"https:\/\/www.europesays.com\/fr\/wp-json\/wp\/v2\/types\/post"}],"author":[{"embeddable":true,"href":"https:\/\/www.europesays.com\/fr\/wp-json\/wp\/v2\/users\/2"}],"replies":[{"embeddable":true,"href":"https:\/\/www.europesays.com\/fr\/wp-json\/wp\/v2\/comments?post=567593"}],"version-history":[{"count":0,"href":"https:\/\/www.europesays.com\/fr\/wp-json\/wp\/v2\/posts\/567593\/revisions"}],"wp:featuredmedia":[{"embeddable":true,"href":"https:\/\/www.europesays.com\/fr\/wp-json\/wp\/v2\/media\/567594"}],"wp:attachment":[{"href":"https:\/\/www.europesays.com\/fr\/wp-json\/wp\/v2\/media?parent=567593"}],"wp:term":[{"taxonomy":"category","embeddable":true,"href":"https:\/\/www.europesays.com\/fr\/wp-json\/wp\/v2\/categories?post=567593"},{"taxonomy":"post_tag","embeddable":true,"href":"https:\/\/www.europesays.com\/fr\/wp-json\/wp\/v2\/tags?post=567593"}],"curies":[{"name":"wp","href":"https:\/\/api.w.org\/{rel}","templated":true}]}}