{"id":567606,"date":"2025-11-29T22:53:19","date_gmt":"2025-11-29T22:53:19","guid":{"rendered":"https:\/\/www.europesays.com\/fr\/567606\/"},"modified":"2025-11-29T22:53:19","modified_gmt":"2025-11-29T22:53:19","slug":"taxer-les-riches-cest-totalement-indecent-cet-accaparement-de-la-richesse-par-quelques-uns-au-detriment-du-reste-de-la-population-denonce-cette-eurodeputee","status":"publish","type":"post","link":"https:\/\/www.europesays.com\/fr\/567606\/","title":{"rendered":"Taxer les riches\u00a0: \u00ab\u00a0C\u2019est totalement ind\u00e9cent cet accaparement de la richesse par quelques-uns au d\u00e9triment du reste de la population\u00a0\u00bb, d\u00e9nonce cette eurod\u00e9put\u00e9e"},"content":{"rendered":"<p>Selon la Banque Centrale Europ\u00e9enne au premier trimestre 2025, les 5% les plus riches en Europe d\u00e9tiennent 45% de la richesse nette. Un record sur le vieux continent qui enjoint les responsables politiques \u00e0 se saisir de la question. Le d\u00e9put\u00e9 Belge du Groupe Renew, Yvan Vergoustraete<strong>\u00a0<\/strong>estime que \u00ab cr\u00e9er de la richesse est \u00e0 l\u2019avantage de tout le monde \u00e0 condition que chacun fasse sa part, c\u2019est \u00e7a l\u2019essentiel \u00bb. \u00ab Je pense que \u00e7a n\u2019a aucun sens de stigmatiser les plus riches, poursuit-il, l\u2019important c\u2019est que ces plus riches puissent contribuer au bien-\u00eatre commun. \u00c7a a \u00e9t\u00e9 le cas en Belgique longtemps \u00bb.<\/p>\n<p><strong>Vers une taxe Zucman europ\u00e9enne\u00a0?<\/strong><\/p>\n<p>En France, le d\u00e9bat s\u2019est enflamm\u00e9 sur une proposition visant \u00e0 imposer \u00e0 hauteur de 2% les patrimoines d\u00e9passant 100 millions d\u2019euros\u2026 Pour Marina Mesure, \u00ab\u00a0il ne s\u2019agit pas d\u2019une confiscation\u00a0\u00bb. L\u2019eurod\u00e9put\u00e9e rappelle que selon certains sondages \u00ab\u00a085% de la population en France soutient cette taxe Zucman, parce qu\u2019elle comprend qu\u2019il y a un probl\u00e8me d\u2019accaparement de la richesse par quelques-uns et qu\u2019ils doivent plus contribuer au bien commun\u00a0\u00bb.<\/p>\n<p>Son homologue belge n\u2019est pas ferm\u00e9 \u00e0 une telle hypoth\u00e8se, marquant une divergence avec son groupe parlementaire\u00a0: \u00ab\u00a0J\u2019ai l\u2019impression que ce d\u00e9bat est tr\u00e8s polaris\u00e9 et tr\u00e8s id\u00e9ologique en France vu de Belgique.\u00a0Je ne dirais pas que c\u2019est une taxe Zucman d\u2019ailleurs, c\u2019est un plancher qui garantit que chacun fasse sa contribution et \u00e0 cet \u00e9gard-l\u00e0 je peux le comprendre. Nous d\u00e9fendons la globalisation des revenus\u00a0\u00bb. \u00ab\u00a0En effet quand vous gagnez de l\u2019argent \u00e0 la sueur de votre front, il n\u2019y a pas de raison qu\u2019il soit plus tax\u00e9 que l\u2019argent qui est r\u00e9alis\u00e9 avec de l\u2019argent [NDLR\u00a0: autrement dit par sp\u00e9culation]\u00a0\u00bb analyse-t-il.<\/p>\n<p>Cette taxe permettrait de renflouer les caisses de l\u2019Union Europ\u00e9enne de 67 milliards d\u2019euros par an, mais se heurte aux enjeux de comp\u00e9titivit\u00e9 sur le sol europ\u00e9en.<\/p>\n<p><strong>L\u2019harmonisation fiscale, un enjeu europ\u00e9en<\/strong><\/p>\n<p>Un autre moyen de renforcer les ressources europ\u00e9ennes r\u00e9side dans l\u2019uniformisation de certaines r\u00e8gles fiscales \u00e0 l\u2019ensemble des \u00c9tats membres. Sur ce point Yvan Vergoustraete estime que\u00a0\u00ab\u00a0c\u2019est un des p\u00e9ch\u00e9s originels de l\u2019Europe\u00a0: notre incapacit\u00e9 \u00e0 avoir une harmonisation au sein de l\u2019Union\u00a0\u00bb. Cette h\u00e9t\u00e9rog\u00e9n\u00e9it\u00e9 des l\u00e9gislations entra\u00eene de facto des concurrences entre pays pour attirer les entreprises. Sur ce point, la volont\u00e9 de taxer les multinationales \u00e0 hauteur de 15% se manifeste de plus en plus.<\/p>\n<p>Mais une telle d\u00e9cision requiert une adoption \u00e0 l\u2019unanimit\u00e9 au sein du Conseil puisque la fiscalit\u00e9 reste li\u00e9e \u00e0 la souverainet\u00e9 de chaque \u00c9tat. L\u2019eurod\u00e9put\u00e9e de gauche Marina Mesure d\u00e9fend par cons\u00e9quent un changement de r\u00e8gles dans le processus d\u00e9cisionnel : \u00ab Nous avons d\u00e9fendu de passer de l\u2019unanimit\u00e9 \u00e0 la majorit\u00e9 qualifi\u00e9e sur les questions fiscales, parce que vous avez aujourd\u2019hui des paradis fiscaux en Europe \u00bb\u2026 Le d\u00e9bat reste ouvert.<\/p>\n<p>L\u2019\u00e9mission est \u00e0 retrouver en int\u00e9gralit\u00e9 <a href=\"https:\/\/www.publicsenat.fr\/emission\/ici-leurope\/ici-leurope-e13-1\" target=\"_blank\" rel=\"noopener\">ici<\/a>.<\/p>\n","protected":false},"excerpt":{"rendered":"Selon la Banque Centrale Europ\u00e9enne au premier trimestre 2025, les 5% les plus riches en Europe d\u00e9tiennent 45%&hellip;\n","protected":false},"author":2,"featured_media":567607,"comment_status":"","ping_status":"","sticky":false,"template":"","format":"standard","meta":{"footnotes":""},"categories":[1586],"tags":[11,1777,674,1779,1011,27,12,25,1778,364],"class_list":{"0":"post-567606","1":"post","2":"type-post","3":"status-publish","4":"format-standard","5":"has-post-thumbnail","7":"category-europe","8":"tag-actualites","9":"tag-eu","10":"tag-europe","11":"tag-european-union","12":"tag-fr","13":"tag-france","14":"tag-news","15":"tag-republique-francaise","16":"tag-ue","17":"tag-union-europeenne"},"share_on_mastodon":{"url":"https:\/\/pubeurope.com\/@fr\/115635447697252824","error":""},"_links":{"self":[{"href":"https:\/\/www.europesays.com\/fr\/wp-json\/wp\/v2\/posts\/567606","targetHints":{"allow":["GET"]}}],"collection":[{"href":"https:\/\/www.europesays.com\/fr\/wp-json\/wp\/v2\/posts"}],"about":[{"href":"https:\/\/www.europesays.com\/fr\/wp-json\/wp\/v2\/types\/post"}],"author":[{"embeddable":true,"href":"https:\/\/www.europesays.com\/fr\/wp-json\/wp\/v2\/users\/2"}],"replies":[{"embeddable":true,"href":"https:\/\/www.europesays.com\/fr\/wp-json\/wp\/v2\/comments?post=567606"}],"version-history":[{"count":0,"href":"https:\/\/www.europesays.com\/fr\/wp-json\/wp\/v2\/posts\/567606\/revisions"}],"wp:featuredmedia":[{"embeddable":true,"href":"https:\/\/www.europesays.com\/fr\/wp-json\/wp\/v2\/media\/567607"}],"wp:attachment":[{"href":"https:\/\/www.europesays.com\/fr\/wp-json\/wp\/v2\/media?parent=567606"}],"wp:term":[{"taxonomy":"category","embeddable":true,"href":"https:\/\/www.europesays.com\/fr\/wp-json\/wp\/v2\/categories?post=567606"},{"taxonomy":"post_tag","embeddable":true,"href":"https:\/\/www.europesays.com\/fr\/wp-json\/wp\/v2\/tags?post=567606"}],"curies":[{"name":"wp","href":"https:\/\/api.w.org\/{rel}","templated":true}]}}