{"id":567608,"date":"2025-11-29T22:54:14","date_gmt":"2025-11-29T22:54:14","guid":{"rendered":"https:\/\/www.europesays.com\/fr\/567608\/"},"modified":"2025-11-29T22:54:14","modified_gmt":"2025-11-29T22:54:14","slug":"suivez-asse-ecotay-moingt-ecotay-moingt-sauve-lhonneur-dans-un-chaudron-bouillant-le-progres","status":"publish","type":"post","link":"https:\/\/www.europesays.com\/fr\/567608\/","title":{"rendered":"Suivez ASSE &#8211; Ecotay-Moingt : Ecotay-Moingt sauve l&#039;honneur dans un Chaudron bouillant &#8211; Le Progr\u00e8s"},"content":{"rendered":"<ol>\n<li><a href=\"https:\/\/news.google.com\/rss\/articles\/CBMiowFBVV95cUxQWUtHUUhPa0swN3g2THI1UGt5Mm43U1h6ZE1vbXpaWXNkc1dSeDFwZGg5VEVQOUFiSTFsdjZTbHZvM1FkUXBIRl9sd3pXUEJ0RzJ4VUZBZnlLZWNVTXd2N0RfM0ZxSHNFZVhDQzZpclg3UWlNc2dsLVkzVnBORnB6RWJqTGt3WlZ4QXJxTUZteG1faC1KNlZXbXdHVHpFVEZXUk4w?oc=5\" target=\"_blank\" rel=\"noopener\">Suivez ASSE &#8211; Ecotay-Moingt : Ecotay-Moingt sauve l&rsquo;honneur dans un Chaudron bouillant<\/a>&nbsp;&nbsp;Le Progr\u00e8s<\/li>\n<li><a href=\"https:\/\/news.google.com\/rss\/articles\/CBMiiAFBVV95cUxQUzBZYkZGYUpqT3B0MmN6ZjVKVFREemdGYzl1am1jaEttS2h1UzNpcmpMUTlVT3VSOW13REUxUDJiVWtTVHF3T09XcS12a28xT3lDSlNISmpZTkxIN1dJZ3dVZU5rS1dhNXBzVWFYWXUzTWVwXy1zc2ljTXVMcGp5cUUyQ3VjNW9M?oc=5\" target=\"_blank\" rel=\"noopener\">La f\u00eate du football lig\u00e9rien, et la qualif&rsquo; !<\/a>&nbsp;&nbsp;ASSE<\/li>\n<li><a href=\"https:\/\/news.google.com\/rss\/articles\/CBMiiAFBVV95cUxNZm1iREpvQlA1LXdDS3E1Nk12Y2I2WGhzcUxoajQ5cHQwT254Uk9JV3BsdkVhcm1NNm9XTjhFVUpveXRCcWxwRHk2ZFNBc3BuSWhqN0hPUlUxa0F3Nm10ZDJGUVhuVFRWYWVrOGNmV0FzVUZzR0FERlVKWVdZbWFFZ0tmZXY2U2xM?oc=5\" target=\"_blank\" rel=\"noopener\">L\u2019\u00e9norme carton de l\u2019ASSE<\/a>&nbsp;&nbsp;Sports.fr<\/li>\n<li><a href=\"https:\/\/news.google.com\/rss\/articles\/CBMiqwJBVV95cUxQRGZJa3BqWENGNFdUR2t5V21ydGRtLW1aeE1FdW9iLWozMWF5VWRmdXp6ei1aNXh1dlRfSnN2QjY0TThCSFVGakVXbE5CWEpUUDl1OENPbEZDOUhka21scUNRRDRrSV9aT1R6YzVWM3czbVcwbmpLWGVqT0p4WUlTZ1ZBX3l0SXc3TmNJcHctbGVJa0FzeXBKSHBBVTZWR1dvbVRHMG8wTFQzOUptdHVwTmtlb0RObWxyYzRoM3BuT3IyQ3pBdW9GSG94WWRjb2pwSEF6d3dwNTUzRzktYmk1NWV3TGdGVU9NZTdFWnVELUlQa0dsZVRNb05sQzFQdmJVajJZT2lVc2dVNzVhTUo2UWc2M3pvWmV6NWV4aWx4a19EcFhrRXVFYXFqNA?oc=5\" target=\"_blank\" rel=\"noopener\">\u00ab\u00a0Des \u00e9toiles dans les yeux\u00a0\u00bb: la belle histoire derri\u00e8re l&rsquo;affiche de Coupe de France entre les voisins Ecotay-Moingt et Saint-\u00c9tienne<\/a>&nbsp;&nbsp;RMC Sport<\/li>\n<li><a href=\"https:\/\/news.google.com\/rss\/articles\/CBMi_wFBVV95cUxQMU43S0NvV1duNWxIVkpmREZzajB4SGgzVEE1RG5ZS2xreThCRkJUUWpvM1VQcGctcUk2bzRYSGpDcWx5aXRIVWdnOHZFY25WRy1sTlpnMGRuODRXeVd1WktPNU9yeEdod011SFctZGJkb29rZXpobXhVZ1hUMzhPOXVaZThveE5Qd3U3OVh0RWVLSm5wV1FhakZldF85V2ZVYVNxOERCXzhuUk9NTmJuRC1Fc2pSMEptZXBCcjlxWXNra0x5WGxnSXlEQ3lPWVRNZE9WNFF6dFRxU08wdmVHejN4YVJYUS1mb190UTBBc09NYnFXQV9yVkgyeWdNY1E?oc=5\" target=\"_blank\" rel=\"noopener\">11-1 : Les Verts pulv\u00e9risent le Petit Poucet d&rsquo;Ecotay-Moingt<\/a>&nbsp;&nbsp;Eurosport<\/li>\n<\/ol>\n","protected":false},"excerpt":{"rendered":"Suivez ASSE &#8211; Ecotay-Moingt : Ecotay-Moingt sauve l&rsquo;honneur dans un Chaudron bouillant&nbsp;&nbsp;Le Progr\u00e8s La f\u00eate du football lig\u00e9rien,&hellip;\n","protected":false},"author":2,"featured_media":567609,"comment_status":"","ping_status":"","sticky":false,"template":"","format":"standard","meta":{"footnotes":""},"categories":[2],"tags":[11,4000,15922,68296,7359,7539,107,63,1011,27,4002,3367,68297,7357,12,25,4001,517],"class_list":{"0":"post-567608","1":"post","2":"type-post","3":"status-publish","4":"format-standard","5":"has-post-thumbnail","7":"category-actualites","8":"tag-actualites","9":"tag-asse-as-saint-etienne-football","10":"tag-coupe-de-france-de-football","11":"tag-ecotay-lolme","12":"tag-edition-loire-centre","13":"tag-edition-loire-sud","14":"tag-fil-info","15":"tag-football","16":"tag-fr","17":"tag-france","18":"tag-haute-loire","19":"tag-loire","20":"tag-moingt","21":"tag-montbrison","22":"tag-news","23":"tag-republique-francaise","24":"tag-saint-etienne","25":"tag-sport"},"share_on_mastodon":{"url":"https:\/\/pubeurope.com\/@fr\/115635451642001549","error":""},"_links":{"self":[{"href":"https:\/\/www.europesays.com\/fr\/wp-json\/wp\/v2\/posts\/567608","targetHints":{"allow":["GET"]}}],"collection":[{"href":"https:\/\/www.europesays.com\/fr\/wp-json\/wp\/v2\/posts"}],"about":[{"href":"https:\/\/www.europesays.com\/fr\/wp-json\/wp\/v2\/types\/post"}],"author":[{"embeddable":true,"href":"https:\/\/www.europesays.com\/fr\/wp-json\/wp\/v2\/users\/2"}],"replies":[{"embeddable":true,"href":"https:\/\/www.europesays.com\/fr\/wp-json\/wp\/v2\/comments?post=567608"}],"version-history":[{"count":0,"href":"https:\/\/www.europesays.com\/fr\/wp-json\/wp\/v2\/posts\/567608\/revisions"}],"wp:featuredmedia":[{"embeddable":true,"href":"https:\/\/www.europesays.com\/fr\/wp-json\/wp\/v2\/media\/567609"}],"wp:attachment":[{"href":"https:\/\/www.europesays.com\/fr\/wp-json\/wp\/v2\/media?parent=567608"}],"wp:term":[{"taxonomy":"category","embeddable":true,"href":"https:\/\/www.europesays.com\/fr\/wp-json\/wp\/v2\/categories?post=567608"},{"taxonomy":"post_tag","embeddable":true,"href":"https:\/\/www.europesays.com\/fr\/wp-json\/wp\/v2\/tags?post=567608"}],"curies":[{"name":"wp","href":"https:\/\/api.w.org\/{rel}","templated":true}]}}