{"id":567612,"date":"2025-11-29T22:56:10","date_gmt":"2025-11-29T22:56:10","guid":{"rendered":"https:\/\/www.europesays.com\/fr\/567612\/"},"modified":"2025-11-29T22:56:10","modified_gmt":"2025-11-29T22:56:10","slug":"trente-trois-scientifiques-arrivent-en-france-ce-nest-quun-debut","status":"publish","type":"post","link":"https:\/\/www.europesays.com\/fr\/567612\/","title":{"rendered":"\u00ab Trente-trois scientifiques arrivent en France, ce n\u2019est qu\u2019un d\u00e9but \u00bb"},"content":{"rendered":"<p><strong>LA TRIBUNE DIMANCHE \u2014\u00a0Six mois apr\u00e8s le lancement du programme <a href=\"https:\/\/www.latribune.fr\/article\/economie\/2756626076661914\/choose-france-des-investissements-bien-maigres-dans-un-contexte-de-forte-instabilite-economique\" target=\"_blank\" rel=\"noopener\">Choose France<\/a>, quel bilan faites-vous du dispositif\u2009?<br \/><\/strong><strong>PHILIPPE BAPTISTE \u2014<\/strong>\u00a0Trente-trois scientifiques vont rejoindre les \u00e9tablissements fran\u00e7ais gr\u00e2ce au financement de Choose France. Ils incarnent l\u2019excellence de la recherche, ce sont des dossiers de tr\u00e8s haut niveau venant des toutes meilleures universit\u00e9s mondiales. Il y avait une part de risque en lan\u00e7ant ce programme mais, quand on voit la diversit\u00e9 et la qualit\u00e9 des profils, c\u2019est une vraie r\u00e9ussite. Le dispositif a mis un peu de temps \u00e0 se mettre en place\u2009; c\u2019est normal, parce qu\u2019on parle de personnes, de familles qui vont changer de vie, de continent, de pays, mais c\u2019est bien l\u2019attractivit\u00e9 de la France qui est pos\u00e9e \u00e0 travers ce programme et on peut \u00eatre rassur\u00e9s \u00e0 ce niveau-l\u00e0.<\/p>\n","protected":false},"excerpt":{"rendered":"LA TRIBUNE DIMANCHE \u2014\u00a0Six mois apr\u00e8s le lancement du programme Choose France, quel bilan faites-vous du dispositif\u2009?PHILIPPE BAPTISTE&hellip;\n","protected":false},"author":2,"featured_media":567613,"comment_status":"","ping_status":"","sticky":false,"template":"","format":"standard","meta":{"footnotes":""},"categories":[4],"tags":[17,11,32390,22972,1011,27,68298,3102,3784,5201,12,6284,61133,959,25,4513,14743,68299],"class_list":{"0":"post-567612","1":"post","2":"type-post","3":"status-publish","4":"format-standard","5":"has-post-thumbnail","7":"category-france","8":"tag-17","9":"tag-actualites","10":"tag-arrivent","11":"tag-baptiste","12":"tag-fr","13":"tag-france","14":"tag-lenseignement","15":"tag-la-tribune-dimanche","16":"tag-ministre","17":"tag-nest","18":"tag-news","19":"tag-philippe","20":"tag-quun","21":"tag-recherche","22":"tag-republique-francaise","23":"tag-scientifiques","24":"tag-superieur","25":"tag-trente-trois"},"share_on_mastodon":{"url":"https:\/\/pubeurope.com\/@fr\/115635459549924430","error":""},"_links":{"self":[{"href":"https:\/\/www.europesays.com\/fr\/wp-json\/wp\/v2\/posts\/567612","targetHints":{"allow":["GET"]}}],"collection":[{"href":"https:\/\/www.europesays.com\/fr\/wp-json\/wp\/v2\/posts"}],"about":[{"href":"https:\/\/www.europesays.com\/fr\/wp-json\/wp\/v2\/types\/post"}],"author":[{"embeddable":true,"href":"https:\/\/www.europesays.com\/fr\/wp-json\/wp\/v2\/users\/2"}],"replies":[{"embeddable":true,"href":"https:\/\/www.europesays.com\/fr\/wp-json\/wp\/v2\/comments?post=567612"}],"version-history":[{"count":0,"href":"https:\/\/www.europesays.com\/fr\/wp-json\/wp\/v2\/posts\/567612\/revisions"}],"wp:featuredmedia":[{"embeddable":true,"href":"https:\/\/www.europesays.com\/fr\/wp-json\/wp\/v2\/media\/567613"}],"wp:attachment":[{"href":"https:\/\/www.europesays.com\/fr\/wp-json\/wp\/v2\/media?parent=567612"}],"wp:term":[{"taxonomy":"category","embeddable":true,"href":"https:\/\/www.europesays.com\/fr\/wp-json\/wp\/v2\/categories?post=567612"},{"taxonomy":"post_tag","embeddable":true,"href":"https:\/\/www.europesays.com\/fr\/wp-json\/wp\/v2\/tags?post=567612"}],"curies":[{"name":"wp","href":"https:\/\/api.w.org\/{rel}","templated":true}]}}